{"id":8582,"date":"2024-04-02T07:33:27","date_gmt":"2024-04-02T10:33:27","guid":{"rendered":"http:\/\/superinteressantes.com.br\/index.php\/2024\/04\/02\/agencia-minas-gerais-em-tempo-real-der-disponibiliza-nova-ferramenta-de-consulta-sobre-condicoes-das-rodovias-estaduais\/"},"modified":"2024-04-02T07:33:27","modified_gmt":"2024-04-02T10:33:27","slug":"agencia-minas-gerais-em-tempo-real-der-disponibiliza-nova-ferramenta-de-consulta-sobre-condicoes-das-rodovias-estaduais","status":"publish","type":"post","link":"https:\/\/superinteressantes.com.br\/index.php\/2024\/04\/02\/agencia-minas-gerais-em-tempo-real-der-disponibiliza-nova-ferramenta-de-consulta-sobre-condicoes-das-rodovias-estaduais\/","title":{"rendered":"Ag\u00eancia Minas Gerais | Em tempo real, DER disponibiliza nova ferramenta de consulta sobre condi\u00e7\u00f5es das rodovias estaduais"},"content":{"rendered":"<p><\/p>\n<div>\n<section class=\"news-related \/ col-md-4 col-lg-3 \/ margin-md-bottom-2 margin-left-1 \/ pull-right \/ hidden-xs hidden-sm\">\n<header>\n<p class=\"text-title-section \/ margin-bottom-1\">Relacionadas<\/p>\n<\/header>\n<p>\t\t\t\t\t\t\t<main><\/p>\n<hr class=\"row margin-md-bottom-2\"\/>\n\t\t\t\t\t\t\t<\/main><br \/>\n\t\t\t\t\t\t<\/section>\n<p>Os usu\u00e1rios das vias estaduais mineiras contam, a partir de agora, com uma nova ferramenta de consulta sobre as condi\u00e7\u00f5es da malha rodovi\u00e1ria sob responsabilidade do Estado.<\/p>\n<p dir=\"ltr\">O Departamento de Estradas de Rodagem de Minas Gerais (DER-MG) adotou um novo sistema de mapeamento e monitoramento das ocorr\u00eancias nas rodovias que tornar\u00e1 as viagens mais seguras. Por meio de um mapa, antes de come\u00e7ar a viagem, o motorista poder\u00e1 verificar o tipo de ocorr\u00eancia registrada em determinado ponto do trajeto e visualizar as fotos daquele local.<\/p>\n<figure class=\"image\" style=\"float:left\">&#13;<figcaption><em><sup>DER \/ Divulga\u00e7\u00e3o<\/sup><\/em><\/figcaption>&#13;<br \/>\n<\/figure>\n<p dir=\"ltr\">Estar\u00e3o disponibilizados no mapa os pontos de interrup\u00e7\u00e3o total, os locais em meia pista, os trechos com variantes, quando aquele incidente ocorreu e, tamb\u00e9m, a previs\u00e3o de conclus\u00e3o do reparo.\u00a0<\/p>\n<p dir=\"ltr\">Tudo isso ficar\u00e1 dispon\u00edvel no site www.der.mg.gov.br e o cidad\u00e3o poder\u00e1 conferir as intercorr\u00eancias em tempo real. Em uma pr\u00f3xima etapa, todas as informa\u00e7\u00f5es do mapa ser\u00e3o integradas \u00e0s plataformas de mobilidade.<\/p>\n<p dir=\"ltr\">As informa\u00e7\u00f5es contidas no mapa que o motorista pode consultar, s\u00e3o inseridas por meio de aplicativo por servidores do DER-MG, que atuam nas 40 Unidades Regionais, e percorrem diariamente as rodovias mineiras de todo o estado de Minas de Gerais.\u00a0<\/p>\n<p dir=\"ltr\">Al\u00e9m das informa\u00e7\u00f5es dispon\u00edveis para o cidad\u00e3o sobre as condi\u00e7\u00f5es das rodovias, os dados coletados em campo passam a favorecer o planejamento dos investimentos em infraestrutura vi\u00e1ria e trazem mais transpar\u00eancia para os usu\u00e1rios.<\/p>\n<p dir=\"ltr\">O aplicativo facilita, ainda, o mapeamento das ocorr\u00eancias mais constantes em determinado trecho e aponta as medidas priorit\u00e1rias de manuten\u00e7\u00e3o e conserva\u00e7\u00e3o das vias, o que acarreta mais efici\u00eancia ao uso dos recursos p\u00fablicos.<\/p>\n<p dir=\"ltr\">\u201cAntes esse tipo de cadastro era realizado de forma mais sist\u00eamica e muito mais trabalhosa. Hoje, a equipe que vai a campo consegue registrar as ocorr\u00eancias com o celular na m\u00e3o, mesmo que esteja offline, e, em poucos minutos, a informa\u00e7\u00e3o chega em nosso sistema gerencial e no painel da transpar\u00eancia\u201d, explica Rodrigo Colares, respons\u00e1vel pela Assessoria Estrat\u00e9gica do DER-MG.<\/p>\n<\/p><\/div>\n","protected":false},"excerpt":{"rendered":"<p>Relacionadas Os usu\u00e1rios das vias estaduais mineiras contam, a partir de agora, com uma nova ferramenta de consulta sobre as condi\u00e7\u00f5es da malha rodovi\u00e1ria sob responsabilidade do Estado. O Departamento de Estradas de Rodagem de Minas Gerais (DER-MG) adotou um novo sistema de mapeamento e monitoramento das ocorr\u00eancias nas rodovias que tornar\u00e1 as viagens mais &#8230; <a title=\"Ag\u00eancia Minas Gerais | Em tempo real, DER disponibiliza nova ferramenta de consulta sobre condi\u00e7\u00f5es das rodovias estaduais\" class=\"read-more\" href=\"https:\/\/superinteressantes.com.br\/index.php\/2024\/04\/02\/agencia-minas-gerais-em-tempo-real-der-disponibiliza-nova-ferramenta-de-consulta-sobre-condicoes-das-rodovias-estaduais\/\" aria-label=\"More on Ag\u00eancia Minas Gerais | Em tempo real, DER disponibiliza nova ferramenta de consulta sobre condi\u00e7\u00f5es das rodovias estaduais\">Ler mais<\/a><\/p>\n","protected":false},"author":1,"featured_media":0,"comment_status":"open","ping_status":"open","sticky":false,"template":"","format":"standard","meta":{"footnotes":""},"categories":[1],"tags":[],"class_list":["post-8582","post","type-post","status-publish","format-standard","hentry","category-sem-categoria"],"amp_enabled":true,"_links":{"self":[{"href":"https:\/\/superinteressantes.com.br\/index.php\/wp-json\/wp\/v2\/posts\/8582","targetHints":{"allow":["GET"]}}],"collection":[{"href":"https:\/\/superinteressantes.com.br\/index.php\/wp-json\/wp\/v2\/posts"}],"about":[{"href":"https:\/\/superinteressantes.com.br\/index.php\/wp-json\/wp\/v2\/types\/post"}],"author":[{"embeddable":true,"href":"https:\/\/superinteressantes.com.br\/index.php\/wp-json\/wp\/v2\/users\/1"}],"replies":[{"embeddable":true,"href":"https:\/\/superinteressantes.com.br\/index.php\/wp-json\/wp\/v2\/comments?post=8582"}],"version-history":[{"count":0,"href":"https:\/\/superinteressantes.com.br\/index.php\/wp-json\/wp\/v2\/posts\/8582\/revisions"}],"wp:attachment":[{"href":"https:\/\/superinteressantes.com.br\/index.php\/wp-json\/wp\/v2\/media?parent=8582"}],"wp:term":[{"taxonomy":"category","embeddable":true,"href":"https:\/\/superinteressantes.com.br\/index.php\/wp-json\/wp\/v2\/categories?post=8582"},{"taxonomy":"post_tag","embeddable":true,"href":"https:\/\/superinteressantes.com.br\/index.php\/wp-json\/wp\/v2\/tags?post=8582"}],"curies":[{"name":"wp","href":"https:\/\/api.w.org\/{rel}","templated":true}]}}