{"id":8581,"date":"2024-04-02T06:46:33","date_gmt":"2024-04-02T09:46:33","guid":{"rendered":"http:\/\/superinteressantes.com.br\/index.php\/2024\/04\/02\/gcm-apreende-adolescente-acusado-de-participar-de-roubo-a-jovens-no-jardim-guaruja-agencia-de-noticias\/"},"modified":"2024-04-02T06:46:33","modified_gmt":"2024-04-02T09:46:33","slug":"gcm-apreende-adolescente-acusado-de-participar-de-roubo-a-jovens-no-jardim-guaruja-agencia-de-noticias","status":"publish","type":"post","link":"https:\/\/superinteressantes.com.br\/index.php\/2024\/04\/02\/gcm-apreende-adolescente-acusado-de-participar-de-roubo-a-jovens-no-jardim-guaruja-agencia-de-noticias\/","title":{"rendered":"GCM apreende adolescente acusado de participar de roubo a jovens no Jardim Guaruj\u00e1 \u2013 Ag\u00eancia de Not\u00edcias"},"content":{"rendered":"<p><\/p>\n<div>\n<div class=\"col\">\n<p class=\"mt-0\">\n                        <strong><br \/>\n                            <span class=\"far fa-calendar mr-1 mt-2\"\/><br \/>\n                            1 de abril de 2024<br \/>\n                            <span class=\"far fa-clock ml-3 mt-2\"\/><br \/>\n                            17:10<br \/>\n                        <\/strong>\n                    <\/p>\n<p class=\"mb-0\">Por: <strong>Eduardo Santinon (esantinon@sorocaba.sp.gov.br)<\/strong><\/p>\n<\/p><\/div>\n<\/p><\/div>\n<div>\n<p>\u00a0<\/p>\n<p><em><strong>Foto: GCM<\/strong><\/em><\/p>\n<p>\u00a0<\/p>\n<p><span style=\"font-weight: 400;\">A Guarda Civil Municipal (GCM) de Sorocaba apreendeu, por volta das 7h45 de domingo (31), um adolescente de 14 anos de idade, acusado de participar de roubo a tr\u00eas adolescentes no Jardim Guaruj\u00e1, Zona Oeste da cidade. O crime foi cometido por quatro pessoas em um autom\u00f3vel, entre eles o adolescente, que saltou de dentro do ve\u00edculo em movimento e acabou detido no bairro Central Parque.<\/span><\/p>\n<p><span style=\"font-weight: 400;\">As v\u00edtimas, dois jovens de 16 anos e outro de 14, tinham sido abordadas pelos assaltantes, que roubaram celulares e cart\u00e3o banc\u00e1rio. Um dos rapazes foi agredido no rosto durante o crime e recebeu os primeiros socorros por parte da equipe do Samu, momento em que a viatura da GCM chegou ao local e foi informada sobre os detalhes do caso.<\/span><\/p>\n<p><span style=\"font-weight: 400;\">Durante o atendimento realizado pelos socorristas, um ve\u00edculo se aproximou e foi reconhecido pelas v\u00edtimas, como aquele usado pelos autores do assalto. A GCM deu ordem de parada, por\u00e9m o condutor avan\u00e7ou contra os guardas. Um deles chegou a disparar uma vez contra o pneu do autom\u00f3vel, por\u00e9m os suspeitos fugiram em alta velocidade, em sentido ao bairro Piazza Di Roma, sendo perseguidos pela GCM.<\/span><\/p>\n<p><span style=\"font-weight: 400;\">J\u00e1 no bairro Central Parque, os guardas notaram um grupo de pessoas, que fugiu ao notar a presen\u00e7a da GCM. Um adolescente permaneceu no solo, com escoria\u00e7\u00f5es, o qual admitiu que estava no carro procurado e que participou do roubo aos tr\u00eas adolescentes, tendo ele e um outro comparsa pulado do ve\u00edculo em movimento. Depois, acabou abordado por populares e agredido.<\/span><\/p>\n<p><span style=\"font-weight: 400;\">Nada de il\u00edcito, nem os produtos do roubo foram encontrados com o suspeito, que foi conduzido \u00e0 Unidade Pr\u00e9-Hospitalar (UPH) da Zona Oeste, para receber atendimento m\u00e9dico e, na sequ\u00eancia, ao Plant\u00e3o da Pol\u00edcia Civil. Ele revelou que o grupo participou de outros roubos durante \u00e0 noite anterior, o que ser\u00e1 investigado pelas autoridades. O adolescente vai responder por ato infracional de roubo e,\u00a0 acompanhado do seu respons\u00e1vel legal, permaneceu \u00e0 disposi\u00e7\u00e3o da Justi\u00e7a, ap\u00f3s o registro da ocorr\u00eancia. <\/span><\/p>\n<\/p><\/div>\n","protected":false},"excerpt":{"rendered":"<p>1 de abril de 2024 17:10 Por: Eduardo Santinon (esantinon@sorocaba.sp.gov.br) \u00a0 Foto: GCM \u00a0 A Guarda Civil Municipal (GCM) de Sorocaba apreendeu, por volta das 7h45 de domingo (31), um adolescente de 14 anos de idade, acusado de participar de roubo a tr\u00eas adolescentes no Jardim Guaruj\u00e1, Zona Oeste da cidade. O crime foi cometido &#8230; <a title=\"GCM apreende adolescente acusado de participar de roubo a jovens no Jardim Guaruj\u00e1 \u2013 Ag\u00eancia de Not\u00edcias\" class=\"read-more\" href=\"https:\/\/superinteressantes.com.br\/index.php\/2024\/04\/02\/gcm-apreende-adolescente-acusado-de-participar-de-roubo-a-jovens-no-jardim-guaruja-agencia-de-noticias\/\" aria-label=\"More on GCM apreende adolescente acusado de participar de roubo a jovens no Jardim Guaruj\u00e1 \u2013 Ag\u00eancia de Not\u00edcias\">Ler mais<\/a><\/p>\n","protected":false},"author":1,"featured_media":0,"comment_status":"open","ping_status":"open","sticky":false,"template":"","format":"standard","meta":{"footnotes":""},"categories":[1],"tags":[],"class_list":["post-8581","post","type-post","status-publish","format-standard","hentry","category-sem-categoria"],"amp_enabled":true,"_links":{"self":[{"href":"https:\/\/superinteressantes.com.br\/index.php\/wp-json\/wp\/v2\/posts\/8581","targetHints":{"allow":["GET"]}}],"collection":[{"href":"https:\/\/superinteressantes.com.br\/index.php\/wp-json\/wp\/v2\/posts"}],"about":[{"href":"https:\/\/superinteressantes.com.br\/index.php\/wp-json\/wp\/v2\/types\/post"}],"author":[{"embeddable":true,"href":"https:\/\/superinteressantes.com.br\/index.php\/wp-json\/wp\/v2\/users\/1"}],"replies":[{"embeddable":true,"href":"https:\/\/superinteressantes.com.br\/index.php\/wp-json\/wp\/v2\/comments?post=8581"}],"version-history":[{"count":0,"href":"https:\/\/superinteressantes.com.br\/index.php\/wp-json\/wp\/v2\/posts\/8581\/revisions"}],"wp:attachment":[{"href":"https:\/\/superinteressantes.com.br\/index.php\/wp-json\/wp\/v2\/media?parent=8581"}],"wp:term":[{"taxonomy":"category","embeddable":true,"href":"https:\/\/superinteressantes.com.br\/index.php\/wp-json\/wp\/v2\/categories?post=8581"},{"taxonomy":"post_tag","embeddable":true,"href":"https:\/\/superinteressantes.com.br\/index.php\/wp-json\/wp\/v2\/tags?post=8581"}],"curies":[{"name":"wp","href":"https:\/\/api.w.org\/{rel}","templated":true}]}}