{"id":8481,"date":"2024-03-30T03:27:06","date_gmt":"2024-03-30T06:27:06","guid":{"rendered":"http:\/\/superinteressantes.com.br\/index.php\/2024\/03\/30\/prefeitura-realiza-dia-d-para-vacinacao-contra-dengue-e-influenza-neste-sabado\/"},"modified":"2024-03-30T03:27:06","modified_gmt":"2024-03-30T06:27:06","slug":"prefeitura-realiza-dia-d-para-vacinacao-contra-dengue-e-influenza-neste-sabado","status":"publish","type":"post","link":"https:\/\/superinteressantes.com.br\/index.php\/2024\/03\/30\/prefeitura-realiza-dia-d-para-vacinacao-contra-dengue-e-influenza-neste-sabado\/","title":{"rendered":"Prefeitura realiza \u2018Dia D\u2019 para vacina\u00e7\u00e3o contra dengue e Influenza neste s\u00e1bado"},"content":{"rendered":"<p><\/p>\n<div>\n<p>Neste s\u00e1bado (30), a Prefeitura de Jo\u00e3o Pessoa mant\u00e9m os tr\u00eas pontos m\u00f3veis para vacina\u00e7\u00e3o com as doses que protegem contra Influenza, para grupos priorit\u00e1rios, e dengue, para crian\u00e7as e adolescentes na faixa et\u00e1ria de 10 a 14 anos. O \u2018Dia D\u2019 de mobiliza\u00e7\u00e3o faz um alerta para preven\u00e7\u00e3o e considera tamb\u00e9m a previs\u00e3o de redistribui\u00e7\u00e3o dos imunizantes para outros munic\u00edpios em emerg\u00eancia por dengue, determinado pelo Minist\u00e9rio da Sa\u00fade (MS). \u00a0 <\/p>\n<figure class=\"wp-block-gallery has-nested-images columns-default is-cropped wp-block-gallery-1 is-layout-flex wp-block-gallery-is-layout-flex\">\n<figure class=\"wp-block-image size-large\"><\/figure>\n<figure class=\"wp-block-image size-large\"><\/figure>\n<figure class=\"wp-block-image size-large\"><\/figure>\n<\/figure>\n<p>\u201cA a\u00e7\u00e3o visa atrair e promover a preven\u00e7\u00e3o desse p\u00fablico, que ainda n\u00e3o procurou os servi\u00e7os de sa\u00fade antes do envio das doses para outros munic\u00edpios, que est\u00e3o em estado de alerta e emerg\u00eancia para dengue. Portanto, neste s\u00e1bado, estamos promovendo o Dia D, com esse chamamento e convoca\u00e7\u00e3o para quem ainda n\u00e3o iniciou o esquema vacinal\u201d, esclareceu Fernando Virgolino, chefe da Se\u00e7\u00e3o de Imuniza\u00e7\u00e3o da Prefeitura de Jo\u00e3o Pessoa. \u00a0 <\/p>\n<p>A vacina\u00e7\u00e3o acontecer\u00e1 nos seguintes locais: no Home Center Ferreira Costa, \u00e0s margens da BR-230, das 8h \u00e0s 16h; no Shopping Tambi\u00e1, com equipes atendendo no per\u00edodo das 9h \u00e0s 16h; e no Shopping Sul, no bairro dos Banc\u00e1rios, com assist\u00eancia no per\u00edodo das 10h \u00e0s 16h. \u00a0 <\/p>\n<p>A preven\u00e7\u00e3o tem o objetivo de reduzir o risco de infec\u00e7\u00e3o sintom\u00e1tica, hospitaliza\u00e7\u00f5es e da morbimortalidade pela doen\u00e7a. Desde quando come\u00e7ou a campanha de vacina\u00e7\u00e3o contra a dengue, os profissionais de sa\u00fade da Capital j\u00e1 vacinaram 11.681 pessoas com a primeira dose do imunizante. A segunda dose deve ser administrada com intervalo de 90 dias entre elas. Caso a crian\u00e7a ou adolescente tenha sido diagnosticado com dengue, \u00e9 necess\u00e1rio aguardar seis meses para iniciar o esquema vacinal.<\/p>\n<p>Al\u00e9m da vacina\u00e7\u00e3o, o combate aos focos do mosquito Aedes aegypti nos espa\u00e7os p\u00fablicos e dentro das resid\u00eancias \u00e9 fundamental e um outro cuidado que continua sendo priorit\u00e1rio \u00e9 o uso do repelente. \u201cTemos feito um trabalho intensivo de chamamento e alerta desse p\u00fablico espec\u00edfico. Contamos com a compreens\u00e3o e parceria dos pais e respons\u00e1veis para que leve essa crian\u00e7a ou adolescente a uma sala de vacina e inicie o esquema de prote\u00e7\u00e3o contra o v\u00edrus da dengue\u201d, complementou Fernando Virgolino. \u00a0 <\/p>\n<p><strong>Prote\u00e7\u00e3o contra dengue \u2013 <\/strong>A vacina \u00e9 recomendada para crian\u00e7as e adolescentes de 10 a 14 anos, com o esquema composto de duas doses, em intervalo de tr\u00eas meses entre as doses. Caso o usu\u00e1rio tenha contato com a doen\u00e7a antes da vacina \u00e9 recomendado aguardar seis meses para o in\u00edcio do esquema vacinal com a vacina dengue (atenuada). Caso a infec\u00e7\u00e3o ocorra ap\u00f3s o in\u00edcio do esquema, n\u00e3o h\u00e1 altera\u00e7\u00e3o no intervalo entre D1 e D2, desde que a D2 n\u00e3o seja realizada com o per\u00edodo inferior a 30 dias do in\u00edcio da doen\u00e7a. <strong>\u00a0<\/strong><\/p>\n<p><strong>Prote\u00e7\u00e3o contra Influenza \u2013 <\/strong>J\u00e1 contra a gripe, a vacina inicialmente est\u00e1 sendo administrada apelas para pessoas que fazem parte do grupo priorit\u00e1rio. S\u00e3o elas: Crian\u00e7as de 6 meses a menores de 6 anos de idade (5 anos, 11 meses e 29 dias), trabalhadores da sa\u00fade, gestantes, pu\u00e9rperas (aquelas mulheres que est\u00e3o no per\u00edodo de at\u00e9 45 dias ap\u00f3s o parto), professores do ensino b\u00e1sico e superior, povos ind\u00edgenas, idosos com 60 anos ou mais de idade, pessoas em situa\u00e7\u00e3o de rua, profissionais das for\u00e7as de seguran\u00e7a e salvamento, profissionais das For\u00e7as Armadas e pessoas com doen\u00e7as cr\u00f4nicas n\u00e3o transmiss\u00edveis e outras condi\u00e7\u00f5es cl\u00ednicas especiais, pessoas com defici\u00eancia permanente, trabalhadores de transporte coletivo rodovi\u00e1rio para passageiros urbanos e de longo curso, trabalhadores portu\u00e1rios, popula\u00e7\u00e3o privada de liberdade e funcion\u00e1rios do sistema de priva\u00e7\u00e3o de liberdade, adolescentes e jovens de 12 a 21 anos de idade sob medidas socioeducativas. <strong>\u00a0<\/strong><\/p>\n<figure class=\"wp-block-gallery has-nested-images columns-default is-cropped wp-block-gallery-2 is-layout-flex wp-block-gallery-is-layout-flex\">\n<figure class=\"wp-block-image size-large\"><\/figure>\n<figure class=\"wp-block-image size-large\"><\/figure>\n<\/figure>\n<p><strong>Vacinas de urg\u00eancia \u2013 <\/strong>J\u00e1 o Centro Municipal de Imuniza\u00e7\u00e3o, localizado no bairro da Torre, estar\u00e1 aberto durante todos os dias do feriad\u00e3o, no per\u00edodo das 8h \u00e0s 12h, exclusivamente para vacina\u00e7\u00e3o antirr\u00e1bica humana e a vacina dT (difteria e t\u00e9tano) para pessoas que tiveram alguma exposi\u00e7\u00e3o para doen\u00e7a, com alguns tipos de acidentes com perfurocortantes. J\u00e1 no caso da antirr\u00e1bica, s\u00e3o para pessoas que foram mordidas por c\u00e3es e gatos n\u00e3o vacinados ou, ainda, por morcegos. \u00a0 <\/p>\n<p><strong>Documenta\u00e7\u00e3o<\/strong>\u00a0\u2013 Para vacina\u00e7\u00e3o contra a dengue, basta o usu\u00e1rio levar a Caderneta de Vacina\u00e7\u00e3o e um documento oficial. Para Influenza, \u00e9 necess\u00e1rio levar, al\u00e9m do cart\u00e3o de vacina, os documentos comprobat\u00f3rios de cada grupo. Os profissionais que se enquadram na amplia\u00e7\u00e3o dos grupos priorit\u00e1rios dever\u00e3o apresentar documento de identifica\u00e7\u00e3o com foto e comprovante (declara\u00e7\u00e3o, carteira do conselho de classe ou contracheque) de v\u00ednculo com a empresa ou institui\u00e7\u00e3o onde atua. J\u00e1 pessoas com doen\u00e7as cr\u00f4nicas n\u00e3o transmiss\u00edveis e outras condi\u00e7\u00f5es cl\u00ednicas especiais dever\u00e3o apresentar laudo m\u00e9dico. <strong>\u00a0<\/strong><\/p>\n<p><strong>Saiba os locais para vacina\u00e7\u00e3o neste s\u00e1bado (30) em Jo\u00e3o Pessoa:\u00a0<\/strong><\/p>\n<p><strong>Home Center Ferreira Costa<\/strong> <\/p>\n<p>Apenas as vacinas que protegem contra dengue e Influenza <\/p>\n<p>Hor\u00e1rio: 8h \u00e0s 16h \u00a0<\/p>\n<p><strong>Shopping Tambi\u00e1<\/strong> <\/p>\n<p>Apenas as vacinas que protegem contra dengue e Influenza <\/p>\n<p>Hor\u00e1rio: 9h \u00e0s 16h <\/p>\n<p><strong>Shopping Sul<\/strong> <\/p>\n<p>Apenas as vacinas que protegem contra dengue e Influenza <\/p>\n<p>Hor\u00e1rio: 10h \u00e0s 16h \u00a0 <\/p>\n<p><strong>Centro de Imuniza\u00e7\u00e3o (aberto aos s\u00e1bados e domingos)<\/strong> <\/p>\n<p>Exclusivamente para vacina\u00e7\u00e3o antirr\u00e1bica humana e a vacina dT (difteria e t\u00e9tano) de urg\u00eancia <\/p>\n<p>Hor\u00e1rio: 8h \u00e0s 12h<\/p>\n<\/p><\/div>\n","protected":false},"excerpt":{"rendered":"<p>Neste s\u00e1bado (30), a Prefeitura de Jo\u00e3o Pessoa mant\u00e9m os tr\u00eas pontos m\u00f3veis para vacina\u00e7\u00e3o com as doses que protegem contra Influenza, para grupos priorit\u00e1rios, e dengue, para crian\u00e7as e adolescentes na faixa et\u00e1ria de 10 a 14 anos. O \u2018Dia D\u2019 de mobiliza\u00e7\u00e3o faz um alerta para preven\u00e7\u00e3o e considera tamb\u00e9m a previs\u00e3o de &#8230; <a title=\"Prefeitura realiza \u2018Dia D\u2019 para vacina\u00e7\u00e3o contra dengue e Influenza neste s\u00e1bado\" class=\"read-more\" href=\"https:\/\/superinteressantes.com.br\/index.php\/2024\/03\/30\/prefeitura-realiza-dia-d-para-vacinacao-contra-dengue-e-influenza-neste-sabado\/\" aria-label=\"More on Prefeitura realiza \u2018Dia D\u2019 para vacina\u00e7\u00e3o contra dengue e Influenza neste s\u00e1bado\">Ler mais<\/a><\/p>\n","protected":false},"author":1,"featured_media":0,"comment_status":"open","ping_status":"open","sticky":false,"template":"","format":"standard","meta":{"footnotes":""},"categories":[1],"tags":[],"class_list":["post-8481","post","type-post","status-publish","format-standard","hentry","category-sem-categoria"],"amp_enabled":true,"_links":{"self":[{"href":"https:\/\/superinteressantes.com.br\/index.php\/wp-json\/wp\/v2\/posts\/8481","targetHints":{"allow":["GET"]}}],"collection":[{"href":"https:\/\/superinteressantes.com.br\/index.php\/wp-json\/wp\/v2\/posts"}],"about":[{"href":"https:\/\/superinteressantes.com.br\/index.php\/wp-json\/wp\/v2\/types\/post"}],"author":[{"embeddable":true,"href":"https:\/\/superinteressantes.com.br\/index.php\/wp-json\/wp\/v2\/users\/1"}],"replies":[{"embeddable":true,"href":"https:\/\/superinteressantes.com.br\/index.php\/wp-json\/wp\/v2\/comments?post=8481"}],"version-history":[{"count":0,"href":"https:\/\/superinteressantes.com.br\/index.php\/wp-json\/wp\/v2\/posts\/8481\/revisions"}],"wp:attachment":[{"href":"https:\/\/superinteressantes.com.br\/index.php\/wp-json\/wp\/v2\/media?parent=8481"}],"wp:term":[{"taxonomy":"category","embeddable":true,"href":"https:\/\/superinteressantes.com.br\/index.php\/wp-json\/wp\/v2\/categories?post=8481"},{"taxonomy":"post_tag","embeddable":true,"href":"https:\/\/superinteressantes.com.br\/index.php\/wp-json\/wp\/v2\/tags?post=8481"}],"curies":[{"name":"wp","href":"https:\/\/api.w.org\/{rel}","templated":true}]}}