{"id":8340,"date":"2024-03-26T15:13:35","date_gmt":"2024-03-26T18:13:35","guid":{"rendered":"http:\/\/superinteressantes.com.br\/index.php\/2024\/03\/26\/agencia-minas-gerais-exportacoes-do-agro-mineiro-batem-recorde-no-primeiro-bimestre-do-ano\/"},"modified":"2024-03-26T15:13:35","modified_gmt":"2024-03-26T18:13:35","slug":"agencia-minas-gerais-exportacoes-do-agro-mineiro-batem-recorde-no-primeiro-bimestre-do-ano","status":"publish","type":"post","link":"https:\/\/superinteressantes.com.br\/index.php\/2024\/03\/26\/agencia-minas-gerais-exportacoes-do-agro-mineiro-batem-recorde-no-primeiro-bimestre-do-ano\/","title":{"rendered":"Ag\u00eancia Minas Gerais | Exporta\u00e7\u00f5es do agro mineiro batem recorde no primeiro bimestre do ano"},"content":{"rendered":"<p><\/p>\n<div>\n<p>As exporta\u00e7\u00f5es do agroneg\u00f3cio mineiro alcan\u00e7aram o valor recorde de US$ 2,1 bilh\u00f5es, no primeiro bimestre deste ano com aumento de 15% na receita em rela\u00e7\u00e3o ao mesmo per\u00edodo de 2023. Esse resultado indica o melhor desempenho dos meses de janeiro e fevereiro acompanhados na s\u00e9rie hist\u00f3rica desde 1997.<\/p>\n<p>O recorde no per\u00edodo tamb\u00e9m foi registrado em rela\u00e7\u00e3o ao volume, com o embarque de 1,7 milh\u00e3o de toneladas e aumento de 12% em rela\u00e7\u00e3o ao bimestre anterior.<\/p>\n<p>Na avalia\u00e7\u00e3o do secret\u00e1rio de Agricultura, Pecu\u00e1ria e Abastecimento, Thales Fernandes, o agro mineiro continua desempenhando um papel relevante na economia do estado.<\/p>\n<p>\u201cNos dois primeiros meses do ano, as exporta\u00e7\u00f5es do agro representaram 33% das vendas totais do estado para o mercado internacional. \u00c9 o melhor resultado para o primeiro bimestre do ano, desde 1997, quando come\u00e7ou o acompanhamento da s\u00e9rie hist\u00f3rica\u201d, afirma.<\/p>\n<p>\u201cTudo isso \u00e9 consequ\u00eancia da retomada da valoriza\u00e7\u00e3o das commodities, especialmente o caf\u00e9, e do trabalho que o Governo de Minas faz de assist\u00eancia t\u00e9cnica e extens\u00e3o rural, pesquisa e vigil\u00e2ncia sanit\u00e1ria para garantir a qualidade da nossa produ\u00e7\u00e3o\u201d, conclui o secret\u00e1rio.<\/p>\n<p><strong>Principais destinos<\/strong><\/p>\n<p>A pauta exportada englobou um mix de 397 diferentes produtos agropecu\u00e1rios, que foram enviados para 149 pa\u00edses, evidenciando a abrang\u00eancia global das opera\u00e7\u00f5es.<\/p>\n<p>Al\u00e9m da China, que respondeu por 17% do valor total exportado, destacaram-se os Estados Unidos (13%), a Alemanha (9%), a B\u00e9lgica (6%) e o Jap\u00e3o (4%).<\/p>\n<p>A pauta foi liderada pelas vendas de caf\u00e9, que representaram 53% da receita total das exporta\u00e7\u00f5es, complexo sucroalcooleiro (16%), carnes (10%), produtos florestais (8%) e complexo soja (7%).<\/p>\n<p><strong>Caf\u00e9<\/strong><\/p>\n<p>O principal item da pauta exportadora alcan\u00e7ou a receita de US$ 1,1 bilh\u00e3o, com o volume de 5,3 milh\u00f5es de sacas exportadas.<\/p>\n<p>Os Estados Unidos, a Alemanha, a B\u00e9lgica, o Jap\u00e3o e a It\u00e1lia continuam liderando as aquisi\u00e7\u00f5es do caf\u00e9 mineiro, enquanto a China emerge como um mercado promissor, na sexta posi\u00e7\u00e3o com US$ 64 milh\u00f5es em compras.<\/p>\n<p><strong>Complexo Sucroalcooleiro<\/strong><\/p>\n<p>Composto pelas vendas de a\u00e7\u00facar de cana, \u00e1lcool e outros derivados, o segmento registrou recorde na receita de US$ 340 milh\u00f5es.<\/p>\n<p>A abertura de novos mercados, como \u00cdndia, Indon\u00e9sia e Iraque, contribuiu para esse desempenho. O a\u00e7\u00facar \u00e9 principal item do segmento, respondendo por 97% das vendas.<\/p>\n<p><strong>Carnes<\/strong><\/p>\n<p>As exporta\u00e7\u00f5es do setor totalizaram US$ 205 milh\u00f5es, com aumento nas vendas de carne bovina e su\u00edna.<\/p>\n<p>A compra de pa\u00edses como os Estados Unidos, Hong Kong, Emirados \u00c1rabes e Chile impulsionaram a valoriza\u00e7\u00e3o da carne bovina.<\/p>\n<p><strong>Produtos florestais<\/strong><\/p>\n<p>Os produtos florestais, como celulose, papel e borracha, geraram uma receita de US$ 166 milh\u00f5es, com um volume de 280 mil toneladas exportadas.<\/p>\n<p>Embora tenha havido um arrefecimento nos embarques, a celulose seguiu como principal produto para o setor com 97% da demanda.<\/p>\n<p><strong>Complexo Soja<\/strong><\/p>\n<p>O aumento da oferta global afetou as vendas do segmento, que registrou queda no valor e volume. A receita alcan\u00e7ou US$ 144,5 milh\u00f5es (-35%), com o embarque de 283 mil toneladas exportadas (-22%).<\/p>\n<\/p><\/div>\n","protected":false},"excerpt":{"rendered":"<p>As exporta\u00e7\u00f5es do agroneg\u00f3cio mineiro alcan\u00e7aram o valor recorde de US$ 2,1 bilh\u00f5es, no primeiro bimestre deste ano com aumento de 15% na receita em rela\u00e7\u00e3o ao mesmo per\u00edodo de 2023. Esse resultado indica o melhor desempenho dos meses de janeiro e fevereiro acompanhados na s\u00e9rie hist\u00f3rica desde 1997. O recorde no per\u00edodo tamb\u00e9m foi &#8230; <a title=\"Ag\u00eancia Minas Gerais | Exporta\u00e7\u00f5es do agro mineiro batem recorde no primeiro bimestre do ano\" class=\"read-more\" href=\"https:\/\/superinteressantes.com.br\/index.php\/2024\/03\/26\/agencia-minas-gerais-exportacoes-do-agro-mineiro-batem-recorde-no-primeiro-bimestre-do-ano\/\" aria-label=\"More on Ag\u00eancia Minas Gerais | Exporta\u00e7\u00f5es do agro mineiro batem recorde no primeiro bimestre do ano\">Ler mais<\/a><\/p>\n","protected":false},"author":1,"featured_media":0,"comment_status":"open","ping_status":"open","sticky":false,"template":"","format":"standard","meta":{"footnotes":""},"categories":[1],"tags":[],"class_list":["post-8340","post","type-post","status-publish","format-standard","hentry","category-sem-categoria"],"amp_enabled":true,"_links":{"self":[{"href":"https:\/\/superinteressantes.com.br\/index.php\/wp-json\/wp\/v2\/posts\/8340","targetHints":{"allow":["GET"]}}],"collection":[{"href":"https:\/\/superinteressantes.com.br\/index.php\/wp-json\/wp\/v2\/posts"}],"about":[{"href":"https:\/\/superinteressantes.com.br\/index.php\/wp-json\/wp\/v2\/types\/post"}],"author":[{"embeddable":true,"href":"https:\/\/superinteressantes.com.br\/index.php\/wp-json\/wp\/v2\/users\/1"}],"replies":[{"embeddable":true,"href":"https:\/\/superinteressantes.com.br\/index.php\/wp-json\/wp\/v2\/comments?post=8340"}],"version-history":[{"count":0,"href":"https:\/\/superinteressantes.com.br\/index.php\/wp-json\/wp\/v2\/posts\/8340\/revisions"}],"wp:attachment":[{"href":"https:\/\/superinteressantes.com.br\/index.php\/wp-json\/wp\/v2\/media?parent=8340"}],"wp:term":[{"taxonomy":"category","embeddable":true,"href":"https:\/\/superinteressantes.com.br\/index.php\/wp-json\/wp\/v2\/categories?post=8340"},{"taxonomy":"post_tag","embeddable":true,"href":"https:\/\/superinteressantes.com.br\/index.php\/wp-json\/wp\/v2\/tags?post=8340"}],"curies":[{"name":"wp","href":"https:\/\/api.w.org\/{rel}","templated":true}]}}