{"id":8326,"date":"2024-03-26T06:33:44","date_gmt":"2024-03-26T09:33:44","guid":{"rendered":"http:\/\/superinteressantes.com.br\/index.php\/2024\/03\/26\/especialistas-que-participarao-de-congresso-nacional-realizam-atendimentos-no-centro-de-doencas-raras\/"},"modified":"2024-03-26T06:33:44","modified_gmt":"2024-03-26T09:33:44","slug":"especialistas-que-participarao-de-congresso-nacional-realizam-atendimentos-no-centro-de-doencas-raras","status":"publish","type":"post","link":"https:\/\/superinteressantes.com.br\/index.php\/2024\/03\/26\/especialistas-que-participarao-de-congresso-nacional-realizam-atendimentos-no-centro-de-doencas-raras\/","title":{"rendered":"Especialistas que participar\u00e3o de congresso nacional realizam atendimentos no Centro de Doen\u00e7as Raras"},"content":{"rendered":"<p><\/p>\n<div>\n<p>Os profissionais que v\u00e3o participar do IV Congresso Nacional Multidisciplinar de Doen\u00e7as Raras e Anomalias Cong\u00eanitas (Conamdracon) realizaram atendimentos, na tarde desta segunda-feira (25), no Centro de Refer\u00eancia Multiprofissional em Doen\u00e7as Raras, administrado pela Prefeitura de Jo\u00e3o Pessoa. O congresso acontece a partir desta ter\u00e7a-feira (26), no Espa\u00e7o Cultural Jos\u00e9 Lins do Rego, no bairro de Tambauzinho. \u00a0 <\/p>\n<figure class=\"wp-block-gallery has-nested-images columns-default is-cropped wp-block-gallery-1 is-layout-flex wp-block-gallery-is-layout-flex\">\n<figure class=\"wp-block-image size-large\"><\/figure>\n<figure class=\"wp-block-image size-large\"><\/figure>\n<figure class=\"wp-block-image size-large\"><\/figure>\n<\/figure>\n<p>Segundo Saionara Ara\u00fajo, diretora geral do Centro de Doen\u00e7as Raras, a visita desses profissionais \u00e9 importante porque serve como uma troca de experi\u00eancias para o enriquecimento do trabalho. \u201cA import\u00e2ncia desse congresso e a vinda dos profissionais para Jo\u00e3o Pessoa deve ampliar a qualifica\u00e7\u00e3o dos servidores e trazer os olhares de outros profissionais do Brasil, visando prestar um atendimento cada vez melhor, como prega a Secretaria Municipal de Sa\u00fade\u201d, destacou. \u00a0 <\/p>\n<p>De acordo com Lauda Santos, presidente da Associa\u00e7\u00e3o Maria Vitoria de Doen\u00e7as Raras (Amavi Raras), com sede em Bras\u00edlia-DF, a import\u00e2ncia do trabalho do Centro de Doen\u00e7as Raras de Jo\u00e3o Pessoa se d\u00e1 pela divulga\u00e7\u00e3o, conscientiza\u00e7\u00e3o e orienta\u00e7\u00e3o de que o paciente raro n\u00e3o est\u00e1 sozinho. \u201cO paciente raro sabe que pode contar com o Centro, pois a educa\u00e7\u00e3o faz parte da conscientiza\u00e7\u00e3o e do empoderamento desse paciente e voc\u00eas aqui de Jo\u00e3o Pessoa s\u00e3o privilegiados por ter esse acolhimento, atendimento e tratamento centralizados em um s\u00f3 local\u201d, exaltou Lauda Ramos. \u00a0 <\/p>\n<p><strong>Conamdracon<\/strong> \u2013 O Congresso Nacional Multidisciplinar de Doen\u00e7as Raras e Anomalias Cong\u00eanitas acontece entre os dias 26 e 28 de mar\u00e7o, no Teatro Paulo Pontes, do Espa\u00e7o Cultural Jos\u00e9 Lins do Rego. O evento \u00e9 uma realiza\u00e7\u00e3o da Associa\u00e7\u00e3o Paraibana de Doen\u00e7as Raras (Aspador), em parceria com a Prefeitura de Jo\u00e3o Pessoa e o Centro de Refer\u00eancia Multiprofissional em Doen\u00e7as Raras. \u00a0 <\/p>\n<p>O Congresso \u00e9 voltado aos profissionais e estudantes de todas as \u00e1reas da sa\u00fade e suas inscri\u00e7\u00f5es seguem abertas at\u00e9 a data da realiza\u00e7\u00e3o. Para participar \u00e9 necess\u00e1rio fazer a inscri\u00e7\u00e3o no site do evento e realizar o pagamento da taxa de R$150,00 para profissionais e R$120,00 para estudantes.\u00a0 \u00a0 <\/p>\n<p>Os inscritos podem escolher entre participar de forma presencial ou virtual e contar\u00e3o com uma programa\u00e7\u00e3o t\u00e9cnica e cient\u00edfica com palestras magnas, confer\u00eancias, mesas redondas, hands on, minissimp\u00f3sios e apresenta\u00e7\u00f5es de trabalhos cient\u00edficos, inscritos previamente.\u00a0 \u00a0 <\/p>\n<p>Para conhecer os palestrantes confirmados e conferir mais informa\u00e7\u00f5es sobre o Congresso, basta acessar o site do Conamdracon.  \u00a0<\/p>\n<\/p><\/div>\n","protected":false},"excerpt":{"rendered":"<p>Os profissionais que v\u00e3o participar do IV Congresso Nacional Multidisciplinar de Doen\u00e7as Raras e Anomalias Cong\u00eanitas (Conamdracon) realizaram atendimentos, na tarde desta segunda-feira (25), no Centro de Refer\u00eancia Multiprofissional em Doen\u00e7as Raras, administrado pela Prefeitura de Jo\u00e3o Pessoa. O congresso acontece a partir desta ter\u00e7a-feira (26), no Espa\u00e7o Cultural Jos\u00e9 Lins do Rego, no bairro &#8230; <a title=\"Especialistas que participar\u00e3o de congresso nacional realizam atendimentos no Centro de Doen\u00e7as Raras\" class=\"read-more\" href=\"https:\/\/superinteressantes.com.br\/index.php\/2024\/03\/26\/especialistas-que-participarao-de-congresso-nacional-realizam-atendimentos-no-centro-de-doencas-raras\/\" aria-label=\"More on Especialistas que participar\u00e3o de congresso nacional realizam atendimentos no Centro de Doen\u00e7as Raras\">Ler mais<\/a><\/p>\n","protected":false},"author":1,"featured_media":0,"comment_status":"open","ping_status":"open","sticky":false,"template":"","format":"standard","meta":{"footnotes":""},"categories":[1],"tags":[],"class_list":["post-8326","post","type-post","status-publish","format-standard","hentry","category-sem-categoria"],"amp_enabled":true,"_links":{"self":[{"href":"https:\/\/superinteressantes.com.br\/index.php\/wp-json\/wp\/v2\/posts\/8326","targetHints":{"allow":["GET"]}}],"collection":[{"href":"https:\/\/superinteressantes.com.br\/index.php\/wp-json\/wp\/v2\/posts"}],"about":[{"href":"https:\/\/superinteressantes.com.br\/index.php\/wp-json\/wp\/v2\/types\/post"}],"author":[{"embeddable":true,"href":"https:\/\/superinteressantes.com.br\/index.php\/wp-json\/wp\/v2\/users\/1"}],"replies":[{"embeddable":true,"href":"https:\/\/superinteressantes.com.br\/index.php\/wp-json\/wp\/v2\/comments?post=8326"}],"version-history":[{"count":0,"href":"https:\/\/superinteressantes.com.br\/index.php\/wp-json\/wp\/v2\/posts\/8326\/revisions"}],"wp:attachment":[{"href":"https:\/\/superinteressantes.com.br\/index.php\/wp-json\/wp\/v2\/media?parent=8326"}],"wp:term":[{"taxonomy":"category","embeddable":true,"href":"https:\/\/superinteressantes.com.br\/index.php\/wp-json\/wp\/v2\/categories?post=8326"},{"taxonomy":"post_tag","embeddable":true,"href":"https:\/\/superinteressantes.com.br\/index.php\/wp-json\/wp\/v2\/tags?post=8326"}],"curies":[{"name":"wp","href":"https:\/\/api.w.org\/{rel}","templated":true}]}}