{"id":8316,"date":"2024-03-26T01:02:09","date_gmt":"2024-03-26T04:02:09","guid":{"rendered":"http:\/\/superinteressantes.com.br\/index.php\/2024\/03\/26\/hospital-municipal-santa-isabel-inicia-mutirao-de-colonoscopia-e-pacientes-elogiam-acao\/"},"modified":"2024-03-26T01:02:09","modified_gmt":"2024-03-26T04:02:09","slug":"hospital-municipal-santa-isabel-inicia-mutirao-de-colonoscopia-e-pacientes-elogiam-acao","status":"publish","type":"post","link":"https:\/\/superinteressantes.com.br\/index.php\/2024\/03\/26\/hospital-municipal-santa-isabel-inicia-mutirao-de-colonoscopia-e-pacientes-elogiam-acao\/","title":{"rendered":"Hospital Municipal Santa Isabel inicia mutir\u00e3o de colonoscopia e pacientes elogiam a\u00e7\u00e3o"},"content":{"rendered":"<p><\/p>\n<div>\n<p>O Hospital Municipal Santa Isabel (HMSI) iniciou com sucesso, nesta segunda-feira (25), o mutir\u00e3o de colonoscopia, que tem como objetivo agilizar poss\u00edveis diagn\u00f3sticos de c\u00e2ncer de intestino. Esse tipo de exame \u00e9 a melhor forma de detectar o c\u00e2ncer de intestino em est\u00e1gios iniciais. \u00a0 <\/p>\n<figure class=\"wp-block-gallery has-nested-images columns-default is-cropped wp-block-gallery-1 is-layout-flex wp-block-gallery-is-layout-flex\">\n<figure class=\"wp-block-image size-large\"><\/figure>\n<figure class=\"wp-block-image size-large\"><\/figure>\n<\/figure>\n<p>\u201cNo mutir\u00e3o, al\u00e9m da parte preventiva, a gente tamb\u00e9m faz a parte curativa de les\u00f5es pequenas. Quando h\u00e1 o diagn\u00f3stico de uma les\u00e3o j\u00e1 invasiva, a\u00ed tem que ser avaliado o tratamento depois de toda avalia\u00e7\u00e3o da oncologia e da equipe multidisciplinar. Em outros casos, quando a les\u00e3o \u00e9 de aspecto benigno, j\u00e1 faz a retirada da les\u00e3o\u201d, explicou o m\u00e9dico Frederico Campos, endoscopista e cirurgi\u00e3o geral que coordena o servi\u00e7o de Colangiopancreatografia Retr\u00f3grada Endosc\u00f3pica (CPRE) do Hospital Santa Isabel. \u00a0 <\/p>\n<p>O mutir\u00e3o prossegue nesta ter\u00e7a (26) e quarta-feira (27) e vai beneficiar 60 pacientes que aguardavam na fila de espera da Regula\u00e7\u00e3o Municipal, reduzindo a demanda reprimida existente. \u201cNos procedimentos que foram realizados hoje j\u00e1 houve a suspeita de diagn\u00f3stico de um c\u00e2ncer colorretal em um paciente relativamente jovem. Tamb\u00e9m detectamos alguns p\u00f3lipos e les\u00f5es, que j\u00e1 est\u00e3o sendo retirados\u201d, disse Frederico Campo. \u00a0 <\/p>\n<p>O paciente com suspeita de diagn\u00f3stico de c\u00e2ncer ser\u00e1 encaminhado para a Regula\u00e7\u00e3o Municipal, depois que sair o resultado da bi\u00f3psia, para avalia\u00e7\u00e3o do encaminhamento do servi\u00e7o de refer\u00eancia do munic\u00edpio ou do Estado da parte oncol\u00f3gica. \u00a0 <\/p>\n<p><strong>Pacientes elogiaram<\/strong> \u2013 Entre os pacientes atendidos no primeiro dia estava o funcion\u00e1rio p\u00fablico S\u00e9rgio Ricardo Gama de Carvalho, que elogiou a a\u00e7\u00e3o por reduzir o tempo de espera dos pacientes pelo exame. \u201cO mutir\u00e3o est\u00e1 ajudando muita gente, com certeza. Eu j\u00e1 esperava para fazer esse exame h\u00e1 um ano e estou hoje aqui realizando o procedimento\u201d, afirmou o paciente pouco antes de entrar no ambulat\u00f3rio para fazer o procedimento. \u00a0 <\/p>\n<figure class=\"wp-block-gallery has-nested-images columns-default is-cropped wp-block-gallery-2 is-layout-flex wp-block-gallery-is-layout-flex\">\n<figure class=\"wp-block-image size-large\"><\/figure>\n<figure class=\"wp-block-image size-large\"><\/figure>\n<\/figure>\n<p>Outra paciente atendida foi a t\u00e9cnica de enfermagem Josefa Feliz Melo. \u201c\u00c9 uma a\u00e7\u00e3o maravilhosa, porque j\u00e1 fazia quase dois anos que eu estava aguardando para fazer e, com o mutir\u00e3o que o hospital est\u00e1 promovendo, finalmente chegou o dia\u201d, declarou. \u00a0 <\/p>\n<p>A dona de casa Josilene Tavares destacou a import\u00e2ncia do mutir\u00e3o por garantir \u00e0 popula\u00e7\u00e3o acesso ao exame de forma gratuita e mais r\u00e1pida. \u201cEsse exame demora muito pelo SUS e para fazer particular, n\u00e3o \u00e9 todo mundo que tem condi\u00e7\u00f5es de pagar. Ent\u00e3o \u00e9 uma a\u00e7\u00e3o que ajuda muito, principalmente quem tem menos condi\u00e7\u00f5es\u201d, disse. \u00a0 <\/p>\n<p><strong>Doen\u00e7as intestinais<\/strong> \u2013 As doen\u00e7as inflamat\u00f3rias intestinais (DII) v\u00eam se tornando cada vez mais comuns nos dias atuais. Os sintomas podem come\u00e7ar de forma insidiosa e com o passar do tempo podem se agravar. Por isso, \u00e9 fundamental a procura pelo m\u00e9dico especialista, coloproctologista ou gastroenterologista, para investiga\u00e7\u00e3o diagn\u00f3stica adequada e tratamento precoce, minimizando a chance de complica\u00e7\u00f5es da doen\u00e7a. \u00a0 <\/p>\n<p>E a colonoscopia, ressalta o m\u00e9dico coloproctologista Francisco Sales Pinto, \u00e9 o melhor m\u00e9todo para se chegar ao diagn\u00f3stico dessa doen\u00e7a. \u201c\u00c9 um exame que serve para prevenir os tumores do intestino, como tamb\u00e9m para dar aqueles diagn\u00f3sticos precoces. Ent\u00e3o, todo paciente que tiver alguma altera\u00e7\u00e3o a n\u00edvel intestinal, ou seja, perda de sangue nas fezes, altera\u00e7\u00e3o do h\u00e1bito intestinal, dor abdominal, perda de peso, deve sempre pensar na necessidade de fazer a colonoscopia, que \u00e9 um exame de preven\u00e7\u00e3o para os tumores do intestino grosso\u201d, alerta. \u00a0 <\/p>\n<p>O mutir\u00e3o, organizado pelo Servi\u00e7o de Coloproctologia do HMSI, atrav\u00e9s do Programa de Resid\u00eancia M\u00e9dica em Coloproctologia, coordenado pela m\u00e9dica Shirlane Frutuoso, conta com a participa\u00e7\u00e3o de uma equipe multiprofissional, composta por m\u00e9dicos, anestesistas, enfermeiros, t\u00e9cnicos de enfermagem, al\u00e9m de maqueiros, recepcionistas, pessoal de apoio e limpeza extras.<\/p>\n<\/p><\/div>\n","protected":false},"excerpt":{"rendered":"<p>O Hospital Municipal Santa Isabel (HMSI) iniciou com sucesso, nesta segunda-feira (25), o mutir\u00e3o de colonoscopia, que tem como objetivo agilizar poss\u00edveis diagn\u00f3sticos de c\u00e2ncer de intestino. Esse tipo de exame \u00e9 a melhor forma de detectar o c\u00e2ncer de intestino em est\u00e1gios iniciais. \u00a0 \u201cNo mutir\u00e3o, al\u00e9m da parte preventiva, a gente tamb\u00e9m faz &#8230; <a title=\"Hospital Municipal Santa Isabel inicia mutir\u00e3o de colonoscopia e pacientes elogiam a\u00e7\u00e3o\" class=\"read-more\" href=\"https:\/\/superinteressantes.com.br\/index.php\/2024\/03\/26\/hospital-municipal-santa-isabel-inicia-mutirao-de-colonoscopia-e-pacientes-elogiam-acao\/\" aria-label=\"More on Hospital Municipal Santa Isabel inicia mutir\u00e3o de colonoscopia e pacientes elogiam a\u00e7\u00e3o\">Ler mais<\/a><\/p>\n","protected":false},"author":1,"featured_media":0,"comment_status":"open","ping_status":"open","sticky":false,"template":"","format":"standard","meta":{"footnotes":""},"categories":[1],"tags":[],"class_list":["post-8316","post","type-post","status-publish","format-standard","hentry","category-sem-categoria"],"amp_enabled":true,"_links":{"self":[{"href":"https:\/\/superinteressantes.com.br\/index.php\/wp-json\/wp\/v2\/posts\/8316","targetHints":{"allow":["GET"]}}],"collection":[{"href":"https:\/\/superinteressantes.com.br\/index.php\/wp-json\/wp\/v2\/posts"}],"about":[{"href":"https:\/\/superinteressantes.com.br\/index.php\/wp-json\/wp\/v2\/types\/post"}],"author":[{"embeddable":true,"href":"https:\/\/superinteressantes.com.br\/index.php\/wp-json\/wp\/v2\/users\/1"}],"replies":[{"embeddable":true,"href":"https:\/\/superinteressantes.com.br\/index.php\/wp-json\/wp\/v2\/comments?post=8316"}],"version-history":[{"count":0,"href":"https:\/\/superinteressantes.com.br\/index.php\/wp-json\/wp\/v2\/posts\/8316\/revisions"}],"wp:attachment":[{"href":"https:\/\/superinteressantes.com.br\/index.php\/wp-json\/wp\/v2\/media?parent=8316"}],"wp:term":[{"taxonomy":"category","embeddable":true,"href":"https:\/\/superinteressantes.com.br\/index.php\/wp-json\/wp\/v2\/categories?post=8316"},{"taxonomy":"post_tag","embeddable":true,"href":"https:\/\/superinteressantes.com.br\/index.php\/wp-json\/wp\/v2\/tags?post=8316"}],"curies":[{"name":"wp","href":"https:\/\/api.w.org\/{rel}","templated":true}]}}