{"id":8313,"date":"2024-03-25T23:27:26","date_gmt":"2024-03-26T02:27:26","guid":{"rendered":"http:\/\/superinteressantes.com.br\/index.php\/2024\/03\/25\/agencia-minas-gerais-definidos-os-primeiros-classificados-da-rmbh-para-a-fase-final-das-olimpiadas-que-transformam-da-cemig\/"},"modified":"2024-03-25T23:27:26","modified_gmt":"2024-03-26T02:27:26","slug":"agencia-minas-gerais-definidos-os-primeiros-classificados-da-rmbh-para-a-fase-final-das-olimpiadas-que-transformam-da-cemig","status":"publish","type":"post","link":"https:\/\/superinteressantes.com.br\/index.php\/2024\/03\/25\/agencia-minas-gerais-definidos-os-primeiros-classificados-da-rmbh-para-a-fase-final-das-olimpiadas-que-transformam-da-cemig\/","title":{"rendered":"Ag\u00eancia Minas Gerais | Definidos os primeiros classificados da RMBH para a fase final das Olimp\u00edadas que Transformam, da Cemig"},"content":{"rendered":"<p><\/p>\n<div>\n<p>Ao todo, as Olimp\u00edadas\u202fque\u202fTransformam\u202fv\u00e3o reunir nove projetos patrocinados pela Cemig em Minas Gerais, com representantes s\u00e3o de Vi\u00e7osa, Juiz de Fora, Barbacena, Minas Novas, Governador Valadares, Montes Claros, Gr\u00e3o-Mogol, C\u00e1ssia, Contagem, Belo Horizonte, Sabar\u00e1, S\u00e3o Jos\u00e9 da Lapa e Cruz\u00edlia. \u00a0<\/p>\n<p>Al\u00e9m dos classificados no voleibol, handebol e taekwondo, as finais da primeira edi\u00e7\u00e3o das Olimp\u00edadas que Transformam ser\u00e1 disputada por equipes de futsal e atletas do jud\u00f4, formados em projetos esportivos patrocinados pela Cemig, por meio de leis de incentivo ao esporte. \u00a0<\/p>\n<p><strong>Incentivo ao esporte \u00a0<\/strong><\/p>\n<p>Anualmente, a Cemig lan\u00e7a edital de chamada p\u00fablica para selecionar projetos\u202fque\u202fpromovam a pr\u00e1tica de esportes e\u202fofere\u00e7am benef\u00edcios sociais e de cidadania, especialmente para crian\u00e7as e adolescentes.\u202f\u00a0\u00a0<\/p>\n<p>Sabendo da import\u00e2ncia do esporte como ferramenta essencial para o desenvolvimento social, a Cemig acredita e apoia essa pr\u00e1tica como incentivo ao bem-estar das comunidades onde atua. \u00a0<\/p>\n<p>Nos \u00faltimos cinco anos, a Cemig investiu cerca de R$ 30 milh\u00f5es\u202fque\u202fbeneficiaram quase 20 mil jovens em toda a \u00e1rea de atua\u00e7\u00e3o da empresa em Minas Gerais. \u00a0<\/p>\n<p>Confira a lista com os atletas e a equipe classificados nas seletivas de taekwondo e voleibol, realizadas, respectivamente, em Belo Horizonte e em Sabar\u00e1:\u00a0<\/p>\n<p><strong>Taekwondo \u2013 Educa pela luta \u00a0<\/strong><\/p>\n<p>Alicia Gabrielle Ferreira Dias \u2013 11 anos \u00a0<br \/>&#13;<br \/>\nEmily Christen Marques Gon\u00e7alves \u2013 13 anos \u00a0<br \/>&#13;<br \/>\nKezia Vitoria de Jesus Ferreira \u2013 13 anos \u00a0<br \/>&#13;<br \/>\nSarah Santos Prado da Silva \u2013 13 anos \u00a0<br \/>&#13;<br \/>\nDaniel Philip Alves Santos \u2013 13 anos \u00a0<br \/>&#13;<br \/>\nGabriel Lopes de Melo \u2013 11 anos \u00a0<br \/>&#13;<br \/>\nJhemerson Eduardo Soares Rocha \u2013 14 anos \u00a0<br \/>&#13;<br \/>\nThalles Augusto Gon\u00e7alves \u2013 12 anos \u00a0<br \/>&#13;<br \/>\n\u00a0\u00a0<br \/>&#13;<br \/>\n<strong>Voleibol \u2013 Transforma pelo esporte \u00a0<\/strong><\/p>\n<p>Amanda Caroline Cunha Leite \u2013 13 anos \u00a0\u00a0<br \/>&#13;<br \/>\nAna Caroline dos Santos Almeida &#8211; 13 anos \u00a0<br \/>&#13;<br \/>\nAna Luiza Fagundes Martins da Silva \u2013 12 anos \u00a0\u00a0<br \/>&#13;<br \/>\nAnna Lara Rodrigues Cunha \u2013 13 anos \u00a0\u00a0<br \/>&#13;<br \/>\nBeatriz Rafaela Rodrigues de Souza Silva &#8211; 12 anos \u00a0<br \/>&#13;<br \/>\nElida Vitoria Joviano de Oliveira Silva &#8211; 13 anos \u00a0<br \/>&#13;<br \/>\nHellen Beatriz Ferreira Santos \u2013 14 anos \u00a0\u00a0<br \/>&#13;<br \/>\nIzabelly Estefane Araujo Ferreira \u2013 14 anos \u00a0\u00a0<br \/>&#13;<br \/>\nJulia Vitoria Quirino Paiva \u2013 14 anos \u00a0\u00a0<br \/>&#13;<br \/>\nLorena Verissimo de Araujo \u2013 12 anos \u00a0<br \/>&#13;<br \/>\nLudmilla Kathleen de Souza \u2013 13 anos \u00a0<br \/>&#13;<br \/>\nMaria Clara Silva Duarte \u2013 13 anos \u00a0<br \/>&#13;<br \/>\nMaria Eduarda Fel\u00edcio Ferreira \u2013 12 anos \u00a0\u00a0<br \/>&#13;<br \/>\nThais Vitoria Costa &#8211; 13 anos \u00a0<br \/>&#13;<br \/>\n\u00a0<\/p>\n<\/p><\/div>\n","protected":false},"excerpt":{"rendered":"<p>Ao todo, as Olimp\u00edadas\u202fque\u202fTransformam\u202fv\u00e3o reunir nove projetos patrocinados pela Cemig em Minas Gerais, com representantes s\u00e3o de Vi\u00e7osa, Juiz de Fora, Barbacena, Minas Novas, Governador Valadares, Montes Claros, Gr\u00e3o-Mogol, C\u00e1ssia, Contagem, Belo Horizonte, Sabar\u00e1, S\u00e3o Jos\u00e9 da Lapa e Cruz\u00edlia. \u00a0 Al\u00e9m dos classificados no voleibol, handebol e taekwondo, as finais da primeira edi\u00e7\u00e3o das &#8230; <a title=\"Ag\u00eancia Minas Gerais | Definidos os primeiros classificados da RMBH para a fase final das Olimp\u00edadas que Transformam, da Cemig\" class=\"read-more\" href=\"https:\/\/superinteressantes.com.br\/index.php\/2024\/03\/25\/agencia-minas-gerais-definidos-os-primeiros-classificados-da-rmbh-para-a-fase-final-das-olimpiadas-que-transformam-da-cemig\/\" aria-label=\"More on Ag\u00eancia Minas Gerais | Definidos os primeiros classificados da RMBH para a fase final das Olimp\u00edadas que Transformam, da Cemig\">Ler mais<\/a><\/p>\n","protected":false},"author":1,"featured_media":0,"comment_status":"open","ping_status":"open","sticky":false,"template":"","format":"standard","meta":{"footnotes":""},"categories":[1],"tags":[],"class_list":["post-8313","post","type-post","status-publish","format-standard","hentry","category-sem-categoria"],"amp_enabled":true,"_links":{"self":[{"href":"https:\/\/superinteressantes.com.br\/index.php\/wp-json\/wp\/v2\/posts\/8313","targetHints":{"allow":["GET"]}}],"collection":[{"href":"https:\/\/superinteressantes.com.br\/index.php\/wp-json\/wp\/v2\/posts"}],"about":[{"href":"https:\/\/superinteressantes.com.br\/index.php\/wp-json\/wp\/v2\/types\/post"}],"author":[{"embeddable":true,"href":"https:\/\/superinteressantes.com.br\/index.php\/wp-json\/wp\/v2\/users\/1"}],"replies":[{"embeddable":true,"href":"https:\/\/superinteressantes.com.br\/index.php\/wp-json\/wp\/v2\/comments?post=8313"}],"version-history":[{"count":0,"href":"https:\/\/superinteressantes.com.br\/index.php\/wp-json\/wp\/v2\/posts\/8313\/revisions"}],"wp:attachment":[{"href":"https:\/\/superinteressantes.com.br\/index.php\/wp-json\/wp\/v2\/media?parent=8313"}],"wp:term":[{"taxonomy":"category","embeddable":true,"href":"https:\/\/superinteressantes.com.br\/index.php\/wp-json\/wp\/v2\/categories?post=8313"},{"taxonomy":"post_tag","embeddable":true,"href":"https:\/\/superinteressantes.com.br\/index.php\/wp-json\/wp\/v2\/tags?post=8313"}],"curies":[{"name":"wp","href":"https:\/\/api.w.org\/{rel}","templated":true}]}}