{"id":8295,"date":"2024-03-25T13:11:14","date_gmt":"2024-03-25T16:11:14","guid":{"rendered":"http:\/\/superinteressantes.com.br\/index.php\/2024\/03\/25\/cerest-registrou-mais-de-300-notificacoes-de-transtorno-mental-relacionado-ao-trabalho-em-cinco-anos\/"},"modified":"2024-03-25T13:11:14","modified_gmt":"2024-03-25T16:11:14","slug":"cerest-registrou-mais-de-300-notificacoes-de-transtorno-mental-relacionado-ao-trabalho-em-cinco-anos","status":"publish","type":"post","link":"https:\/\/superinteressantes.com.br\/index.php\/2024\/03\/25\/cerest-registrou-mais-de-300-notificacoes-de-transtorno-mental-relacionado-ao-trabalho-em-cinco-anos\/","title":{"rendered":"Cerest registrou mais de 300 notifica\u00e7\u00f5es de transtorno mental relacionado ao trabalho em cinco anos"},"content":{"rendered":"<p><\/p>\n<div>\n<p>O Centro Regional de Refer\u00eancia em Sa\u00fade do Trabalhador (Cerest) de Jo\u00e3o Pessoa registrou 305 notifica\u00e7\u00f5es de transtorno mental relacionado ao trabalho no per\u00edodo de 2019 at\u00e9 2023. Com a finalidade de desenvolver a\u00e7\u00f5es e pol\u00edticas relacionadas ao tema, representantes do \u00f3rg\u00e3o participaram de uma oficina, em Bras\u00edlia (DF), realizada pela Secretaria de Vigil\u00e2ncia em Sa\u00fade e Ambiente do Minist\u00e9rio da Sa\u00fade nas \u00faltima quinta (21) e sexta-feira (22).<\/p>\n<figure class=\"wp-block-gallery has-nested-images columns-default is-cropped wp-block-gallery-1 is-layout-flex wp-block-gallery-is-layout-flex\">\n<figure class=\"wp-block-image size-large\"><\/figure>\n<figure class=\"wp-block-image size-large\"><\/figure>\n<\/figure>\n<p>De acordo com o diretor do Cerest, Kleber Jos\u00e9, o objetivo da oficina \u00e9 construir um plano nacional de sa\u00fade mental relacionada ao trabalho contendo a\u00e7\u00f5es priorit\u00e1rias a serem desenvolvidas para identificar e prevenir o sofrimento e adoecimento mental relacionados ao trabalho, al\u00e9m de promover ambientes de trabalho saud\u00e1veis. \u201cOs transtornos mentais relacionados ao trabalho \u00e9 uma realidade vivenciada por v\u00e1rios trabalhadores em decorr\u00eancia de ass\u00e9dio moral ou sexual sofridos nos espa\u00e7os de trabalho\u201d, afirmou.<\/p>\n<p>A partir dos encaminhamentos da oficina do Minist\u00e9rio da Sa\u00fade, o Cerest de Jo\u00e3o Pessoa vai promover debates com as Equipes de Sa\u00fade da Fam\u00edlia para que os profissionais desenvolvam atividades mais direcionadas e espec\u00edficas para identificar, acompanhar e encaminhar usu\u00e1rios na Rede Municipal de Sa\u00fade, partindo do pressuposto que uma boa parte dos transtornos mentais podem ser relacionados ao trabalho do usu\u00e1rio.<\/p>\n<p>Como resultado da oficina do Minist\u00e9rio da Sa\u00fade, ser\u00e1 emitido um documento com diretrizes e prioridades relacionadas ao tema a serem adotadas por estados e munic\u00edpios. \u201cO momento foi oportuno para discutir fragilidades e desafios, apontando prioridades a curto, m\u00e9dio e longo prazo. A coordena\u00e7\u00e3o nacional dever\u00e1 propor um segundo encontro para concluir o documento iniciado com representantes de v\u00e1rios Cerest do pa\u00eds. Mas j\u00e1 estamos realizando matriciamento com as Unidades de Sa\u00fade da Fam\u00edlia  com foco na sa\u00fade mental e trabalho\u201d, destacou Carmen Ver\u00f4nica Almeida, psic\u00f3loga e t\u00e9cnica do Cerest de Jo\u00e3o Pessoa.<\/p>\n<p>Segundo explicou a psic\u00f3loga, o matriciamento vai contribuir para que as Equipes de Sa\u00fade da Fam\u00edlia desenvolvam atividades mais direcionadas e espec\u00edficas para identificar, acompanhar e encaminhar usu\u00e1rios na rede de sa\u00fade, partindo do pressuposto que uma boa parte dos transtornos mentais podem ser relacionados ao trabalho do usu\u00e1rio.<\/p>\n<p><strong>Servi\u00e7o \u2013<\/strong>\u00a0O Cerest Jo\u00e3o Pessoa oferece assist\u00eancia a pacientes oriundos de 64 munic\u00edpios, que integram a 1\u00aa macrorregi\u00e3o da Para\u00edba contando com o atendimento dos profissionais m\u00e9dicos, enfermeiros, fisioterapeutas e assistentes sociais, dispondo de escuta qualificada sobre a hist\u00f3ria de trabalho e a hist\u00f3ria da doen\u00e7a. Se confirmado o nexo causal entre a doen\u00e7a e o trabalho, \u00e9 emitida a Comunica\u00e7\u00e3o de Acidente de Trabalho (CAT), parecer e laudo m\u00e9dico para fins de direitos do trabalhador, no \u00e2mbito da Previd\u00eancia Social ou da Justi\u00e7a do Trabalho.<\/p>\n<p>Quem necessitar dos servi\u00e7os do Cerest, mesmo que n\u00e3o seja uma den\u00fancia, pode marcar uma consulta atrav\u00e9s do telefone (83) 3213-7638 ou ir diretamente \u00e0 sede, localizado na Policl\u00ednica Municipal de Jaguaribe. No dia da consulta, o usu\u00e1rio precisa levar documentos pessoais como RG, CPF, Cart\u00e3o SUS, al\u00e9m de atestados, laudos e pareceres m\u00e9dicos precedentes.<\/p>\n<p><strong>Reconhecimento \u2013<\/strong> O \u00f3rg\u00e3o teve avalia\u00e7\u00e3o satisfat\u00f3ria pelo Minist\u00e9rio da Sa\u00fade em 2023, alcan\u00e7ando 141 pontos, conforme crit\u00e9rios do Indicador de Sa\u00fade do Trabalhador no Plano Nacional de Sa\u00fade (PNS) 2020\/2023. O indicador prop\u00f5e mensurar a qualidade da atua\u00e7\u00e3o dos Cerest regionais e municipais no \u00e2mbito da\u00a0Rede Nacional de Aten\u00e7\u00e3o Integral \u00e0 Sa\u00fade do Trabalhador\u00a0(Renast) e da\u00a0Rede de Aten\u00e7\u00e3o \u00e0 Sa\u00fade\u00a0(RAS) na perspectiva da integralidade do cuidado \u00e0 sa\u00fade do trabalhador.<\/p>\n<\/p><\/div>\n","protected":false},"excerpt":{"rendered":"<p>O Centro Regional de Refer\u00eancia em Sa\u00fade do Trabalhador (Cerest) de Jo\u00e3o Pessoa registrou 305 notifica\u00e7\u00f5es de transtorno mental relacionado ao trabalho no per\u00edodo de 2019 at\u00e9 2023. Com a finalidade de desenvolver a\u00e7\u00f5es e pol\u00edticas relacionadas ao tema, representantes do \u00f3rg\u00e3o participaram de uma oficina, em Bras\u00edlia (DF), realizada pela Secretaria de Vigil\u00e2ncia em &#8230; <a title=\"Cerest registrou mais de 300 notifica\u00e7\u00f5es de transtorno mental relacionado ao trabalho em cinco anos\" class=\"read-more\" href=\"https:\/\/superinteressantes.com.br\/index.php\/2024\/03\/25\/cerest-registrou-mais-de-300-notificacoes-de-transtorno-mental-relacionado-ao-trabalho-em-cinco-anos\/\" aria-label=\"More on Cerest registrou mais de 300 notifica\u00e7\u00f5es de transtorno mental relacionado ao trabalho em cinco anos\">Ler mais<\/a><\/p>\n","protected":false},"author":1,"featured_media":0,"comment_status":"open","ping_status":"open","sticky":false,"template":"","format":"standard","meta":{"footnotes":""},"categories":[1],"tags":[],"class_list":["post-8295","post","type-post","status-publish","format-standard","hentry","category-sem-categoria"],"amp_enabled":true,"_links":{"self":[{"href":"https:\/\/superinteressantes.com.br\/index.php\/wp-json\/wp\/v2\/posts\/8295","targetHints":{"allow":["GET"]}}],"collection":[{"href":"https:\/\/superinteressantes.com.br\/index.php\/wp-json\/wp\/v2\/posts"}],"about":[{"href":"https:\/\/superinteressantes.com.br\/index.php\/wp-json\/wp\/v2\/types\/post"}],"author":[{"embeddable":true,"href":"https:\/\/superinteressantes.com.br\/index.php\/wp-json\/wp\/v2\/users\/1"}],"replies":[{"embeddable":true,"href":"https:\/\/superinteressantes.com.br\/index.php\/wp-json\/wp\/v2\/comments?post=8295"}],"version-history":[{"count":0,"href":"https:\/\/superinteressantes.com.br\/index.php\/wp-json\/wp\/v2\/posts\/8295\/revisions"}],"wp:attachment":[{"href":"https:\/\/superinteressantes.com.br\/index.php\/wp-json\/wp\/v2\/media?parent=8295"}],"wp:term":[{"taxonomy":"category","embeddable":true,"href":"https:\/\/superinteressantes.com.br\/index.php\/wp-json\/wp\/v2\/categories?post=8295"},{"taxonomy":"post_tag","embeddable":true,"href":"https:\/\/superinteressantes.com.br\/index.php\/wp-json\/wp\/v2\/tags?post=8295"}],"curies":[{"name":"wp","href":"https:\/\/api.w.org\/{rel}","templated":true}]}}