{"id":8289,"date":"2024-03-25T09:12:57","date_gmt":"2024-03-25T12:12:57","guid":{"rendered":"http:\/\/superinteressantes.com.br\/index.php\/2024\/03\/25\/cicero-lucena-inicia-a-distribuicao-de-peixes-que-vai-beneficiar-35-mil-familias-da-capital\/"},"modified":"2024-03-25T09:12:57","modified_gmt":"2024-03-25T12:12:57","slug":"cicero-lucena-inicia-a-distribuicao-de-peixes-que-vai-beneficiar-35-mil-familias-da-capital","status":"publish","type":"post","link":"https:\/\/superinteressantes.com.br\/index.php\/2024\/03\/25\/cicero-lucena-inicia-a-distribuicao-de-peixes-que-vai-beneficiar-35-mil-familias-da-capital\/","title":{"rendered":"C\u00edcero Lucena inicia a distribui\u00e7\u00e3o de peixes que vai beneficiar 35 mil fam\u00edlias da Capital"},"content":{"rendered":"<p><\/p>\n<div>\n<p>Mais do que uma tradi\u00e7\u00e3o, o consumo do peixe na Semana Santa representa, tamb\u00e9m, a seguran\u00e7a alimentar para as pessoas mais vulner\u00e1veis da Capital, que nesta segunda-feira (25) come\u00e7aram a receber o pescado da Prefeitura de Jo\u00e3o Pessoa. O prefeito C\u00edcero Lucena deu in\u00edcio a distribui\u00e7\u00e3o, na Central de Comercializa\u00e7\u00e3o da Agricultura Familiar (Cecaf), no bairro Jos\u00e9 Am\u00e9rico, em uma a\u00e7\u00e3o que se estende at\u00e9 esta ter\u00e7a-feira (26) e vai beneficiar 35 mil fam\u00edlias, incluindo os residenciais da Prefeitura, associa\u00e7\u00f5es, comunidades ribeirinhas e quilombolas. \u00a0 <\/p>\n<figure class=\"wp-block-gallery has-nested-images columns-default is-cropped wp-block-gallery-1 is-layout-flex wp-block-gallery-is-layout-flex\">\n<figure class=\"wp-block-image size-large\"><\/figure>\n<figure class=\"wp-block-image size-large\"><\/figure>\n<\/figure>\n<p>\u201cA Semana Santa \u00e9 uma \u00e9poca onde todos n\u00f3s temos que refletir sobre as nossas vidas, sermos solid\u00e1rios, renovar a nossa f\u00e9 e a nossa confian\u00e7a em um futuro melhor. Existe uma orienta\u00e7\u00e3o no sentido de que na Sexta-feira Santa, todas as pessoas comam peixe, ent\u00e3o, nada melhor do que a Prefeitura ter a sensibilidade de j\u00e1 entregar esse peixe nesse per\u00edodo para aquelas fam\u00edlias mais carentes. Ou seja, \u00e9 a Prefeitura fazendo a sua parte, preocupada, principalmente com aqueles que mais precisam\u201d, afirmou o prefeito C\u00edcero Lucena. \u00a0 <\/p>\n<p>Para fazer a entrega dos 35 mil quilos de peixe, a Prefeitura de Jo\u00e3o Pessoa est\u00e1 contando com a participa\u00e7\u00e3o de v\u00e1rias secretarias, capitaneadas pela Secretaria de Desenvolvimento Social (Sedes). \u201cEst\u00e3o sendo beneficiadas fam\u00edlias que a gente identifica nas associa\u00e7\u00f5es comunit\u00e1rias, aquelas que s\u00e3o atendidas pelo Sistema de Seguran\u00e7a Alimentar nas Cozinhas Comunit\u00e1rias. N\u00f3s temos a entrega hoje e amanh\u00e3, programando esses dois dias, dividido por secretarias. A gente recebe uma parte da mercadoria hoje, das toneladas de peixe, no total de 35 toneladas\u201d, afirmou Norma Gouveia, secret\u00e1ria de Desenvolvimento Social. \u00a0 <\/p>\n<figure class=\"wp-block-gallery has-nested-images columns-default is-cropped wp-block-gallery-2 is-layout-flex wp-block-gallery-is-layout-flex\">\n<figure class=\"wp-block-image size-large\"><\/figure>\n<figure class=\"wp-block-image size-large\"><\/figure>\n<figure class=\"wp-block-image size-large\"><\/figure>\n<\/figure>\n<p>Neste primeiro dia, a a\u00e7\u00e3o se concentra nos residenciais constru\u00eddos pela Prefeitura de Jo\u00e3o Pessoa, onde as pessoas precisam estar presentes na hora da entrega. Em seguida, as equipes percorrer\u00e3o os demais locais, somando mais de 20 bairros da cidade, em uma grande a\u00e7\u00e3o de cidadania, com foco na seguran\u00e7a alimentar. \u00a0<\/p>\n<p> \u201cAs pessoas precisam e a Prefeitura est\u00e1 sempre presente. O prefeito C\u00edcero, todo ano est\u00e1 aqui fazendo essa a\u00e7\u00e3o. As pessoas telefonam perguntando quando, como vai ser e tudo mais. Ent\u00e3o, Norma fez toda uma organiza\u00e7\u00e3o e a Semhab est\u00e1 incorporada nessa a\u00e7\u00e3o para entregar os peixes. Todos os residenciais, todas as comunidades, todas as fam\u00edlias que mais precisam v\u00e3o receber\u201d, garantiu a secret\u00e1ria de Habita\u00e7\u00e3o, Socorro Gadelha. \u00a0 <\/p>\n<figure class=\"wp-block-gallery has-nested-images columns-default is-cropped wp-block-gallery-3 is-layout-flex wp-block-gallery-is-layout-flex\">\n<figure class=\"wp-block-image size-large\"><\/figure>\n<figure class=\"wp-block-image size-large\"><\/figure>\n<\/figure>\n<p>Participam da a\u00e7\u00e3o a Secretaria de Desenvolvimento Social (Sedes), Desenvolvimento Urbano (Sedurb), Habita\u00e7\u00e3o Social (Semhab), Seguran\u00e7a Urbana e Cidadania (Semusb), Direitos Humanos e Cidadania (Sedhuc), al\u00e9m da Autarquia Especial Municipal de Limpeza Urbana (Emlur).<\/p>\n<\/p><\/div>\n","protected":false},"excerpt":{"rendered":"<p>Mais do que uma tradi\u00e7\u00e3o, o consumo do peixe na Semana Santa representa, tamb\u00e9m, a seguran\u00e7a alimentar para as pessoas mais vulner\u00e1veis da Capital, que nesta segunda-feira (25) come\u00e7aram a receber o pescado da Prefeitura de Jo\u00e3o Pessoa. O prefeito C\u00edcero Lucena deu in\u00edcio a distribui\u00e7\u00e3o, na Central de Comercializa\u00e7\u00e3o da Agricultura Familiar (Cecaf), no &#8230; <a title=\"C\u00edcero Lucena inicia a distribui\u00e7\u00e3o de peixes que vai beneficiar 35 mil fam\u00edlias da Capital\" class=\"read-more\" href=\"https:\/\/superinteressantes.com.br\/index.php\/2024\/03\/25\/cicero-lucena-inicia-a-distribuicao-de-peixes-que-vai-beneficiar-35-mil-familias-da-capital\/\" aria-label=\"More on C\u00edcero Lucena inicia a distribui\u00e7\u00e3o de peixes que vai beneficiar 35 mil fam\u00edlias da Capital\">Ler mais<\/a><\/p>\n","protected":false},"author":1,"featured_media":0,"comment_status":"open","ping_status":"open","sticky":false,"template":"","format":"standard","meta":{"footnotes":""},"categories":[1],"tags":[],"class_list":["post-8289","post","type-post","status-publish","format-standard","hentry","category-sem-categoria"],"amp_enabled":true,"_links":{"self":[{"href":"https:\/\/superinteressantes.com.br\/index.php\/wp-json\/wp\/v2\/posts\/8289","targetHints":{"allow":["GET"]}}],"collection":[{"href":"https:\/\/superinteressantes.com.br\/index.php\/wp-json\/wp\/v2\/posts"}],"about":[{"href":"https:\/\/superinteressantes.com.br\/index.php\/wp-json\/wp\/v2\/types\/post"}],"author":[{"embeddable":true,"href":"https:\/\/superinteressantes.com.br\/index.php\/wp-json\/wp\/v2\/users\/1"}],"replies":[{"embeddable":true,"href":"https:\/\/superinteressantes.com.br\/index.php\/wp-json\/wp\/v2\/comments?post=8289"}],"version-history":[{"count":0,"href":"https:\/\/superinteressantes.com.br\/index.php\/wp-json\/wp\/v2\/posts\/8289\/revisions"}],"wp:attachment":[{"href":"https:\/\/superinteressantes.com.br\/index.php\/wp-json\/wp\/v2\/media?parent=8289"}],"wp:term":[{"taxonomy":"category","embeddable":true,"href":"https:\/\/superinteressantes.com.br\/index.php\/wp-json\/wp\/v2\/categories?post=8289"},{"taxonomy":"post_tag","embeddable":true,"href":"https:\/\/superinteressantes.com.br\/index.php\/wp-json\/wp\/v2\/tags?post=8289"}],"curies":[{"name":"wp","href":"https:\/\/api.w.org\/{rel}","templated":true}]}}