{"id":7852,"date":"2024-03-13T14:39:22","date_gmt":"2024-03-13T17:39:22","guid":{"rendered":"http:\/\/superinteressantes.com.br\/index.php\/2024\/03\/13\/agencia-minas-gerais-governo-de-minas-entrega-81-novos-carros-a-unidades-regionais-do-instituto-estadual-de-florestas-para-fortalecer-trabalho-ambiental\/"},"modified":"2024-03-13T14:39:22","modified_gmt":"2024-03-13T17:39:22","slug":"agencia-minas-gerais-governo-de-minas-entrega-81-novos-carros-a-unidades-regionais-do-instituto-estadual-de-florestas-para-fortalecer-trabalho-ambiental","status":"publish","type":"post","link":"https:\/\/superinteressantes.com.br\/index.php\/2024\/03\/13\/agencia-minas-gerais-governo-de-minas-entrega-81-novos-carros-a-unidades-regionais-do-instituto-estadual-de-florestas-para-fortalecer-trabalho-ambiental\/","title":{"rendered":"Ag\u00eancia Minas Gerais | Governo de Minas entrega 81 novos carros a unidades regionais do Instituto Estadual de Florestas para fortalecer trabalho ambiental"},"content":{"rendered":"<p><\/p>\n<div>\n<p><figure class=\"image\" style=\"float:left\">&#13;<figcaption><sub><em>Robson Santos\u00a0<\/em><\/sub><\/figcaption>&#13;<br \/>\n<\/figure>\n<p>&#13;<br \/>\n&#13;\n<\/p>\n<p>Para refor\u00e7ar e otimizar o trabalho ambiental nas regionais do Instituto Estadual de Florestas (IEF), o Governo de Minas entregou, nessa ter\u00e7a-feira (12\/3), em cerim\u00f4nia simb\u00f3lica no Parque Estadual Serra Verde, em Belo Horizonte, 81 novos ve\u00edculos a 14 Unidades Regionais de Florestas e Biodiversidade (URFBio).<\/p>\n<p>Os novos carros v\u00e3o permitir melhores condi\u00e7\u00f5es aos servidores para as atividades ambientais, impactando na melhoria do trabalho entregue \u00e0 sociedade.<\/p>\n<p>Foram distribu\u00eddos 45 ve\u00edculos Volkswagen Polo Track, 35 picapes Chevrolet S10 4&#215;4 e uma van Mercedes-Benz Sprinter. Os automotivos ser\u00e3o usados nas sedes da URFBios e suas unidades vinculadas, como as Unidades de Conserva\u00e7\u00e3o e os N\u00facleos de Apoio Regional.<\/p>\n<p>A entrega das chaves contou com a presen\u00e7a da secret\u00e1ria de Estado de Meio Ambiente e Desenvolvimento Sustent\u00e1vel, Mar\u00edlia Melo, do diretor-geral do IEF, Breno Lasmar, do diretor de Licenciamento da Vale, Lauro Amorim, e do gerente do Parque Serra Verde, Andr\u00e9 Portugal.<\/p>\n<p>\u201cEsta renova\u00e7\u00e3o fortalece os resultados entregues pelo Sisema \u00e0 sociedade. Boas condi\u00e7\u00f5es de trabalho s\u00e3o o m\u00ednimo que o Estado pode dar a todos n\u00f3s\u201d, comentou a secret\u00e1ria Mar\u00edlia Melo, durante a cerim\u00f4nia.<\/p>\n<p>Segundo ela, os novos ve\u00edculos impactam na melhoria da atua\u00e7\u00e3o ambiental das regionais, como as atividades de fomento, gest\u00e3o da fauna, fiscaliza\u00e7\u00e3o, entre outras a\u00e7\u00f5es. \u201cH\u00e1 outras entregas em curso para que, a cada dia, possamos fortalecer o Sisema (Sistema Estadual de Meio Ambiente e Recursos H\u00eddricos), dando mais condi\u00e7\u00f5es \u00e0s equipes e melhores resultados para a popula\u00e7\u00e3o\u201d, disse.<br \/>&#13;<br \/>\n\u00a0<\/p>\n<figure class=\"image\" style=\"float:right\">&#13;<figcaption><sub><em>Robson Santos\u00a0<\/em><\/sub><\/figcaption>&#13;<br \/>\n<\/figure>\n<p>Segundo destacou o diretor-geral do IEF, Breno Lasmar, os carros representam uma nova inje\u00e7\u00e3o aos servidores, que se esfor\u00e7am diariamente para as a\u00e7\u00f5es ambientais. \u201cEsperamos que, com essa novidade, seja um ano ainda melhor e de grandes resultados\u201d, afirmou.<\/p>\n<p><strong>Investimento<\/strong><\/p>\n<p>O projeto de renova\u00e7\u00e3o da frota de ve\u00edculos oficiais do IEF integra os investimentos realizados no Sisema por meio de recursos do Termo de Compromisso firmado entre a empresa Vale S\/A, o Estado de Minas Gerais, Minist\u00e9rio P\u00fablico de Minas Gerais (MPMG) e Minist\u00e9rio P\u00fablico Federal.<\/p>\n<p>O acordo foi firmado em decorr\u00eancia do descumprimento do prazo estabelecido na Lei Estadual n\u00ba 23.291\/2019, mais conhecida como Lei Mar de Lama Nunca Mais, para descaracteriza\u00e7\u00e3o das barragens constru\u00eddas ou alteadas pelo m\u00e9todo a montante.<\/p>\n<p>O termo foi assinado como uma solu\u00e7\u00e3o vi\u00e1vel para as estruturas de barragens a montante que, por quest\u00f5es t\u00e9cnicas, n\u00e3o foram descaracterizadas no prazo estipulado pela lei.<\/p>\n<p>Para que essas estruturas fossem descaracterizadas com seguran\u00e7a num prazo adequado, o Governo de Minas, o Minist\u00e9rio P\u00fablico de Minas Gerais e o Minist\u00e9rio P\u00fablico Federal assinaram, em 2022, o termo com as empresas respons\u00e1veis.<\/p>\n<p>O acordo previu indeniza\u00e7\u00f5es por dano moral coletivo e estabeleceu novos prazos para a conclus\u00e3o, sob pena de san\u00e7\u00f5es, como multa di\u00e1ria.<\/p>\n<\/p><\/div>\n","protected":false},"excerpt":{"rendered":"<p>&#13;Robson Santos\u00a0&#13; &#13; &#13; Para refor\u00e7ar e otimizar o trabalho ambiental nas regionais do Instituto Estadual de Florestas (IEF), o Governo de Minas entregou, nessa ter\u00e7a-feira (12\/3), em cerim\u00f4nia simb\u00f3lica no Parque Estadual Serra Verde, em Belo Horizonte, 81 novos ve\u00edculos a 14 Unidades Regionais de Florestas e Biodiversidade (URFBio). Os novos carros v\u00e3o permitir &#8230; <a title=\"Ag\u00eancia Minas Gerais | Governo de Minas entrega 81 novos carros a unidades regionais do Instituto Estadual de Florestas para fortalecer trabalho ambiental\" class=\"read-more\" href=\"https:\/\/superinteressantes.com.br\/index.php\/2024\/03\/13\/agencia-minas-gerais-governo-de-minas-entrega-81-novos-carros-a-unidades-regionais-do-instituto-estadual-de-florestas-para-fortalecer-trabalho-ambiental\/\" aria-label=\"More on Ag\u00eancia Minas Gerais | Governo de Minas entrega 81 novos carros a unidades regionais do Instituto Estadual de Florestas para fortalecer trabalho ambiental\">Ler mais<\/a><\/p>\n","protected":false},"author":1,"featured_media":0,"comment_status":"open","ping_status":"open","sticky":false,"template":"","format":"standard","meta":{"footnotes":""},"categories":[1],"tags":[],"class_list":["post-7852","post","type-post","status-publish","format-standard","hentry","category-sem-categoria"],"amp_enabled":true,"_links":{"self":[{"href":"https:\/\/superinteressantes.com.br\/index.php\/wp-json\/wp\/v2\/posts\/7852","targetHints":{"allow":["GET"]}}],"collection":[{"href":"https:\/\/superinteressantes.com.br\/index.php\/wp-json\/wp\/v2\/posts"}],"about":[{"href":"https:\/\/superinteressantes.com.br\/index.php\/wp-json\/wp\/v2\/types\/post"}],"author":[{"embeddable":true,"href":"https:\/\/superinteressantes.com.br\/index.php\/wp-json\/wp\/v2\/users\/1"}],"replies":[{"embeddable":true,"href":"https:\/\/superinteressantes.com.br\/index.php\/wp-json\/wp\/v2\/comments?post=7852"}],"version-history":[{"count":0,"href":"https:\/\/superinteressantes.com.br\/index.php\/wp-json\/wp\/v2\/posts\/7852\/revisions"}],"wp:attachment":[{"href":"https:\/\/superinteressantes.com.br\/index.php\/wp-json\/wp\/v2\/media?parent=7852"}],"wp:term":[{"taxonomy":"category","embeddable":true,"href":"https:\/\/superinteressantes.com.br\/index.php\/wp-json\/wp\/v2\/categories?post=7852"},{"taxonomy":"post_tag","embeddable":true,"href":"https:\/\/superinteressantes.com.br\/index.php\/wp-json\/wp\/v2\/tags?post=7852"}],"curies":[{"name":"wp","href":"https:\/\/api.w.org\/{rel}","templated":true}]}}