{"id":7764,"date":"2024-03-11T03:53:38","date_gmt":"2024-03-11T06:53:38","guid":{"rendered":"http:\/\/superinteressantes.com.br\/index.php\/2024\/03\/11\/prefeitura-efetiva-120-novos-agentes-educadores\/"},"modified":"2024-03-11T03:53:38","modified_gmt":"2024-03-11T06:53:38","slug":"prefeitura-efetiva-120-novos-agentes-educadores","status":"publish","type":"post","link":"https:\/\/superinteressantes.com.br\/index.php\/2024\/03\/11\/prefeitura-efetiva-120-novos-agentes-educadores\/","title":{"rendered":"Prefeitura efetiva 120 novos agentes educadores"},"content":{"rendered":"<p><\/p>\n<div>\n<p><b>Lucas Brito<\/b><br \/>&#13;<br \/>\n&#13;<br \/>\n                <span style=\"font-weight: bold;\">Secretaria de Educa\u00e7\u00e3o e Cidadania<\/span><\/p>\n<p>A Prefeitura de S\u00e3o Jos\u00e9 dos Campos convocou 120 novos agentes educadores aprovados em concurso p\u00fablico. Na manh\u00e3 desta sexta-feira (8), eles foram at\u00e9 o Cefe (Centro de Forma\u00e7\u00e3o do Educador) para apresentar os documentos exigidos para efetiva\u00e7\u00e3o.<\/p>\n<p>Os agentes educadores atuam nas unidades escolares da Educa\u00e7\u00e3o Infantil desenvolvendo atividades de cuidado, higiene, alimenta\u00e7\u00e3o, seguran\u00e7a e recrea\u00e7\u00e3o com as crian\u00e7as, em jornadas de 40 horas semanais.<\/p>\n<p>A escolha do local de trabalho segue a ordem de classifica\u00e7\u00e3o no concurso p\u00fablico, homologado em janeiro deste ano.<\/p>\n<p>Todos passar\u00e3o por forma\u00e7\u00e3o preparat\u00f3ria para exerc\u00edcio da fun\u00e7\u00e3o na Escola de Forma\u00e7\u00e3o do Educador (EFE).<\/p>\n<p>De 2017 at\u00e9 hoje, a Prefeitura efetivou mais de 3.000 servidores para a Secretaria de Educa\u00e7\u00e3o e Cidadania entre professores P1 e P2, agentes educadores e assistentes de gest\u00e3o.<\/p>\n<p><span class=\"intertitulo\">Realiza\u00e7\u00e3o<\/span><\/p>\n<p>Aos 50 anos, Roberta Marcondes Fourniol Rebello est\u00e1 animada para come\u00e7ar uma nova etapa em sua carreira profissional. &#8220;Confesso que nem acreditei quando vi que fui aprovada, fiquei muito emocionada. Tem um significado especial estar aqui hoje, no Dia Internacional da Mulher, dando in\u00edcio a uma nova fase na minha vida&#8221;, destacou.<\/p>\n<p><sub><em>Roberta contou que estudou diariamente para o concurso | Foto: Adenir Britto\/PMSJC<\/em><\/sub><\/p>\n<p>Para Jos\u00e9 William dos Santos Perotti, de 29 anos, essa oportunidade foi ainda mais valiosa por se tratar da \u00e1rea da Educa\u00e7\u00e3o. &#8220;O ensino \u00e9 muito importante na vida de todas as pessoas e \u00e9 gratificante trabalhar auxiliando os professores no desenvolvimento das crian\u00e7as&#8221;, afirmou.<\/p>\n<p><sub><em>Jos\u00e9 est\u00e1 preparado para o novo desafio | Foto: Adenir Britto\/PMSJC<\/em><\/sub><\/p>\n<p>&#13;<br \/>\n                        <strong>MAIS NOT\u00cdCIAS<\/strong><br \/>&#13;<br \/>\n                        Secretaria de Educa\u00e7\u00e3o e Cidadania&#13;\n                    <\/p>\n<\/p><\/div>\n","protected":false},"excerpt":{"rendered":"<p>Lucas Brito&#13; &#13; Secretaria de Educa\u00e7\u00e3o e Cidadania A Prefeitura de S\u00e3o Jos\u00e9 dos Campos convocou 120 novos agentes educadores aprovados em concurso p\u00fablico. Na manh\u00e3 desta sexta-feira (8), eles foram at\u00e9 o Cefe (Centro de Forma\u00e7\u00e3o do Educador) para apresentar os documentos exigidos para efetiva\u00e7\u00e3o. Os agentes educadores atuam nas unidades escolares da Educa\u00e7\u00e3o &#8230; <a title=\"Prefeitura efetiva 120 novos agentes educadores\" class=\"read-more\" href=\"https:\/\/superinteressantes.com.br\/index.php\/2024\/03\/11\/prefeitura-efetiva-120-novos-agentes-educadores\/\" aria-label=\"More on Prefeitura efetiva 120 novos agentes educadores\">Ler mais<\/a><\/p>\n","protected":false},"author":1,"featured_media":0,"comment_status":"open","ping_status":"open","sticky":false,"template":"","format":"standard","meta":{"footnotes":""},"categories":[1],"tags":[],"class_list":["post-7764","post","type-post","status-publish","format-standard","hentry","category-sem-categoria"],"amp_enabled":true,"_links":{"self":[{"href":"https:\/\/superinteressantes.com.br\/index.php\/wp-json\/wp\/v2\/posts\/7764","targetHints":{"allow":["GET"]}}],"collection":[{"href":"https:\/\/superinteressantes.com.br\/index.php\/wp-json\/wp\/v2\/posts"}],"about":[{"href":"https:\/\/superinteressantes.com.br\/index.php\/wp-json\/wp\/v2\/types\/post"}],"author":[{"embeddable":true,"href":"https:\/\/superinteressantes.com.br\/index.php\/wp-json\/wp\/v2\/users\/1"}],"replies":[{"embeddable":true,"href":"https:\/\/superinteressantes.com.br\/index.php\/wp-json\/wp\/v2\/comments?post=7764"}],"version-history":[{"count":0,"href":"https:\/\/superinteressantes.com.br\/index.php\/wp-json\/wp\/v2\/posts\/7764\/revisions"}],"wp:attachment":[{"href":"https:\/\/superinteressantes.com.br\/index.php\/wp-json\/wp\/v2\/media?parent=7764"}],"wp:term":[{"taxonomy":"category","embeddable":true,"href":"https:\/\/superinteressantes.com.br\/index.php\/wp-json\/wp\/v2\/categories?post=7764"},{"taxonomy":"post_tag","embeddable":true,"href":"https:\/\/superinteressantes.com.br\/index.php\/wp-json\/wp\/v2\/tags?post=7764"}],"curies":[{"name":"wp","href":"https:\/\/api.w.org\/{rel}","templated":true}]}}