{"id":7692,"date":"2024-03-09T03:28:11","date_gmt":"2024-03-09T06:28:11","guid":{"rendered":"http:\/\/superinteressantes.com.br\/index.php\/2024\/03\/09\/agencia-minas-gerais-governo-de-minas-busca-novos-investimentos-em-evento-de-turismo-na-alemanha\/"},"modified":"2024-03-09T03:28:11","modified_gmt":"2024-03-09T06:28:11","slug":"agencia-minas-gerais-governo-de-minas-busca-novos-investimentos-em-evento-de-turismo-na-alemanha","status":"publish","type":"post","link":"https:\/\/superinteressantes.com.br\/index.php\/2024\/03\/09\/agencia-minas-gerais-governo-de-minas-busca-novos-investimentos-em-evento-de-turismo-na-alemanha\/","title":{"rendered":"Ag\u00eancia Minas Gerais | Governo de Minas busca novos investimentos em evento de turismo na Alemanha"},"content":{"rendered":"<p><\/p>\n<div>\n<p>O Governo de Minas, por meio da Secretaria de Estado de Cultura e Turismo (Secult-MG), tem buscado novos investimentos em participa\u00e7\u00e3o de eventos internacionais.\u00a0<\/p>\n<p>Nesta semana (de 5 a 7\/3), a pasta participou da ITB Berlin, na Alemanha, reconhecida como um dos maiores eventos do segmento tur\u00edstico do mundo, com objetivo de potencializar a internacionaliza\u00e7\u00e3o do Destino Minas Gerais, atraindo mais turistas e novos investimentos.\u00a0<\/p>\n<p>Na edi\u00e7\u00e3o 2023 da ITB Berlin, o Estado realizou negocia\u00e7\u00f5es para sediar uma das etapas da Copa do Mundo de Mountain Bike em abril, evento que vai contribuir para projetar Arax\u00e1 e o Circuito Tur\u00edstico Nascentes das Gerais e Canastra, que abrange mais 19 munic\u00edpios, como Capit\u00f3lio e S\u00e3o Roque de Minas, internacionalmente.\u00a0<\/p>\n<p>A ITB Berlin \u00e9 reconhecida como um dos maiores eventos do segmento tur\u00edstico do mundo.\u00a0<\/p>\n<p><strong>Internacionaliza\u00e7\u00e3o<\/strong><\/p>\n<p>O objetivo da Secretaria de Estado de Cultura e Turismo \u00e9 potencializar a internacionaliza\u00e7\u00e3o do Destino Minas Gerais, atraindo mais turistas e novos investimentos.<\/p>\n<p>Nos dias de evento a Secult participou \u00a0de reuni\u00f5es com expositores e com a Warnes Bros, que promove a Copa do Mundo de Mountain Bike junto \u00e0 Uni\u00e3o Cicl\u00edstica Internacional (UCI).\u00a0<\/p>\n<p>Na reuni\u00e3o com R\u00e9mi Trapero, gerente de Vendas Internacionais para Am\u00e9rica Latina da Warner Bros. Discovery Sports, foram feitos alinhamentos gerais sobre o torneio previsto para ocorrer de 19 a 21\/4\/2024.<\/p>\n<p>\u201cN\u00f3s acabamos de consolidar essa parceria. No pr\u00f3ximo m\u00eas, a partir de 19\/4, teremos uma etapa da Copa do Mundo de Mountain Bike em Arax\u00e1, e convido todo mundo para estar l\u00e1, na Serra da Canastra, regi\u00e3o cujo turismo cresce imensamente. O evento vai proporcionar proje\u00e7\u00e3o internacional de Arax\u00e1 e do Circuito Tur\u00edstico Nascentes das Gerais e Canastra, o qual abrange diversos munic\u00edpios, incluindo aqueles que integram o Mar de Minas, como Capit\u00f3lio, Alpin\u00f3polis e S\u00e3o Jos\u00e9 da Barra\u201d, refor\u00e7a o secret\u00e1rio de Estado de Cultura e Turismo, Le\u00f4nidas de Oliveira.\u00a0<\/p>\n<p>Ele tamb\u00e9m destaca o empenho na busca pela expans\u00e3o da conectividade no estado. \u00a0<\/p>\n<p>\u201cEstamos trabalhando para captar investimentos e parceiros para Minas Gerais, de forma que possamos atrair o mundo para Minas Gerais e mostrarmos Minas Gerais para o mundo. \u00a0Visitamos diversos expositores e parceiros com o objetivo de ampliarmos o n\u00famero de voos e os investimentos das cadeias hoteleiras internacionais no estado\u201d, acrescenta Oliveira.\u00a0<\/p>\n<p>Os principais atrativos tur\u00edsticos do estado, como a diversidade dos biomas, os patrim\u00f4nios hist\u00f3ricos, a cozinha mineira e a arte moderna e contempor\u00e2nea t\u00eam sido apresentados com foco tanto no mercado alem\u00e3o quanto na comunidade europeia.\u00a0<\/p>\n<p>Vale lembrar que, de acordo com pesquisa realizada pela Ag\u00eancia Brasileira de Promo\u00e7\u00e3o Internacional do Turismo (Embratur), Minas Gerais aparece como o s\u00e9timo destino brasileiro mais visitado pelos alem\u00e3es, o que demonstra a import\u00e2ncia de a\u00e7\u00f5es voltada para promo\u00e7\u00e3o de Minas Gerais para esse p\u00fablico, estimulando, assim, o retorno ou a vinda de novos turistas.<br \/>&#13;<br \/>\n\u00a0<\/p>\n<\/p><\/div>\n","protected":false},"excerpt":{"rendered":"<p>O Governo de Minas, por meio da Secretaria de Estado de Cultura e Turismo (Secult-MG), tem buscado novos investimentos em participa\u00e7\u00e3o de eventos internacionais.\u00a0 Nesta semana (de 5 a 7\/3), a pasta participou da ITB Berlin, na Alemanha, reconhecida como um dos maiores eventos do segmento tur\u00edstico do mundo, com objetivo de potencializar a internacionaliza\u00e7\u00e3o &#8230; <a title=\"Ag\u00eancia Minas Gerais | Governo de Minas busca novos investimentos em evento de turismo na Alemanha\" class=\"read-more\" href=\"https:\/\/superinteressantes.com.br\/index.php\/2024\/03\/09\/agencia-minas-gerais-governo-de-minas-busca-novos-investimentos-em-evento-de-turismo-na-alemanha\/\" aria-label=\"More on Ag\u00eancia Minas Gerais | Governo de Minas busca novos investimentos em evento de turismo na Alemanha\">Ler mais<\/a><\/p>\n","protected":false},"author":1,"featured_media":0,"comment_status":"open","ping_status":"open","sticky":false,"template":"","format":"standard","meta":{"footnotes":""},"categories":[1],"tags":[],"class_list":["post-7692","post","type-post","status-publish","format-standard","hentry","category-sem-categoria"],"amp_enabled":true,"_links":{"self":[{"href":"https:\/\/superinteressantes.com.br\/index.php\/wp-json\/wp\/v2\/posts\/7692","targetHints":{"allow":["GET"]}}],"collection":[{"href":"https:\/\/superinteressantes.com.br\/index.php\/wp-json\/wp\/v2\/posts"}],"about":[{"href":"https:\/\/superinteressantes.com.br\/index.php\/wp-json\/wp\/v2\/types\/post"}],"author":[{"embeddable":true,"href":"https:\/\/superinteressantes.com.br\/index.php\/wp-json\/wp\/v2\/users\/1"}],"replies":[{"embeddable":true,"href":"https:\/\/superinteressantes.com.br\/index.php\/wp-json\/wp\/v2\/comments?post=7692"}],"version-history":[{"count":0,"href":"https:\/\/superinteressantes.com.br\/index.php\/wp-json\/wp\/v2\/posts\/7692\/revisions"}],"wp:attachment":[{"href":"https:\/\/superinteressantes.com.br\/index.php\/wp-json\/wp\/v2\/media?parent=7692"}],"wp:term":[{"taxonomy":"category","embeddable":true,"href":"https:\/\/superinteressantes.com.br\/index.php\/wp-json\/wp\/v2\/categories?post=7692"},{"taxonomy":"post_tag","embeddable":true,"href":"https:\/\/superinteressantes.com.br\/index.php\/wp-json\/wp\/v2\/tags?post=7692"}],"curies":[{"name":"wp","href":"https:\/\/api.w.org\/{rel}","templated":true}]}}