{"id":7340,"date":"2024-02-28T16:29:38","date_gmt":"2024-02-28T19:29:38","guid":{"rendered":"http:\/\/superinteressantes.com.br\/index.php\/2024\/02\/28\/prefeitura-inicia-planejamento-da-formacao-continuada-para-a-rede-municipal-de-educacao\/"},"modified":"2024-02-28T16:29:38","modified_gmt":"2024-02-28T19:29:38","slug":"prefeitura-inicia-planejamento-da-formacao-continuada-para-a-rede-municipal-de-educacao","status":"publish","type":"post","link":"https:\/\/superinteressantes.com.br\/index.php\/2024\/02\/28\/prefeitura-inicia-planejamento-da-formacao-continuada-para-a-rede-municipal-de-educacao\/","title":{"rendered":"Prefeitura inicia planejamento da Forma\u00e7\u00e3o Continuada para a rede municipal de educa\u00e7\u00e3o"},"content":{"rendered":"<p><\/p>\n<div>\n<h5 class=\"text-primary\">Conv\u00eanio com UFPB<\/h5>\n<p>                        <!-- Mostra o t&iacute;tulo como um link para o link permanente do post --><\/p>\n<h2 class=\"mb-3\">Prefeitura inicia planejamento da Forma\u00e7\u00e3o Continuada para a rede municipal de educa\u00e7\u00e3o<\/h2>\n<p class=\"text-secondary font-italic mb-3 p-0\">&#13;<br \/>\n                            <i class=\"fa fa-calendar\"\/> 28\/02\/2024 | &#13;<br \/>\n                            <i class=\"fa fa-clock-o\"\/> 16:00 |&#13;<br \/>\n                            <i class=\"fa fa-eye\"\/> 51                        <\/p>\n<p>                        <!-- Mostra o conte&uacute;do do post em uma DIV --><\/p>\n<div class=\"\">\n<p>A Secretaria de Educa\u00e7\u00e3o e Cultura de Jo\u00e3o Pessoa (Sedec-JP), por meio da Diretoria de Ensino, Gest\u00e3o e Escola de Forma\u00e7\u00e3o (Degef) e da Divis\u00e3o de Anos Finais, iniciou o planejamento formativo para o ano 2024 atrav\u00e9s de uma parceria com a Universidade Federal da Para\u00edba (UFPB), por meio do Centro de Educa\u00e7\u00e3o (CE). A reuni\u00e3o desta quarta-feira (28) aconteceu na Escola de Forma\u00e7\u00e3o (Cecapro), em Tambauzinho. \u00a0 <\/p>\n<figure class=\"wp-block-gallery has-nested-images columns-default is-cropped wp-block-gallery-1 is-layout-flex wp-block-gallery-is-layout-flex\">\n<figure class=\"wp-block-image size-large\"><\/figure>\n<figure class=\"wp-block-image size-large\"><\/figure>\n<\/figure>\n<p>Participaram do encontro professores formadores da rede municipal e da UFPB que ir\u00e3o atuar no eixo \u2018Anos Finais do Ensino Fundamental\u2019 no \u00e2mbito do projeto de extens\u00e3o \u2018Forma\u00e7\u00e3o docente continuada na Educa\u00e7\u00e3o Infantil e nos Anos Finais do Ensino Fundamental: pr\u00e1ticas colaborativas e inovadoras para o desenvolvimento curricular\u2019. \u00a0 <\/p>\n<p>\u201cEsse conv\u00eanio j\u00e1 acontecia com educa\u00e7\u00e3o infantil desde 2022 e no ano de 2023 a Sedec resolveu estender para os anos finais. Aqui \u00e9 um projeto que tem como foco o desenvolvimento curricular, a partir de pr\u00e1ticas inovadoras e colaborativas, considerando que a rede est\u00e1 vivendo um momento de apropria\u00e7\u00e3o, de constru\u00e7\u00e3o de um novo curr\u00edculo na perspectiva coletiva, porque \u00e9 um curr\u00edculo onde os professores e professoras tiveram a oportunidade de participar, de opinar, de trabalhar na perspectiva de constru\u00e7\u00e3o de uma matriz, de refer\u00eancia\u201d, explicou a diretora da Degef, Cl\u00e9via Carvalho. \u00a0 <\/p>\n<p>Com essa parceria com a UFPB, a Prefeitura de Jo\u00e3o Pessoa qualifica os profissionais da rede de ensino e eleva o n\u00edvel de forma\u00e7\u00e3o produzindo conhecimento para desenvolver experi\u00eancias inovadoras. \u00a0 \u201cO que a gente entende \u00e9 que essa rela\u00e7\u00e3o pode dar espa\u00e7o para interc\u00e2mbio de saberes, de experi\u00eancias que colaboram com a constru\u00e7\u00e3o da t\u00e3o esperada, t\u00e3o desejada qualidade pedag\u00f3gica e social do trabalho desenvolvido nas escolas. Desde a concep\u00e7\u00e3o do projeto de forma\u00e7\u00e3o, a rede municipal e a Universidade Federal da Para\u00edba dialogam muito organicamente sobre as necessidades formativas que j\u00e1 foram identificadas e sobre as possibilidades que a gente entende que respondem a essas necessidades\u201d, disse o coordenador do projeto de extens\u00e3o da UFPB, Leonardo Severo. \u00a0 <\/p>\n<p>A equipe formadora da UFPB \u00e9 composta por 11 pessoas, todos professores, doutores, com uma larga atua\u00e7\u00e3o nas \u00e1reas as quais se dedicam. Conta ainda com quatro bolsistas de gradua\u00e7\u00e3o e uma equipe de coordena\u00e7\u00e3o.<\/p>\n<\/p><\/div>\n<\/p><\/div>\n","protected":false},"excerpt":{"rendered":"<p>Conv\u00eanio com UFPB Prefeitura inicia planejamento da Forma\u00e7\u00e3o Continuada para a rede municipal de educa\u00e7\u00e3o &#13; 28\/02\/2024 | &#13; 16:00 |&#13; 51 A Secretaria de Educa\u00e7\u00e3o e Cultura de Jo\u00e3o Pessoa (Sedec-JP), por meio da Diretoria de Ensino, Gest\u00e3o e Escola de Forma\u00e7\u00e3o (Degef) e da Divis\u00e3o de Anos Finais, iniciou o planejamento formativo para &#8230; <a title=\"Prefeitura inicia planejamento da Forma\u00e7\u00e3o Continuada para a rede municipal de educa\u00e7\u00e3o\" class=\"read-more\" href=\"https:\/\/superinteressantes.com.br\/index.php\/2024\/02\/28\/prefeitura-inicia-planejamento-da-formacao-continuada-para-a-rede-municipal-de-educacao\/\" aria-label=\"More on Prefeitura inicia planejamento da Forma\u00e7\u00e3o Continuada para a rede municipal de educa\u00e7\u00e3o\">Ler mais<\/a><\/p>\n","protected":false},"author":1,"featured_media":0,"comment_status":"open","ping_status":"open","sticky":false,"template":"","format":"standard","meta":{"footnotes":""},"categories":[1],"tags":[],"class_list":["post-7340","post","type-post","status-publish","format-standard","hentry","category-sem-categoria"],"amp_enabled":true,"_links":{"self":[{"href":"https:\/\/superinteressantes.com.br\/index.php\/wp-json\/wp\/v2\/posts\/7340","targetHints":{"allow":["GET"]}}],"collection":[{"href":"https:\/\/superinteressantes.com.br\/index.php\/wp-json\/wp\/v2\/posts"}],"about":[{"href":"https:\/\/superinteressantes.com.br\/index.php\/wp-json\/wp\/v2\/types\/post"}],"author":[{"embeddable":true,"href":"https:\/\/superinteressantes.com.br\/index.php\/wp-json\/wp\/v2\/users\/1"}],"replies":[{"embeddable":true,"href":"https:\/\/superinteressantes.com.br\/index.php\/wp-json\/wp\/v2\/comments?post=7340"}],"version-history":[{"count":0,"href":"https:\/\/superinteressantes.com.br\/index.php\/wp-json\/wp\/v2\/posts\/7340\/revisions"}],"wp:attachment":[{"href":"https:\/\/superinteressantes.com.br\/index.php\/wp-json\/wp\/v2\/media?parent=7340"}],"wp:term":[{"taxonomy":"category","embeddable":true,"href":"https:\/\/superinteressantes.com.br\/index.php\/wp-json\/wp\/v2\/categories?post=7340"},{"taxonomy":"post_tag","embeddable":true,"href":"https:\/\/superinteressantes.com.br\/index.php\/wp-json\/wp\/v2\/tags?post=7340"}],"curies":[{"name":"wp","href":"https:\/\/api.w.org\/{rel}","templated":true}]}}