{"id":7229,"date":"2024-02-25T12:30:04","date_gmt":"2024-02-25T15:30:04","guid":{"rendered":"http:\/\/superinteressantes.com.br\/index.php\/2024\/02\/25\/gcm-detem-homem-que-invadiu-escola-no-bairro-wanel-ville-para-furtar\/"},"modified":"2024-02-25T12:30:04","modified_gmt":"2024-02-25T15:30:04","slug":"gcm-detem-homem-que-invadiu-escola-no-bairro-wanel-ville-para-furtar","status":"publish","type":"post","link":"https:\/\/superinteressantes.com.br\/index.php\/2024\/02\/25\/gcm-detem-homem-que-invadiu-escola-no-bairro-wanel-ville-para-furtar\/","title":{"rendered":"GCM det\u00e9m homem que invadiu escola no bairro Wanel Ville para furtar"},"content":{"rendered":"<p><\/p>\n<p>&nbsp;<\/p>\n<p><em>Fotos: GCM<\/em><\/p>\n<p><strong>Por: Eduardo Santinon<\/strong><\/p>\n<p>&nbsp;<\/p>\n<p><span style=\"font-weight: 400\">A Guarda Civil Municipal (GCM) de Sorocaba, \u00e0s 7h25 deste domingo (25), deteve um homem que tinha acabado de invadir uma escola municipal no bairro Wanel Ville, na Zona Oeste da cidade, para furtar. A vigia que atua na unidade de ensino foi quem percebeu o crime em andamento e acionou a GCM.<\/span><\/p>\n<p><span style=\"font-weight: 400\">Ao chegar no local, a vigia informou que dois indiv\u00edduos tinham acabado de deixar a escola, pulando a grade. Os guardas localizaram os suspeitos nas proximidades que, ao notarem a presen\u00e7a da viatura, jogaram alguns objetos no ch\u00e3o e correram, tomando rumos distintos.<\/span><\/p>\n<p><span style=\"font-weight: 400\">Um deles foi capturado e confessou aos guardas a pr\u00e1tica de furto, com o intuito de vender os objetos, entre eles um filtro de \u00e1gua e fia\u00e7\u00e3o el\u00e9trica, para comprar entorpecentes.<\/span><\/p>\n<p><span style=\"font-weight: 400\">O caso foi apresentado no Plant\u00e3o de Pol\u00edcia da Zona Oeste, onde a autoridade de plant\u00e3o determinou a entrega do objeto aos cuidados da vigia da escola e conduziu o detido \u00e0 carceragem, permanecendo \u00e0 disposi\u00e7\u00e3o da Justi\u00e7a. Ele vai responder criminalmente por flagrante de furto consumado. <\/span><\/p>\n<p>&nbsp;<\/p>\n","protected":false},"excerpt":{"rendered":"<p>&nbsp; Fotos: GCM Por: Eduardo Santinon &nbsp; A Guarda Civil Municipal (GCM) de Sorocaba, \u00e0s 7h25 deste domingo (25), deteve um homem que tinha acabado de invadir uma escola municipal no bairro Wanel Ville, na Zona Oeste da cidade, para furtar. A vigia que atua na unidade de ensino foi quem percebeu o crime em &#8230; <a title=\"GCM det\u00e9m homem que invadiu escola no bairro Wanel Ville para furtar\" class=\"read-more\" href=\"https:\/\/superinteressantes.com.br\/index.php\/2024\/02\/25\/gcm-detem-homem-que-invadiu-escola-no-bairro-wanel-ville-para-furtar\/\" aria-label=\"More on GCM det\u00e9m homem que invadiu escola no bairro Wanel Ville para furtar\">Ler mais<\/a><\/p>\n","protected":false},"author":1,"featured_media":0,"comment_status":"open","ping_status":"open","sticky":false,"template":"","format":"standard","meta":{"footnotes":""},"categories":[1],"tags":[],"class_list":["post-7229","post","type-post","status-publish","format-standard","hentry","category-sem-categoria"],"amp_enabled":true,"_links":{"self":[{"href":"https:\/\/superinteressantes.com.br\/index.php\/wp-json\/wp\/v2\/posts\/7229","targetHints":{"allow":["GET"]}}],"collection":[{"href":"https:\/\/superinteressantes.com.br\/index.php\/wp-json\/wp\/v2\/posts"}],"about":[{"href":"https:\/\/superinteressantes.com.br\/index.php\/wp-json\/wp\/v2\/types\/post"}],"author":[{"embeddable":true,"href":"https:\/\/superinteressantes.com.br\/index.php\/wp-json\/wp\/v2\/users\/1"}],"replies":[{"embeddable":true,"href":"https:\/\/superinteressantes.com.br\/index.php\/wp-json\/wp\/v2\/comments?post=7229"}],"version-history":[{"count":0,"href":"https:\/\/superinteressantes.com.br\/index.php\/wp-json\/wp\/v2\/posts\/7229\/revisions"}],"wp:attachment":[{"href":"https:\/\/superinteressantes.com.br\/index.php\/wp-json\/wp\/v2\/media?parent=7229"}],"wp:term":[{"taxonomy":"category","embeddable":true,"href":"https:\/\/superinteressantes.com.br\/index.php\/wp-json\/wp\/v2\/categories?post=7229"},{"taxonomy":"post_tag","embeddable":true,"href":"https:\/\/superinteressantes.com.br\/index.php\/wp-json\/wp\/v2\/tags?post=7229"}],"curies":[{"name":"wp","href":"https:\/\/api.w.org\/{rel}","templated":true}]}}