{"id":7220,"date":"2024-02-25T06:13:00","date_gmt":"2024-02-25T09:13:00","guid":{"rendered":"http:\/\/superinteressantes.com.br\/index.php\/2024\/02\/25\/trecho-da-sapopemba-sera-liberado-apos-obras-de-expansao-da-linha-2-verde\/"},"modified":"2024-02-25T06:13:00","modified_gmt":"2024-02-25T09:13:00","slug":"trecho-da-sapopemba-sera-liberado-apos-obras-de-expansao-da-linha-2-verde","status":"publish","type":"post","link":"https:\/\/superinteressantes.com.br\/index.php\/2024\/02\/25\/trecho-da-sapopemba-sera-liberado-apos-obras-de-expansao-da-linha-2-verde\/","title":{"rendered":"Trecho da Sapopemba ser\u00e1 liberado ap\u00f3s obras de expans\u00e3o da Linha 2-Verde"},"content":{"rendered":"<p><img decoding=\"async\" src=\"https:\/\/www.saopaulo.sp.gov.br\/wp-content\/uploads\/2024\/02\/noticias-e-novidades.jpg\" \/><\/p>\n<div>\n<p>A interven\u00e7\u00e3o foi feita para a obra de remanejamento de 200 metros da Adutora do Rio Claro. Essa interven\u00e7\u00e3o foi necess\u00e1ria para possibilitar a escava\u00e7\u00e3o de um t\u00fanel de liga\u00e7\u00e3o de um dos acessos da futura esta\u00e7\u00e3o Santa Clara, sem afetar o duto de abastecimento da Sabesp e n\u00e3o paralisar o fornecimento de \u00e1gua a bairros da zona leste de S\u00e3o Paulo e do munic\u00edpio de Santo Andr\u00e9.<\/p>\n<p>A Companhia de Engenharia de Tr\u00e1fego (CET) vai disponibilizar agentes de tr\u00e2nsito para orientar os motoristas e pedestres, al\u00e9m de implantar sinaliza\u00e7\u00e3o visual na regi\u00e3o.<\/p>\n<p><strong>Benef\u00edcios futuros da extens\u00e3o da Linha 2- Verde<\/strong><\/p>\n<p>A amplia\u00e7\u00e3o da Linha 2-Verde ocorre com a constru\u00e7\u00e3o de mais 8,4 km de vias e oito novas esta\u00e7\u00f5es entre a Vila Prudente e a Penha, cruzando a zona leste de S\u00e3o Paulo. Quando pronto, o novo trecho vai agilizar o trajeto dos moradores da regi\u00e3o, melhorando a qualidade de vida dos passageiros ao facilitar a chegada \u00e0s demais regi\u00f5es de S\u00e3o Paulo, al\u00e9m de redistribuir a demanda de passageiros nas demais linhas de metr\u00f4 e trem.<\/p>\n<p>Com o novo trecho em funcionamento, tamb\u00e9m ser\u00e1 poss\u00edvel reduzir a emiss\u00e3o de poluentes atmosf\u00e9ricos em quase 20 mil toneladas por ano, al\u00e9m de evitar o consumo anual de 9,7 milh\u00f5es de litros de combust\u00edveis f\u00f3sseis.<\/p>\n<p><strong>Benef\u00edcios futuros da extens\u00e3o da Linha 2- Verde<\/strong><\/p>\n<p>A amplia\u00e7\u00e3o da Linha 2-Verde ocorre com a constru\u00e7\u00e3o de mais 8,4 km de vias e oito novas esta\u00e7\u00f5es entre a Vila Prudente e a Penha, cruzando a zona leste de S\u00e3o Paulo. Quando pronto, o novo trecho vai agilizar o trajeto dos moradores da regi\u00e3o, melhorando a qualidade de vida dos passageiros ao facilitar a chegada \u00e0s demais regi\u00f5es de S\u00e3o Paulo, al\u00e9m de redistribuir a demanda de passageiros nas demais linhas de metr\u00f4 e trem.<\/p>\n<p>Com o novo trecho em funcionamento, tamb\u00e9m ser\u00e1 poss\u00edvel reduzir a emiss\u00e3o de poluentes atmosf\u00e9ricos em quase 20 mil toneladas por ano, al\u00e9m de evitar o consumo anual de 9,7 milh\u00f5es de litros de combust\u00edveis f\u00f3sseis.<\/p>\n<p>Siga o canal \u201cGoverno de S\u00e3o Paulo\u201d no WhatsApp:<br \/>https:\/\/bit.ly\/govspnozap<\/p>\n<\/div>\n","protected":false},"excerpt":{"rendered":"<p>A interven\u00e7\u00e3o foi feita para a obra de remanejamento de 200 metros da Adutora do Rio Claro. Essa interven\u00e7\u00e3o foi necess\u00e1ria para possibilitar a escava\u00e7\u00e3o de um t\u00fanel de liga\u00e7\u00e3o de um dos acessos da futura esta\u00e7\u00e3o Santa Clara, sem afetar o duto de abastecimento da Sabesp e n\u00e3o paralisar o fornecimento de \u00e1gua a &#8230; <a title=\"Trecho da Sapopemba ser\u00e1 liberado ap\u00f3s obras de expans\u00e3o da Linha 2-Verde\" class=\"read-more\" href=\"https:\/\/superinteressantes.com.br\/index.php\/2024\/02\/25\/trecho-da-sapopemba-sera-liberado-apos-obras-de-expansao-da-linha-2-verde\/\" aria-label=\"More on Trecho da Sapopemba ser\u00e1 liberado ap\u00f3s obras de expans\u00e3o da Linha 2-Verde\">Ler mais<\/a><\/p>\n","protected":false},"author":1,"featured_media":0,"comment_status":"open","ping_status":"open","sticky":false,"template":"","format":"standard","meta":{"footnotes":""},"categories":[1],"tags":[],"class_list":["post-7220","post","type-post","status-publish","format-standard","hentry","category-sem-categoria"],"amp_enabled":true,"_links":{"self":[{"href":"https:\/\/superinteressantes.com.br\/index.php\/wp-json\/wp\/v2\/posts\/7220","targetHints":{"allow":["GET"]}}],"collection":[{"href":"https:\/\/superinteressantes.com.br\/index.php\/wp-json\/wp\/v2\/posts"}],"about":[{"href":"https:\/\/superinteressantes.com.br\/index.php\/wp-json\/wp\/v2\/types\/post"}],"author":[{"embeddable":true,"href":"https:\/\/superinteressantes.com.br\/index.php\/wp-json\/wp\/v2\/users\/1"}],"replies":[{"embeddable":true,"href":"https:\/\/superinteressantes.com.br\/index.php\/wp-json\/wp\/v2\/comments?post=7220"}],"version-history":[{"count":0,"href":"https:\/\/superinteressantes.com.br\/index.php\/wp-json\/wp\/v2\/posts\/7220\/revisions"}],"wp:attachment":[{"href":"https:\/\/superinteressantes.com.br\/index.php\/wp-json\/wp\/v2\/media?parent=7220"}],"wp:term":[{"taxonomy":"category","embeddable":true,"href":"https:\/\/superinteressantes.com.br\/index.php\/wp-json\/wp\/v2\/categories?post=7220"},{"taxonomy":"post_tag","embeddable":true,"href":"https:\/\/superinteressantes.com.br\/index.php\/wp-json\/wp\/v2\/tags?post=7220"}],"curies":[{"name":"wp","href":"https:\/\/api.w.org\/{rel}","templated":true}]}}