{"id":7218,"date":"2024-02-25T05:26:23","date_gmt":"2024-02-25T08:26:23","guid":{"rendered":"http:\/\/superinteressantes.com.br\/index.php\/2024\/02\/25\/agencia-minas-gerais-agronegocio-mineiro-responde-por-22-do-pib-do-estado-e-soma-1-200-novas-vagas-com-carteira-em-2023\/"},"modified":"2024-02-25T05:26:23","modified_gmt":"2024-02-25T08:26:23","slug":"agencia-minas-gerais-agronegocio-mineiro-responde-por-22-do-pib-do-estado-e-soma-1-200-novas-vagas-com-carteira-em-2023","status":"publish","type":"post","link":"https:\/\/superinteressantes.com.br\/index.php\/2024\/02\/25\/agencia-minas-gerais-agronegocio-mineiro-responde-por-22-do-pib-do-estado-e-soma-1-200-novas-vagas-com-carteira-em-2023\/","title":{"rendered":"Ag\u00eancia Minas Gerais | Agroneg\u00f3cio mineiro responde por 22% do PIB do estado e soma 1.200 novas vagas com carteira em 2023"},"content":{"rendered":"<p><\/p>\n<div>\n<p>O agroneg\u00f3cio respondeu por 22% do Produto Interno Bruto (PIB) de Minas Gerais, somando R$ 205 bilh\u00f5es em 2022, segundo o dado mais recente dispon\u00edvel. E onde tem economia aquecida, tem emprego. No \u00faltimo ano, o setor criou 1,2 mil novos postos de trabalho no campo, n\u00famero justificado pelo bom desempenho das lavouras. Neste domingo (25\/2), celebra-se o Dia do Agroneg\u00f3cio.<\/p>\n<figure class=\"image\" style=\"float:left\">&#13;<figcaption><em><sup>Erasmo Pereira \/ Epamig<\/sup><\/em><\/figcaption>&#13;<br \/>\n<\/figure>\n<p>Segundo o secret\u00e1rio de Agricultura, Pecu\u00e1ria e Abastecimento, Thales Fernandes, a diversidade de clima e solo, o uso crescente de tecnologias pelos produtores mineiros, e as pol\u00edticas p\u00fablicas executadas pelo Governo de Minas t\u00eam contribu\u00eddo para o crescimento do setor.<\/p>\n<p>\u201cProgramas como o Certifica Minas, que garante a qualidade dos diversos produtos agropecu\u00e1rios e agroindustriais, o trabalho de caracteriza\u00e7\u00e3o das regi\u00f5es produtoras de queijos artesanais, o Programa de Melhoramento da Gen\u00e9tica Bovina, as a\u00e7\u00f5es de divulga\u00e7\u00e3o dos produtos mineiros em novos mercados, a retirada da vacina\u00e7\u00e3o contra a febre aftosa dos rebanhos mineiros s\u00e3o algumas das a\u00e7\u00f5es executadas. Al\u00e9m disso, tem todo o trabalho do Sistema Estadual da Agricultura, desenvolvendo pesquisas, assist\u00eancia t\u00e9cnica e vigil\u00e2ncia sanit\u00e1ria, que se somam para a excel\u00eancia desse resultado\u201d, avalia.<\/p>\n<p><b>Lideran\u00e7a<\/b><\/p>\n<p>Consolidado como o maior produtor de caf\u00e9 ar\u00e1bica do mundo, Minas deve produzir 27,2 milh\u00f5es de sacas em 2024, com crescimento de 0,6% na compara\u00e7\u00e3o com a safra anterior, de acordo com a Conab. A safra mineira corresponde \u00e0 metade da produ\u00e7\u00e3o brasileira, e o estado mant\u00e9m sua posi\u00e7\u00e3o hist\u00f3rica de principal produtor de caf\u00e9 do pa\u00eds.<\/p>\n<p>Outro produto caracter\u00edstico da produ\u00e7\u00e3o agropecu\u00e1ria mineira, o leite ocupa uma posi\u00e7\u00e3o de protagonismo ao lado do caf\u00e9.\u00a0 O estado \u00e9 a principal bacia leiteira do Brasil, com uma produ\u00e7\u00e3o anual de 9,4 bilh\u00f5es de litros, o que corresponde a 27% do total nacional.<\/p>\n<p>Minas tamb\u00e9m lidera o ranking nacional na produ\u00e7\u00e3o de batata-inglesa, alho e ervilha e na cria\u00e7\u00e3o de equinos. Est\u00e1 ainda entre os principais produtores de feij\u00e3o, abacate, laranja, lim\u00e3o, sorgo, l\u00e1tex, cana-de-a\u00e7\u00facar, banana, til\u00e1pia e ovos de galinha e de codornas.<\/p>\n<p><b>De Minas para o mundo<\/b><\/p>\n<p>Em uma an\u00e1lise setorial das exporta\u00e7\u00f5es em Minas Gerais, o agroneg\u00f3cio est\u00e1 atr\u00e1s apenas do setor miner\u00e1rio. Em 2023, o agro bateu recorde no volume comercializado, com o embarque de 15,6 milh\u00f5es de toneladas e aumento de 13,3% em compara\u00e7\u00e3o a 2022. O valor alcan\u00e7ado foi de US$ 14,3 bilh\u00f5es, respondendo por 36% do valor total das exporta\u00e7\u00f5es mineiras. Puxados pelo caf\u00e9, carro-chefe do setor, os produtos mineiros foram distribu\u00eddos para 175 pa\u00edses.<\/p>\n<p><b>Qualidade<\/b><\/p>\n<p>E n\u00e3o \u00e9 apenas nas commodities que o setor se destaca. A diversidade e, especialmente, a qualidade da produ\u00e7\u00e3o mineira v\u00eam ganhando visibilidade e reconhecimento nos mercados interno e externo.\u00a0<\/p>\n<p>Caf\u00e9s especiais, vinhos e azeites, produzidos com tecnologia desenvolvida pela Empresa de Pesquisa Agropecu\u00e1ria de Minas Gerais (Epamig), s\u00e3o premiados mundo afora. Os queijos artesanais, t\u00e3o importantes na cultura do mineiro, t\u00eam conquistado reconhecimento em disputas internacionais.<\/p>\n<p>\u201cEm parceria com os produtores rurais, o sistema Agricultura de Minas trabalha para que o agroneg\u00f3cio mineiro seja cada vez mais diversificado, conquistando novos mercados com produtos de qualidade e com valor agregado\u201d, afirma o secret\u00e1rio Thales Fernandes.<\/p>\n<p>\u00a0<\/p>\n<\/p><\/div>\n","protected":false},"excerpt":{"rendered":"<p>O agroneg\u00f3cio respondeu por 22% do Produto Interno Bruto (PIB) de Minas Gerais, somando R$ 205 bilh\u00f5es em 2022, segundo o dado mais recente dispon\u00edvel. E onde tem economia aquecida, tem emprego. No \u00faltimo ano, o setor criou 1,2 mil novos postos de trabalho no campo, n\u00famero justificado pelo bom desempenho das lavouras. Neste domingo &#8230; <a title=\"Ag\u00eancia Minas Gerais | Agroneg\u00f3cio mineiro responde por 22% do PIB do estado e soma 1.200 novas vagas com carteira em 2023\" class=\"read-more\" href=\"https:\/\/superinteressantes.com.br\/index.php\/2024\/02\/25\/agencia-minas-gerais-agronegocio-mineiro-responde-por-22-do-pib-do-estado-e-soma-1-200-novas-vagas-com-carteira-em-2023\/\" aria-label=\"More on Ag\u00eancia Minas Gerais | Agroneg\u00f3cio mineiro responde por 22% do PIB do estado e soma 1.200 novas vagas com carteira em 2023\">Ler mais<\/a><\/p>\n","protected":false},"author":1,"featured_media":0,"comment_status":"open","ping_status":"open","sticky":false,"template":"","format":"standard","meta":{"footnotes":""},"categories":[1],"tags":[],"class_list":["post-7218","post","type-post","status-publish","format-standard","hentry","category-sem-categoria"],"amp_enabled":true,"_links":{"self":[{"href":"https:\/\/superinteressantes.com.br\/index.php\/wp-json\/wp\/v2\/posts\/7218","targetHints":{"allow":["GET"]}}],"collection":[{"href":"https:\/\/superinteressantes.com.br\/index.php\/wp-json\/wp\/v2\/posts"}],"about":[{"href":"https:\/\/superinteressantes.com.br\/index.php\/wp-json\/wp\/v2\/types\/post"}],"author":[{"embeddable":true,"href":"https:\/\/superinteressantes.com.br\/index.php\/wp-json\/wp\/v2\/users\/1"}],"replies":[{"embeddable":true,"href":"https:\/\/superinteressantes.com.br\/index.php\/wp-json\/wp\/v2\/comments?post=7218"}],"version-history":[{"count":0,"href":"https:\/\/superinteressantes.com.br\/index.php\/wp-json\/wp\/v2\/posts\/7218\/revisions"}],"wp:attachment":[{"href":"https:\/\/superinteressantes.com.br\/index.php\/wp-json\/wp\/v2\/media?parent=7218"}],"wp:term":[{"taxonomy":"category","embeddable":true,"href":"https:\/\/superinteressantes.com.br\/index.php\/wp-json\/wp\/v2\/categories?post=7218"},{"taxonomy":"post_tag","embeddable":true,"href":"https:\/\/superinteressantes.com.br\/index.php\/wp-json\/wp\/v2\/tags?post=7218"}],"curies":[{"name":"wp","href":"https:\/\/api.w.org\/{rel}","templated":true}]}}