{"id":6732,"date":"2024-02-10T22:51:01","date_gmt":"2024-02-11T01:51:01","guid":{"rendered":"http:\/\/superinteressantes.com.br\/index.php\/2024\/02\/10\/tres-exposicoes-estao-abertas-ao-publico-na-estacao-cabo-branco-no-altiplano\/"},"modified":"2024-02-10T22:51:01","modified_gmt":"2024-02-11T01:51:01","slug":"tres-exposicoes-estao-abertas-ao-publico-na-estacao-cabo-branco-no-altiplano","status":"publish","type":"post","link":"https:\/\/superinteressantes.com.br\/index.php\/2024\/02\/10\/tres-exposicoes-estao-abertas-ao-publico-na-estacao-cabo-branco-no-altiplano\/","title":{"rendered":"Tr\u00eas exposi\u00e7\u00f5es est\u00e3o abertas ao p\u00fablico na Esta\u00e7\u00e3o Cabo Branco, no Altiplano"},"content":{"rendered":"<p><\/p>\n<div>\n<p>Tr\u00eas exposi\u00e7\u00f5es est\u00e3o abertas ao p\u00fablico na Esta\u00e7\u00e3o Cabo Branco \u2013 Ci\u00eancia, Cultura e Artes, localizada no Altiplano Cabo Branco, boa op\u00e7\u00e3o para quem n\u00e3o est\u00e1 no clima de Carnaval. \u2018Artes\u00e3os do Alto\u2019 \u00e9 a novidade do m\u00eas de janeiro, ao lado das mostras \u2018Quatro Elementos\u2019 e \u2018\u2060Norte a Sul\u2019, abertas \u00e0 visita\u00e7\u00e3o desde dezembro de 2023.\u00a0 Pessoense e turistas podem visitar as exposi\u00e7\u00f5es de segunda a sexta-feira, das 9h \u00e0s 12h e das 13h \u00e0s 17h (exceto feriado). A entrada \u00e9 gratuita. <\/p>\n<figure class=\"wp-block-image size-large\"><\/figure>\n<p>A exposi\u00e7\u00e3o \u2018Artes\u00e3os do Alto\u2019 conta com uma s\u00e9rie de pe\u00e7as produzidas de maneira sustent\u00e1vel, artesanal e criativa por 10 artes\u00e3os.\u00a0 As pe\u00e7as s\u00e3o produzidas com materiais descart\u00e1veis, principalmente da ind\u00fastria t\u00eaxtil. A curadora \u00e9 Amanda Costa. Segundo a organiza\u00e7\u00e3o do espa\u00e7o na Esta\u00e7\u00e3o Cabo Branco, os visitantes ter\u00e3o contato com os artes\u00e3os e suas pe\u00e7as no espa\u00e7o expositivo por 30 dias. \u00a0 <\/p>\n<p>A hist\u00f3ria desses artes\u00f5es se inicia em 20 de maio de 2016 no Centro de Refer\u00eancia da Juventude (CRJ) da Prefeitura de Jo\u00e3o Pessoa, no bairro Alto do Mateus. Na \u00e9poca, a fundadora do grupo, a artes\u00e3 Lenilda Alves, reuniu artes\u00e3os com objetivo de resgatar, valorizar e divulgar o artesanato local. Os objetos j\u00e1 foram expostos no bairro de origem, no Parque Solon de Lucena (Lagoa), Hotel Globo e Pa\u00e7o Municipal, no Centro Hist\u00f3rico da Capital, al\u00e9m da Esta\u00e7\u00e3o Cabo Branco, Esta\u00e7\u00e3o das Artes e Celeiro, localizados no bairro Altiplano, entre outros locais. \u00a0 <\/p>\n<p>J\u00e1 as exposi\u00e7\u00f5es \u2018Norte a Sul\u2019 e \u2018Quatro Elementos\u2019 est\u00e3o na Esta\u00e7\u00e3o Cabo Branco desde o ano passado. Foram lan\u00e7adas no dia 15 de dezembro e ficar\u00e3o expostas at\u00e9 o m\u00eas de mar\u00e7o deste ano. As amostras encerraram 2023 com 2.344 visita\u00e7\u00f5es registradas. De acordo com a programa\u00e7\u00e3o, a exposi\u00e7\u00e3o \u2018Artes\u00e3os do Alto\u201d fica exposta na Esta\u00e7\u00e3o at\u00e9 o dia 3 de mar\u00e7o. J\u00e1 a \u2018Quadro Elementos\u2019 at\u00e9 10 de mar\u00e7o e \u2018Norte e Sul\u2019 at\u00e9 24 de mar\u00e7o. \u00a0 \u00a0 <\/p>\n<p>A exposi\u00e7\u00e3o \u2018Norte e Sul\u2019, assinada pelo artista Alysson Andr\u00e9 Borges de Ara\u00fajo, retrata as paisagens do Litoral Paraibano de Norte a Sul, ressaltando as belezas e preserva\u00e7\u00e3o das praias. A exposi\u00e7\u00e3o conta com 15 telas em \u00f3leo sobre telas sob a curadoria geral de Amanda Costa e texto Curatorial de Fernando Leite. \u00a0 <\/p>\n<p>J\u00e1 a exposi\u00e7\u00e3o \u2018Quatro Elementos\u2019 \u2013 assinada pela artista Joana D\u2019arc dos Santos, retrata as cores e texturas dos elementos da natureza, passeando pelos elementos Fogo, Terra, \u00c1gua e Ar. A exposi\u00e7\u00e3o conta com 16 obras no tamanho 45cm x 65cm em Fine Art e uma instala\u00e7\u00e3o que retrata a fus\u00e3o dos quatro elementos, sob a curadoria geral e texto curatorial de Amanda Costa. \u00a0 <\/p>\n<p>Al\u00e9m dessas tr\u00eas exposi\u00e7\u00f5es, os visitantes podem apreciar na Esta\u00e7\u00e3o Cabo Branco as mostras permanentes do local, que s\u00e3o: \u2018Obra Vida\u2019 (Eul\u00e2mpio Neto); as obras de Abelardo da Hora; \u2018O Mar de Grisi\u2019 (Luciano Grisi) e \u2018No Reinado do Sol\u2019 (Fl\u00e1vio Tavares), na qual a tela retrata parte da hist\u00f3ria da cidade de Jo\u00e3o Pessoa.\u00a0<\/p>\n<p><strong>Servi\u00e7o \u00a0<\/strong><\/p>\n<p><strong>EXPOSI\u00c7\u00d5ES\u00a0<\/strong><\/p>\n<p><strong>Artes\u00e3os do Alto<\/strong> \u2013 coletiva (at\u00e9 03.03) <\/p>\n<p><strong>Quadro Elementos<\/strong> \u2013 Joana D\u2019arc (at\u00e9 10.03) <\/p>\n<p><strong>Norte e Sul <\/strong>\u2013 Alysson Borges (at\u00e9 24.03) <\/p>\n<p><strong>Local \u2013 <\/strong>Esta\u00e7\u00e3o Cabo Branco (Av. Jo\u00e3o Cirilo \u2013 Altiplano Cabo Branco). \u00a0 <\/p>\n<p><strong>Visita\u00e7\u00e3o \u2013<\/strong> 9h \u00e0s 12h, e 13h \u00e0s 17h \u2013 segunda a sexta (exceto feriado). <\/p>\n<p><strong>Acesso \u2013 <\/strong>gratuito \u00a0<\/p>\n<\/p><\/div>\n","protected":false},"excerpt":{"rendered":"<p>Tr\u00eas exposi\u00e7\u00f5es est\u00e3o abertas ao p\u00fablico na Esta\u00e7\u00e3o Cabo Branco \u2013 Ci\u00eancia, Cultura e Artes, localizada no Altiplano Cabo Branco, boa op\u00e7\u00e3o para quem n\u00e3o est\u00e1 no clima de Carnaval. \u2018Artes\u00e3os do Alto\u2019 \u00e9 a novidade do m\u00eas de janeiro, ao lado das mostras \u2018Quatro Elementos\u2019 e \u2018\u2060Norte a Sul\u2019, abertas \u00e0 visita\u00e7\u00e3o desde dezembro &#8230; <a title=\"Tr\u00eas exposi\u00e7\u00f5es est\u00e3o abertas ao p\u00fablico na Esta\u00e7\u00e3o Cabo Branco, no Altiplano\" class=\"read-more\" href=\"https:\/\/superinteressantes.com.br\/index.php\/2024\/02\/10\/tres-exposicoes-estao-abertas-ao-publico-na-estacao-cabo-branco-no-altiplano\/\" aria-label=\"More on Tr\u00eas exposi\u00e7\u00f5es est\u00e3o abertas ao p\u00fablico na Esta\u00e7\u00e3o Cabo Branco, no Altiplano\">Ler mais<\/a><\/p>\n","protected":false},"author":1,"featured_media":0,"comment_status":"open","ping_status":"open","sticky":false,"template":"","format":"standard","meta":{"footnotes":""},"categories":[1],"tags":[],"class_list":["post-6732","post","type-post","status-publish","format-standard","hentry","category-sem-categoria"],"amp_enabled":true,"_links":{"self":[{"href":"https:\/\/superinteressantes.com.br\/index.php\/wp-json\/wp\/v2\/posts\/6732","targetHints":{"allow":["GET"]}}],"collection":[{"href":"https:\/\/superinteressantes.com.br\/index.php\/wp-json\/wp\/v2\/posts"}],"about":[{"href":"https:\/\/superinteressantes.com.br\/index.php\/wp-json\/wp\/v2\/types\/post"}],"author":[{"embeddable":true,"href":"https:\/\/superinteressantes.com.br\/index.php\/wp-json\/wp\/v2\/users\/1"}],"replies":[{"embeddable":true,"href":"https:\/\/superinteressantes.com.br\/index.php\/wp-json\/wp\/v2\/comments?post=6732"}],"version-history":[{"count":0,"href":"https:\/\/superinteressantes.com.br\/index.php\/wp-json\/wp\/v2\/posts\/6732\/revisions"}],"wp:attachment":[{"href":"https:\/\/superinteressantes.com.br\/index.php\/wp-json\/wp\/v2\/media?parent=6732"}],"wp:term":[{"taxonomy":"category","embeddable":true,"href":"https:\/\/superinteressantes.com.br\/index.php\/wp-json\/wp\/v2\/categories?post=6732"},{"taxonomy":"post_tag","embeddable":true,"href":"https:\/\/superinteressantes.com.br\/index.php\/wp-json\/wp\/v2\/tags?post=6732"}],"curies":[{"name":"wp","href":"https:\/\/api.w.org\/{rel}","templated":true}]}}