{"id":6730,"date":"2024-02-10T21:16:27","date_gmt":"2024-02-11T00:16:27","guid":{"rendered":"http:\/\/superinteressantes.com.br\/index.php\/2024\/02\/10\/agencia-minas-gerais-folioes-aprovam-estruturas-do-governo-de-minas-para-o-carnaval-de-belo-horizonte\/"},"modified":"2024-02-10T21:16:27","modified_gmt":"2024-02-11T00:16:27","slug":"agencia-minas-gerais-folioes-aprovam-estruturas-do-governo-de-minas-para-o-carnaval-de-belo-horizonte","status":"publish","type":"post","link":"https:\/\/superinteressantes.com.br\/index.php\/2024\/02\/10\/agencia-minas-gerais-folioes-aprovam-estruturas-do-governo-de-minas-para-o-carnaval-de-belo-horizonte\/","title":{"rendered":"Ag\u00eancia Minas Gerais | Foli\u00f5es aprovam estruturas do Governo de Minas para o Carnaval de Belo Horizonte"},"content":{"rendered":"<p><\/p>\n<div>\n<section class=\"news-related \/ col-md-4 col-lg-3 \/ margin-md-bottom-2 margin-left-1 \/ pull-right \/ hidden-xs hidden-sm\">\n<header>\n<p class=\"text-title-section \/ margin-bottom-1\">Relacionadas<\/p>\n<\/header>\n<p>\t\t\t\t\t\t\t<main><\/p>\n<hr class=\"row margin-md-bottom-2\"\/>\n\t\t\t\t\t\t\t<\/main><br \/>\n\t\t\t\t\t\t<\/section>\n<p><figure class=\"image\" style=\"float:left\">&#13;<figcaption><sub><em>Cristiano Machado \/ Imprensa MG<\/em><\/sub><\/figcaption>&#13;<br \/>\n<\/figure>\n<p>&#13;<br \/>\n&#13;\n<\/p>\n<p>Os foli\u00f5es que curtiram o s\u00e1bado de Carnaval (10\/2) em Belo Horizonte puderam conferir de perto as a\u00e7\u00f5es e estruturas montadas pelo Governo de Minas para proporcionar divers\u00e3o, conforto, seguran\u00e7a e acolhimento nos principais pontos da folia da capital mineira.<\/p>\n<p>Quem passou pela Pra\u00e7a da Liberdade, na regi\u00e3o Centro-Sul da cidade, na manh\u00e3 do primeiro dia da festa aprovou a programa\u00e7\u00e3o oferecida no Atrium da Liberdade.<\/p>\n<p>Com atra\u00e7\u00f5es voltadas para toda a fam\u00edlia, o espa\u00e7o foi idealizado pela Secretaria de Estado de Cultura e Turismo (Secult) e Funda\u00e7\u00e3o Cl\u00f3vis Salgado (FCS), com patroc\u00ednio da Gasmig, via Lei Estadual de Incentivo \u00e0 Cultura.<\/p>\n<p>O Atrium expressa a hospitalidade do povo mineiro, funcionando como uma grande \u201csala de estar\u201d inclusiva para o encontro das pessoas e espa\u00e7o de descompress\u00e3o para o descanso dos foli\u00f5es nos intervalos entre um bloco e outro.<\/p>\n<p>Esse \u00e9 o caso de Camila Maciel, emissora de passagens a\u00e9reas. No Atrium, ela parou para retocar a\u00a0maquiagem carnavalesca para curtir os blocos de BH.<\/p>\n<figure class=\"image\" style=\"float:right\">&#13;<figcaption><sub><em>Cristiano Machado \/ Imprensa MG<\/em><\/sub><\/figcaption>&#13;<br \/>\n<\/figure>\n<p>\u201cAqui \u00e9 um espa\u00e7o mais tranquilo, onde a gente pode descansar, recarregar os celulares. \u00c9 muito seguro com a presen\u00e7a de viaturas da Pol\u00edcia Militar. Aproveitei que estava indo de um bloco a outro para retocar a minha maquiagem\u201d, contou.<\/p>\n<p>Em sua segunda edi\u00e7\u00e3o, o Atrium da Liberdade foi ampliado no Carnaval da Liberdade 2024. Pela primeira vez, o espa\u00e7o de conviv\u00eancia tamb\u00e9m est\u00e1 montado na Pra\u00e7a Duque de Caxias, no bairro Santa Tereza, regi\u00e3o Leste de BH.<\/p>\n<p>Durante os quatro dias de festa, ser\u00e3o mais de 44 atra\u00e7\u00f5es gratuitas, como apresenta\u00e7\u00e3o de DJs, blocos, grupos, al\u00e9m de\u00a0atividades tanto para o p\u00fablico infantil, especialmente na parte da manh\u00e3, quanto para os adultos.<\/p>\n<p>\u201cNo Atrium da Liberdade foi montada\u00a0uma estrutura para que os foli\u00f5es possam ter um lugar adequado para descanso e tamb\u00e9m para descontrair, sendo uma alternativa mais light\u00a0no Carnaval. Tem rede, pufe, o pipinha da Copasa, energia para recarregar o celular, v\u00e1rios espa\u00e7os instagram\u00e1veis, lugar para retocar a maquiagem\u201d, destacou\u00a0a secret\u00e1ria adjunta de Comunica\u00e7\u00e3o de Minas Gerais, B\u00e1rbara Botega.<\/p>\n<p>Al\u00e9m da proposta de conforto oferecida\u00a0pelo espa\u00e7o, o Atrium da Liberdade tamb\u00e9m recebeu elogios pela decora\u00e7\u00e3o, que enfeitou um dos pontos tur\u00edsticos mais tradicionais de Belo Horizonte com as cores do Carnaval.<\/p>\n<p>A servidora Gabriela Novaes, aproveitou\u00a0o espa\u00e7o pela segunda vez, com a pequena Maria Flor. Juntas, elas dan\u00e7aram, fizeram maquiagem e se divertiram com as atra\u00e7\u00f5es oferecidas no Atrium da Liberdade.<\/p>\n<p>\u201cAchei a pra\u00e7a linda, muito decorada. Estou aqui com minha filha e ela est\u00e1 super alegre. Est\u00e1 dan\u00e7ado e pulando para todo lado com as outras crian\u00e7as e jogando confete. Tudo muito lindo\u201d, comentou.<\/p>\n<p>\u00a0<\/p>\n<figure class=\"image\" style=\"float:left\">&#13;<figcaption><sub><em>Cristiano Machado \/ Imprensa MG<\/em><\/sub><\/figcaption>&#13;<br \/>\n<\/figure>\n<p><strong>Espa\u00e7o de acolhimento<\/strong><\/p>\n<p>Outra novidade do Carnaval da Liberdade \u00e9 a implanta\u00e7\u00e3o do Plant\u00e3o Integrado Acolhe minas. O espa\u00e7o coordenado pelo Governo de Minas, por meio da Secretaria de Estado de Desenvolvimento Social (Sedese), vai oferecer aten\u00e7\u00e3o especial \u00e0s mulheres que precisem de apoio em situa\u00e7\u00f5es de viol\u00eancia, especialmente em casos de importuna\u00e7\u00e3o sexual.<\/p>\n<p>O plant\u00e3o fica na sede do Instituto Estadual do Patrim\u00f4nio Hist\u00f3rico e Art\u00edstico (Iepha-MG), o pr\u00e9dio verde da Pra\u00e7a da Liberdade, e funcionar\u00e1 durante os quatro dias de carnaval, das 10h \u00e0s 19h.<\/p>\n<p>A secret\u00e1ria de Estado de Desenvolvimento Social, Elizabeth Juc\u00e1, esteve no primeiro dia de funcionamento do plant\u00e3o e destacou a import\u00e2ncia do servi\u00e7o.<\/p>\n<p>\u201c\u00c9 um atendimento humanizado. Uma mulher que sofreu uma importuna\u00e7\u00e3o sexual est\u00e1 abalada. Aqui ser\u00e1 atendida por psic\u00f3logos, vai ser encaminhada para fazer um boletim de ocorr\u00eancia com a Pol\u00edcia Civil, vai receber assessoria jur\u00eddica da OAB e da Defensoria P\u00fablica\u201d, explicou.<\/p>\n<p>A proposta do Acolhe minas \u00e9 oferecer, pela primeira vez, um espa\u00e7o para acolhimento, atendimento psicossocial, suporte emocional, orienta\u00e7\u00e3o jur\u00eddica e encaminhamentos no per\u00edodo de folia. Al\u00e9m disso, \u00e9 um espa\u00e7o seguro para obter informa\u00e7\u00f5es sobre os direitos das mulheres e medidas de preven\u00e7\u00e3o para coibir casos de ass\u00e9dio e viol\u00eancia sexual.<\/p>\n<p>Para a Priscila Ferreira, a a\u00e7\u00e3o \u00e9 fundamental para que a mulher se sinta acolhida em momentos de fragilidade. Do Rio de Janeiro, a editora de fotografia veio conhecer os pontos tur\u00edsticos da capital mineira no feriado.<\/p>\n<p>\u201cVivemos em um mundo desigual e todo evento e espa\u00e7o que acolhe a mulher \u00e9 importante, ainda mais no Carnaval. Acho esta a\u00e7\u00e3o aqui de Minas fundamental\u201d, afirmou.<\/p>\n<p>A iniciativa, que \u00e9 pioneira no Brasil, conta com a participa\u00e7\u00e3o integrada de institui\u00e7\u00f5es governamentais, Minist\u00e9rio P\u00fablico, iniciativa privada e sociedade civil.<br \/>&#13;<br \/>\n\u00a0<\/p>\n<figure class=\"image\" style=\"float:right\">&#13;<figcaption><sub><em>Cristiano Machado \/ Imprensa MG<\/em><\/sub><\/figcaption>&#13;<br \/>\n<\/figure>\n<p><strong>Sonoriza\u00e7\u00e3o<\/strong><\/p>\n<p>A alegria e a musicalidade dos blocos que passaram pelas Avenidas dos Andradas e Amazonas neste primeiro dia de folia foram ampliadas com o a sonoriza\u00e7\u00e3o implantada pela primeira vez no Carnaval de Belo Horizonte.<\/p>\n<p>O sistema conta com investimentos de cerca de R$ 4,5 milh\u00f5es do Governo de Minas Gerais, por meio de patroc\u00ednio da Companhia de Desenvolvimento de Minas Gerais (Codemge) e da Companhia Energ\u00e9tica de Minas Gerais (Cemig).<\/p>\n<p>O subsecretario de Cultura de Minas Gerais, Igor Arci, destacou a qualidade e o conforto que o sistema de som traz para quem vem curtir Carnaval de BH.<\/p>\n<p>&#8220;\u00c9 o maior Carnaval que Minas Gerais j\u00e1 teve. Duas avenidas\u00a0com sonoriza\u00e7\u00e3o, v\u00e1rios blocos desfilando e, o melhor de tudo:\u00a0fazer com que todas as pessoas escutem esse som com qualidade do in\u00edcio at\u00e9 o final. \u00c9 um conforto para nossa popula\u00e7\u00e3o e para os turistas&#8221;, enfatizou.<\/p>\n<p>A nova tecnologia foi elogiada pelo p\u00fablico que esteve no cortejo do bloco Volta Belchior, que desfilou pela Avenida dos Andradas na tarde deste s\u00e1bado.<\/p>\n<p>A ge\u00f3loga Mara Martins comemora o avan\u00e7o da festa e a fama que ela vem ganhando em outras partes do pa\u00eds.<\/p>\n<p>&#8220;Eu estou no Carnaval de BH desde que ressurgiu, participei do primeiro bloco. Eu me\u00a0lembro como era antes e o que \u00e9 hoje. O Carnaval de BH merece. Ao longo dos anos, a festa s\u00f3 evoluiu. O som melhorou muito, a quantidade de pessoas s\u00f3 vem crescendo e o Brasil se apaixonou. Eu amei a ousadia do governo de divulgar o nosso carnaval em lugares que t\u00eam a festa j\u00e1 tradicional&#8221;, disse.\u00a0<\/p>\n<\/p><\/div>\n","protected":false},"excerpt":{"rendered":"<p>Relacionadas &#13;Cristiano Machado \/ Imprensa MG&#13; &#13; &#13; Os foli\u00f5es que curtiram o s\u00e1bado de Carnaval (10\/2) em Belo Horizonte puderam conferir de perto as a\u00e7\u00f5es e estruturas montadas pelo Governo de Minas para proporcionar divers\u00e3o, conforto, seguran\u00e7a e acolhimento nos principais pontos da folia da capital mineira. Quem passou pela Pra\u00e7a da Liberdade, na &#8230; <a title=\"Ag\u00eancia Minas Gerais | Foli\u00f5es aprovam estruturas do Governo de Minas para o Carnaval de Belo Horizonte\" class=\"read-more\" href=\"https:\/\/superinteressantes.com.br\/index.php\/2024\/02\/10\/agencia-minas-gerais-folioes-aprovam-estruturas-do-governo-de-minas-para-o-carnaval-de-belo-horizonte\/\" aria-label=\"More on Ag\u00eancia Minas Gerais | Foli\u00f5es aprovam estruturas do Governo de Minas para o Carnaval de Belo Horizonte\">Ler mais<\/a><\/p>\n","protected":false},"author":1,"featured_media":0,"comment_status":"open","ping_status":"open","sticky":false,"template":"","format":"standard","meta":{"footnotes":""},"categories":[1],"tags":[],"class_list":["post-6730","post","type-post","status-publish","format-standard","hentry","category-sem-categoria"],"amp_enabled":true,"_links":{"self":[{"href":"https:\/\/superinteressantes.com.br\/index.php\/wp-json\/wp\/v2\/posts\/6730","targetHints":{"allow":["GET"]}}],"collection":[{"href":"https:\/\/superinteressantes.com.br\/index.php\/wp-json\/wp\/v2\/posts"}],"about":[{"href":"https:\/\/superinteressantes.com.br\/index.php\/wp-json\/wp\/v2\/types\/post"}],"author":[{"embeddable":true,"href":"https:\/\/superinteressantes.com.br\/index.php\/wp-json\/wp\/v2\/users\/1"}],"replies":[{"embeddable":true,"href":"https:\/\/superinteressantes.com.br\/index.php\/wp-json\/wp\/v2\/comments?post=6730"}],"version-history":[{"count":0,"href":"https:\/\/superinteressantes.com.br\/index.php\/wp-json\/wp\/v2\/posts\/6730\/revisions"}],"wp:attachment":[{"href":"https:\/\/superinteressantes.com.br\/index.php\/wp-json\/wp\/v2\/media?parent=6730"}],"wp:term":[{"taxonomy":"category","embeddable":true,"href":"https:\/\/superinteressantes.com.br\/index.php\/wp-json\/wp\/v2\/categories?post=6730"},{"taxonomy":"post_tag","embeddable":true,"href":"https:\/\/superinteressantes.com.br\/index.php\/wp-json\/wp\/v2\/tags?post=6730"}],"curies":[{"name":"wp","href":"https:\/\/api.w.org\/{rel}","templated":true}]}}