{"id":6728,"date":"2024-02-10T19:41:50","date_gmt":"2024-02-10T22:41:50","guid":{"rendered":"http:\/\/superinteressantes.com.br\/index.php\/2024\/02\/10\/sao-francisco-xavier-recebe-novo-caminhao-de-coleta-de-lixo\/"},"modified":"2024-02-10T19:41:50","modified_gmt":"2024-02-10T22:41:50","slug":"sao-francisco-xavier-recebe-novo-caminhao-de-coleta-de-lixo","status":"publish","type":"post","link":"https:\/\/superinteressantes.com.br\/index.php\/2024\/02\/10\/sao-francisco-xavier-recebe-novo-caminhao-de-coleta-de-lixo\/","title":{"rendered":"S\u00e3o Francisco Xavier recebe novo caminh\u00e3o de coleta de lixo"},"content":{"rendered":"<p><\/p>\n<div style=\"border-top: 5px solid #272e51;\">\n<p>&#13;<br \/>\n                        As a\u00e7\u00f5es envolvem um novo plano de coleta com amplia\u00e7\u00e3o da coleta seletiva, reforma, amplia\u00e7\u00e3o e nova arte visual para os abrigos ecol\u00f3gicos e cont\u00eaineres na regi\u00e3o central   &#8211; Foto: Divulga\u00e7\u00e3o&#13;\n                    <\/p>\n<\/p><\/div>\n<div>\n<p><b>Ana L\u00facia Abranches<\/b><br \/>&#13;<br \/>\n&#13;<br \/>\n                <span style=\"font-weight: bold;\">Urbam<\/span><\/p>\n<p>A Urbam (Urbanizadora Municipal) est\u00e1 melhorando o servi\u00e7o de coleta de lixo no distrito de S\u00e3o Francisco Xavier, na regi\u00e3o norte de S\u00e3o Jos\u00e9 dos Campos.<\/p>\n<p>O primeiro passo foi o caminh\u00e3o novo, com nova identidade visual que passou a circular nesta sexta-feira (9) no distrito com a campanha \u201cS\u00e3o Francisco mais sustent\u00e1vel\u201d.<\/p>\n<p>A empresa est\u00e1 elaborando um programa visando melhorar ainda mais a gest\u00e3o dos res\u00edduos no distrito.<\/p>\n<p><span class=\"intertitulo\">Plano de coleta<\/span><\/p>\n<p>As a\u00e7\u00f5es envolver\u00e3o um novo plano de coleta com a amplia\u00e7\u00e3o da coleta seletiva para \u00e1reas que antes n\u00e3o eram contempladas, reforma, amplia\u00e7\u00e3o e nova arte visual para os abrigos ecol\u00f3gicos e cont\u00eaineres de lixo na regi\u00e3o central do distrito.<\/p>\n<p>Tamb\u00e9m est\u00e1 previsto um programa de educa\u00e7\u00e3o ambiental cont\u00ednuo que visa a conscientiza\u00e7\u00e3o da popula\u00e7\u00e3o para a separa\u00e7\u00e3o e descarte corretos dos res\u00edduos.<\/p>\n<p>O objetivo \u00e9 cuidar do distrito ecol\u00f3gico com novas pr\u00e1ticas sustent\u00e1veis para a promo\u00e7\u00e3o de um ambiente equilibrado.<\/p>\n<p>\u00a0<\/p>\n<p>\u00a0<\/p>\n<p>&#13;<br \/>\n                        <strong>MAIS NOT\u00cdCIAS<\/strong><br \/>&#13;<br \/>\n                        Urbam&#13;\n                    <\/p>\n<\/p><\/div>\n","protected":false},"excerpt":{"rendered":"<p>&#13; As a\u00e7\u00f5es envolvem um novo plano de coleta com amplia\u00e7\u00e3o da coleta seletiva, reforma, amplia\u00e7\u00e3o e nova arte visual para os abrigos ecol\u00f3gicos e cont\u00eaineres na regi\u00e3o central &#8211; Foto: Divulga\u00e7\u00e3o&#13; Ana L\u00facia Abranches&#13; &#13; Urbam A Urbam (Urbanizadora Municipal) est\u00e1 melhorando o servi\u00e7o de coleta de lixo no distrito de S\u00e3o Francisco Xavier, &#8230; <a title=\"S\u00e3o Francisco Xavier recebe novo caminh\u00e3o de coleta de lixo\" class=\"read-more\" href=\"https:\/\/superinteressantes.com.br\/index.php\/2024\/02\/10\/sao-francisco-xavier-recebe-novo-caminhao-de-coleta-de-lixo\/\" aria-label=\"More on S\u00e3o Francisco Xavier recebe novo caminh\u00e3o de coleta de lixo\">Ler mais<\/a><\/p>\n","protected":false},"author":1,"featured_media":0,"comment_status":"open","ping_status":"open","sticky":false,"template":"","format":"standard","meta":{"footnotes":""},"categories":[1],"tags":[],"class_list":["post-6728","post","type-post","status-publish","format-standard","hentry","category-sem-categoria"],"amp_enabled":true,"_links":{"self":[{"href":"https:\/\/superinteressantes.com.br\/index.php\/wp-json\/wp\/v2\/posts\/6728","targetHints":{"allow":["GET"]}}],"collection":[{"href":"https:\/\/superinteressantes.com.br\/index.php\/wp-json\/wp\/v2\/posts"}],"about":[{"href":"https:\/\/superinteressantes.com.br\/index.php\/wp-json\/wp\/v2\/types\/post"}],"author":[{"embeddable":true,"href":"https:\/\/superinteressantes.com.br\/index.php\/wp-json\/wp\/v2\/users\/1"}],"replies":[{"embeddable":true,"href":"https:\/\/superinteressantes.com.br\/index.php\/wp-json\/wp\/v2\/comments?post=6728"}],"version-history":[{"count":0,"href":"https:\/\/superinteressantes.com.br\/index.php\/wp-json\/wp\/v2\/posts\/6728\/revisions"}],"wp:attachment":[{"href":"https:\/\/superinteressantes.com.br\/index.php\/wp-json\/wp\/v2\/media?parent=6728"}],"wp:term":[{"taxonomy":"category","embeddable":true,"href":"https:\/\/superinteressantes.com.br\/index.php\/wp-json\/wp\/v2\/categories?post=6728"},{"taxonomy":"post_tag","embeddable":true,"href":"https:\/\/superinteressantes.com.br\/index.php\/wp-json\/wp\/v2\/tags?post=6728"}],"curies":[{"name":"wp","href":"https:\/\/api.w.org\/{rel}","templated":true}]}}