{"id":6726,"date":"2024-02-10T18:53:28","date_gmt":"2024-02-10T21:53:28","guid":{"rendered":"http:\/\/superinteressantes.com.br\/index.php\/2024\/02\/10\/joao-pessoa-tem-72-de-ocupacao-hoteleira-no-carnaval\/"},"modified":"2024-02-10T18:53:28","modified_gmt":"2024-02-10T21:53:28","slug":"joao-pessoa-tem-72-de-ocupacao-hoteleira-no-carnaval","status":"publish","type":"post","link":"https:\/\/superinteressantes.com.br\/index.php\/2024\/02\/10\/joao-pessoa-tem-72-de-ocupacao-hoteleira-no-carnaval\/","title":{"rendered":"Jo\u00e3o Pessoa tem 72% de ocupa\u00e7\u00e3o hoteleira no carnaval"},"content":{"rendered":"<p><\/p>\n<div>\n<p>O per\u00edodo de Carnaval 2024 na capital paraibana vem registrando bons resultados na ocupa\u00e7\u00e3o da rede de hotelaria da cidade, de aproximadamente 72%, de acordo com a Secretaria de Turismo de Jo\u00e3o Pessoa (Setur). Tradicionalmente os turistas que vem a capital est\u00e3o em busca de momentos mais tranq\u00fcilos, praia e banho de mar, mas tamb\u00e9m podem aproveitar a folia em v\u00e1rios blocos concentrados nos bairros da capital.<\/p>\n<figure class=\"wp-block-gallery has-nested-images columns-default is-cropped wp-block-gallery-1 is-layout-flex wp-block-gallery-is-layout-flex\">\n<figure class=\"wp-block-image size-large\"><\/figure>\n<figure class=\"wp-block-image size-large\"><\/figure>\n<\/figure>\n<p>A demanda de turistas registrada nos hot\u00e9is da cidade corresponde as expectativas do secret\u00e1rio de Turismo de Jo\u00e3o Pessoa, Daniel Rodrigues. \u201cA m\u00e9dia de ocupa\u00e7\u00e3o tem sido sustent\u00e1vel e a perspectiva \u00e9 de ampliar. \u00c9 interessante avaliar que a rede hoteleira de Jo\u00e3o Pessoa tem crescido, com novos hot\u00e9is abrindo, aumentado a oferta de leitos e, mesmo assim, temos finais de semana sem vagas\u201d.<\/p>\n<figure class=\"wp-block-gallery has-nested-images columns-default is-cropped wp-block-gallery-2 is-layout-flex wp-block-gallery-is-layout-flex\">\n<figure class=\"wp-block-image size-large\"><\/figure>\n<figure class=\"wp-block-image size-large\"><\/figure>\n<figure class=\"wp-block-image size-large\"><\/figure>\n<\/figure>\n<p>Segundo Daniel Rodrigues, esse cen\u00e1rio \u00e9 resultado da boa qualidade dos servi\u00e7os prestados pelo setor de turismo da capital e da amplia\u00e7\u00e3o do calend\u00e1rio de participa\u00e7\u00e3o nas principais feiras de turismo no Brasil e no exterior, al\u00e9m de investimentos e cuidados nas potencialidades naturais da cidade, como as praias, a Orla, as \u00e1reas verdes, a tradicional culin\u00e1ria e o Centro Hist\u00f3rico.<\/p>\n<figure class=\"wp-block-gallery has-nested-images columns-default is-cropped wp-block-gallery-3 is-layout-flex wp-block-gallery-is-layout-flex\">\n<figure class=\"wp-block-image size-large\"><\/figure>\n<figure class=\"wp-block-image size-large\"><\/figure>\n<figure class=\"wp-block-image size-large\"><\/figure>\n<\/figure>\n<p><strong>Seguran\u00e7a \u2013<\/strong> Outro fator que contribui para atrair os turistas, segundo ele, \u00e9 o trabalho conjunto desenvolvido pela Prefeitura de Jo\u00e3o Pessoa por meio das atividades desenvolvidas pela Funda\u00e7\u00e3o Cultural (Funjope), Superintend\u00eancia de Tr\u00e2nsito (Semob), a Autarquia Especial Municipal de Limpeza Urbana (Emlur), Desenvolvimento Urbano (Sedurb), al\u00e9m das a\u00e7\u00f5es de seguran\u00e7a p\u00fablica desenvolvidas pela Guarda Metropolitana de Jo\u00e3o Pessoa em parceria com as Pol\u00edcias Militar, Civil e Corpo de Bombeiros, numa a\u00e7\u00e3o conjunta entre os poderes executivos municipal e estadual.<\/p>\n<p><strong>Folia <\/strong>\u2013 Os turistas que buscam a folia do carnaval podem participar dos blocos do \u2018Folia de Rua\u2019. No s\u00e1bado (10) de Carnaval tem v\u00e1rias op\u00e7\u00f5es, a exemplo do bloco \u201cAs Raparigas de Chico\u201d, a partir das 15h, no Ponto de Cem R\u00e9is, no Centro Hist\u00f3rico da Capital; \u2018Elefante da Torre\u2019, \u00e0s 14h, na Torre; \u2018Vaca Morta\u2019, \u00e0s 21h, na Pra\u00e7a da Conquista, no Padre Z\u00e9; \u2018Boi do Bessa\u2019, \u00e0s 16h em frente ao Bessa Grill e \u2018Urso Gay\u2019, \u00e0s 20h na Pra\u00e7a Famuel, em Mangabeira VII. No domingo, tem o bloco \u2018Tome Ladeira\u2019, a partir das 15h, no Centro Hist\u00f3rico. <\/p>\n<p><strong>Praias \u2013<\/strong> Os turistas \u2013 apaixonados por mar e sol \u2013 encontram em Jo\u00e3o Pessoa belas praias, de \u00e1guas mornas, transparentes e limpas. S\u00e3o 24 km de orla e nove praias, incluindo as praias urbanas \u2013 de f\u00e1cil acesso, a exemplo do Cabo Branco, Mana\u00edra, Tamba\u00fa e Bessa. <\/p>\n<p><strong>Primeiro sol das Am\u00e9ricas- <\/strong>Jo\u00e3o Pessoa \u00e9 conhecida como a cidade onde o sol nasce primeiro nas Am\u00e9ricas, ent\u00e3o a dica \u00e9 acordar cedo pra assistir o nascer do astro-rei, em torno das 5h e aproveitar para caminhar, correr, dar uns mergulhos, andar de bicicleta, patins ou skate. Quem quiser ir para praias mais distantes pode aproveitar os passeios de buggy, catamar\u00e3s, caiaques e at\u00e9 bike aqu\u00e1tica. <\/p>\n<p><strong>Compras<\/strong> A capital paraibana tem op\u00e7\u00f5es de compras para todos os gostos e estilos. Quem deseja realizar compras pode optar em visitar os mercados de artesanato da Orla.<\/p>\n<p>J\u00e1 quem deseja explorar a culin\u00e1ria pode se deleitar nas diversas op\u00e7\u00f5es gastron\u00f4micas. No card\u00e1pio pratos para todos os gostos \u2013 massas, peixes, caldos, carnes, burgers e v\u00e1rios tipos de drinks e bebidas. \u00c0 noite sempre rola m\u00fasica ao vivo de boa qualidade, nos bares e restaurantes de Jo\u00e3o Pessoa.<\/p>\n<p><strong>Centro Hist\u00f3rico \u2013 <\/strong>Nesse per\u00edodo de carnaval os turistas tamb\u00e9m podem optar pelo passeio pelas ruas do Centro Hist\u00f3rico de Jo\u00e3o Pessoa e mergulhar na cultura da terceira cidade mais antiga do Brasil, fundada em 1585. S\u00e3o muitos casar\u00f5es como o Hotel Globo, Centro Cultural Casa da P\u00f3lvora, Igreja de Nossa Senhora do Carmo, Mosteiro de S\u00e3o Francisco, al\u00e9m de diversas pra\u00e7as como a Pra\u00e7a Antenor Navarro, Rio Branco, Pra\u00e7a dos Tr\u00eas Poderes e o Parque da Lagoa Solon de Lucena \u2013 que conta com espa\u00e7o ao ar livre com parques para crian\u00e7as, \u00e1rea para a pr\u00e1tica de esportes e piqueniques.<\/p>\n<\/p><\/div>\n","protected":false},"excerpt":{"rendered":"<p>O per\u00edodo de Carnaval 2024 na capital paraibana vem registrando bons resultados na ocupa\u00e7\u00e3o da rede de hotelaria da cidade, de aproximadamente 72%, de acordo com a Secretaria de Turismo de Jo\u00e3o Pessoa (Setur). Tradicionalmente os turistas que vem a capital est\u00e3o em busca de momentos mais tranq\u00fcilos, praia e banho de mar, mas tamb\u00e9m &#8230; <a title=\"Jo\u00e3o Pessoa tem 72% de ocupa\u00e7\u00e3o hoteleira no carnaval\" class=\"read-more\" href=\"https:\/\/superinteressantes.com.br\/index.php\/2024\/02\/10\/joao-pessoa-tem-72-de-ocupacao-hoteleira-no-carnaval\/\" aria-label=\"More on Jo\u00e3o Pessoa tem 72% de ocupa\u00e7\u00e3o hoteleira no carnaval\">Ler mais<\/a><\/p>\n","protected":false},"author":1,"featured_media":0,"comment_status":"open","ping_status":"open","sticky":false,"template":"","format":"standard","meta":{"footnotes":""},"categories":[1],"tags":[],"class_list":["post-6726","post","type-post","status-publish","format-standard","hentry","category-sem-categoria"],"amp_enabled":true,"_links":{"self":[{"href":"https:\/\/superinteressantes.com.br\/index.php\/wp-json\/wp\/v2\/posts\/6726","targetHints":{"allow":["GET"]}}],"collection":[{"href":"https:\/\/superinteressantes.com.br\/index.php\/wp-json\/wp\/v2\/posts"}],"about":[{"href":"https:\/\/superinteressantes.com.br\/index.php\/wp-json\/wp\/v2\/types\/post"}],"author":[{"embeddable":true,"href":"https:\/\/superinteressantes.com.br\/index.php\/wp-json\/wp\/v2\/users\/1"}],"replies":[{"embeddable":true,"href":"https:\/\/superinteressantes.com.br\/index.php\/wp-json\/wp\/v2\/comments?post=6726"}],"version-history":[{"count":0,"href":"https:\/\/superinteressantes.com.br\/index.php\/wp-json\/wp\/v2\/posts\/6726\/revisions"}],"wp:attachment":[{"href":"https:\/\/superinteressantes.com.br\/index.php\/wp-json\/wp\/v2\/media?parent=6726"}],"wp:term":[{"taxonomy":"category","embeddable":true,"href":"https:\/\/superinteressantes.com.br\/index.php\/wp-json\/wp\/v2\/categories?post=6726"},{"taxonomy":"post_tag","embeddable":true,"href":"https:\/\/superinteressantes.com.br\/index.php\/wp-json\/wp\/v2\/tags?post=6726"}],"curies":[{"name":"wp","href":"https:\/\/api.w.org\/{rel}","templated":true}]}}