{"id":6725,"date":"2024-02-10T18:06:36","date_gmt":"2024-02-10T21:06:36","guid":{"rendered":"http:\/\/superinteressantes.com.br\/index.php\/2024\/02\/10\/linhas-metroferroviarias-operam-24-horas-para-atender-anhembi-nos-dias-9-e-10\/"},"modified":"2024-02-10T18:06:36","modified_gmt":"2024-02-10T21:06:36","slug":"linhas-metroferroviarias-operam-24-horas-para-atender-anhembi-nos-dias-9-e-10","status":"publish","type":"post","link":"https:\/\/superinteressantes.com.br\/index.php\/2024\/02\/10\/linhas-metroferroviarias-operam-24-horas-para-atender-anhembi-nos-dias-9-e-10\/","title":{"rendered":"Linhas metroferrovi\u00e1rias operam 24 horas para atender Anhembi nos dias 9 e 10"},"content":{"rendered":"<p><img decoding=\"async\" src=\"https:\/\/www.saopaulo.sp.gov.br\/wp-content\/uploads\/2024\/02\/Linhas-concedidas-transportes.jpg\" \/><\/p>\n<div id=\"\">&#13;<br \/>\n                                <!-- Title -->&#13;<br \/>\n                                &#13;<br \/>\n&#13;<br \/>\n                                <!-- Excerpt -->&#13;<\/p>\n<p class=\"excerpt\">Esta\u00e7\u00e3o Palmeiras-Barra Funda estar\u00e1 aberta para embarque e desembarque dos foli\u00f5es<\/p>\n<p>&#13;<br \/>\n&#13;<br \/>\n                                &#13;\n                            <\/p><\/div>\n<div id=\"\">&#13;<\/p>\n<figure id=\"attachment_5817373\" style=\"width: 100%;max-width: 750px\" class=\"wp-caption alignnone\"><figcaption class=\"wp-caption-text\">Medida visa atender o p\u00fablico que ir\u00e1 ao desfile no Samb\u00f3dromo do Anhembi<\/figcaption><\/figure>\n<p>Nesta sexta-feira (9) e no s\u00e1bado (10), as quatro linhas metroferrovi\u00e1rias operadas pela iniciativa privada (4-Amarela, 5-Lil\u00e1s, 8-Diamante e 9-Esmeralda) funcionar\u00e3o 24 horas por dia para atender o p\u00fablico que ir\u00e1 curtir o Carnaval no Samb\u00f3dromo do Anhembi. O desfile do Grupo Especial das escolas de samba est\u00e1 previsto para ir at\u00e9 as 5h.<\/p>\n<p>Nesses dias (9 e 10), os foli\u00f5es poder\u00e3o embarcar e desembarcar na Esta\u00e7\u00e3o Palmeiras-Barra Funda durante todo o per\u00edodo, enquanto as demais, somente desembarque e transfer\u00eancias, a partir da meia-noite. Nos outros dias de Carnaval, os servi\u00e7os operam nos hor\u00e1rios normais: as linhas 4-Amarela e 5-Lil\u00e1s de metr\u00f4, das 4h40 \u00e0 meia-noite, e linhas 8-Diamante e 9-Esmeralda de trens metropolitanos, entre 4h e meia-noite.<\/p>\n<p>Para garantir o conforto e seguran\u00e7a dos usu\u00e1rios durante o per\u00edodo festivo, as linhas adotar\u00e3o estrat\u00e9gias para controle de fluxo de usu\u00e1rios, al\u00e9m de orienta\u00e7\u00e3o por meio de avisos sonoros e comunica\u00e7\u00e3o visual. Haver\u00e1 tamb\u00e9m refor\u00e7o no n\u00famero de AAS (agentes de atendimento e seguran\u00e7a) nas esta\u00e7\u00f5es e trens entre os dias 9 e 14 de fevereiro.<\/p>\n<p>A expectativa \u00e9 de que a Linha 4-Amarela receba o maior n\u00famero de foli\u00f5es. No ano passado, as esta\u00e7\u00f5es da linha alcan\u00e7aram 2,5 milh\u00f5es de pessoas durante a semana do Carnaval. As esta\u00e7\u00f5es Vila S\u00f4nia, Pinheiros, Faria Lima, Fradique Coutinho, Paulista, Higien\u00f3polis-Mackenzie, Rep\u00fablica e Luz devem receber o maior n\u00famero de usu\u00e1rios. Para atender o fluxo, a concession\u00e1ria atuar\u00e1 com 650 colaboradores por dia.<\/p>\n<p>A Linha 5-Lil\u00e1s tamb\u00e9m est\u00e1 preparada para receber o p\u00fablico deste ano. O maior n\u00famero de passageiros deve ser nas esta\u00e7\u00f5es AACD-Servidor, Moema, Santa Cruz, Ch\u00e1cara Klabin, Santo Amaro e Cap\u00e3o Redondo. Em 2023, a linha transportou 1,8 milh\u00e3o de passageiros.<\/p>\n<p>Com base em 2023, as Linhas de trens urbanos 8-Diamante e 9-Esmeralada dever\u00e3o receber juntas cerca de 2,7 milh\u00f5es de pessoas durante o Carnaval, sendo 1,2 milh\u00e3o de usu\u00e1rios na Linha 8 e 1,5 milh\u00e3o na Linha 9. As Esta\u00e7\u00f5es Barra Funda e Pinheiros registraram o maior fluxo de pessoas no per\u00edodo.<\/p>\n<p>Siga o canal \u201cGoverno de S\u00e3o Paulo\u201d no WhatsApp:<br \/>https:\/\/bit.ly\/govspnozap<\/p>\n<\/p><\/div>\n","protected":false},"excerpt":{"rendered":"<p>&#13; &#13; &#13; &#13; &#13; Esta\u00e7\u00e3o Palmeiras-Barra Funda estar\u00e1 aberta para embarque e desembarque dos foli\u00f5es &#13; &#13; &#13; &#13; Medida visa atender o p\u00fablico que ir\u00e1 ao desfile no Samb\u00f3dromo do Anhembi Nesta sexta-feira (9) e no s\u00e1bado (10), as quatro linhas metroferrovi\u00e1rias operadas pela iniciativa privada (4-Amarela, 5-Lil\u00e1s, 8-Diamante e 9-Esmeralda) funcionar\u00e3o 24 &#8230; <a title=\"Linhas metroferrovi\u00e1rias operam 24 horas para atender Anhembi nos dias 9 e 10\" class=\"read-more\" href=\"https:\/\/superinteressantes.com.br\/index.php\/2024\/02\/10\/linhas-metroferroviarias-operam-24-horas-para-atender-anhembi-nos-dias-9-e-10\/\" aria-label=\"More on Linhas metroferrovi\u00e1rias operam 24 horas para atender Anhembi nos dias 9 e 10\">Ler mais<\/a><\/p>\n","protected":false},"author":1,"featured_media":0,"comment_status":"open","ping_status":"open","sticky":false,"template":"","format":"standard","meta":{"footnotes":""},"categories":[1],"tags":[],"class_list":["post-6725","post","type-post","status-publish","format-standard","hentry","category-sem-categoria"],"amp_enabled":true,"_links":{"self":[{"href":"https:\/\/superinteressantes.com.br\/index.php\/wp-json\/wp\/v2\/posts\/6725","targetHints":{"allow":["GET"]}}],"collection":[{"href":"https:\/\/superinteressantes.com.br\/index.php\/wp-json\/wp\/v2\/posts"}],"about":[{"href":"https:\/\/superinteressantes.com.br\/index.php\/wp-json\/wp\/v2\/types\/post"}],"author":[{"embeddable":true,"href":"https:\/\/superinteressantes.com.br\/index.php\/wp-json\/wp\/v2\/users\/1"}],"replies":[{"embeddable":true,"href":"https:\/\/superinteressantes.com.br\/index.php\/wp-json\/wp\/v2\/comments?post=6725"}],"version-history":[{"count":0,"href":"https:\/\/superinteressantes.com.br\/index.php\/wp-json\/wp\/v2\/posts\/6725\/revisions"}],"wp:attachment":[{"href":"https:\/\/superinteressantes.com.br\/index.php\/wp-json\/wp\/v2\/media?parent=6725"}],"wp:term":[{"taxonomy":"category","embeddable":true,"href":"https:\/\/superinteressantes.com.br\/index.php\/wp-json\/wp\/v2\/categories?post=6725"},{"taxonomy":"post_tag","embeddable":true,"href":"https:\/\/superinteressantes.com.br\/index.php\/wp-json\/wp\/v2\/tags?post=6725"}],"curies":[{"name":"wp","href":"https:\/\/api.w.org\/{rel}","templated":true}]}}