{"id":6722,"date":"2024-02-10T15:44:20","date_gmt":"2024-02-10T18:44:20","guid":{"rendered":"http:\/\/superinteressantes.com.br\/index.php\/2024\/02\/10\/sao-jose-reforca-acoes-de-combate-a-dengue-durante-o-carnaval\/"},"modified":"2024-02-10T15:44:20","modified_gmt":"2024-02-10T18:44:20","slug":"sao-jose-reforca-acoes-de-combate-a-dengue-durante-o-carnaval","status":"publish","type":"post","link":"https:\/\/superinteressantes.com.br\/index.php\/2024\/02\/10\/sao-jose-reforca-acoes-de-combate-a-dengue-durante-o-carnaval\/","title":{"rendered":"S\u00e3o Jos\u00e9 refor\u00e7a a\u00e7\u00f5es de combate \u00e0 dengue durante o Carnaval"},"content":{"rendered":"<p><\/p>\n<div>\n<p><b>Paula Paz<\/b><br \/>&#13;<br \/>\n&#13;<br \/>\n                <span style=\"font-weight: bold;\">Secretaria de Sa\u00fade<\/span><\/p>\n<p>A Prefeitura de S\u00e3o Jos\u00e9 dos Campos intensificou, neste feriado de Carnaval, as a\u00e7\u00f5es de combate \u00e0 dengue na cidade. A for\u00e7a-tarefa inclui a conscientiza\u00e7\u00e3o dos moradores para a necessidade de se eliminar os focos do mosquito Aedes aegypti.<\/p>\n<p>As a\u00e7\u00f5es come\u00e7aram neste s\u00e1bado (10) com nebuliza\u00e7\u00e3o, a\u00e7\u00e3o educativa e controle de criadouros nas regi\u00f5es sudeste e sul.<\/p>\n<p>At\u00e9 a pr\u00f3xima quarta-feira (14), cerca de 80 agentes de combate \u00e0s endemias e agentes comunit\u00e1rios de sa\u00fade estar\u00e3o nas ruas para orientar os mun\u00edcipes e vistoriar as resid\u00eancias.<\/p>\n<\/p>\n<p>Os pequenos Gabriel e Maria Fernanda participaram\u00a0 da a\u00e7\u00e3o educativa e observaram com aten\u00e7\u00e3o a exposi\u00e7\u00e3o sobre o ciclo de vida do vetor da dengue. \u00a0<\/p>\n<p>No total, mais de\u00a0400 funcion\u00e1rios da Secretaria de Sa\u00fade estar\u00e3o mobilizados para essa miss\u00e3o, atuando nos bairros\u00a0Bosque dos Eucaliptos, Jardim Sat\u00e9lite, Cidade Morumbi, Jardim Colonial, Dom Pedro 1\u00ba e Residencial Uni\u00e3o, todos na regi\u00e3o sul; Vila Industrial (regi\u00e3o leste) e Vila Iracema (regi\u00e3o sudeste).<\/p>\n<p>Lucas Lobo de Faria e sua mulher, Daniele Aparecida Guerra de Faria, receberam os agentes respons\u00e1veis pela nebuliza\u00e7\u00e3o em sua resid\u00eancia. &#8220;Este \u00e9, de fato, um trabalho de suma import\u00e2ncia para o controle dessa doen\u00e7a. Todos n\u00f3s precisamos fazer a nossa parte&#8221;, afirmam os moradores do bairro S\u00e3o Judas.<\/p>\n<\/p>\n<p><span class=\"intertitulo\"><strong>Colabora\u00e7\u00e3o<\/strong><\/span><\/p>\n<p>A colabora\u00e7\u00e3o ativa dos mun\u00edcipes \u00e9 fundamental nesse esfor\u00e7o coletivo, redobrando os cuidados e sendo cordiais com os agentes, deixando-os entrar na casa para avalia\u00e7\u00e3o dos quintais, vasos de plantas e ralos. Eles est\u00e3o empenhados em assegurar a sa\u00fade de toda a comunidade. Conhe\u00e7a mais sobre esses agentes dedicados.<\/p>\n<p>Caso identifique terrenos abandonados ou locais que possam ser criadouros do transmissor da dengue, entre em contato pela central 156 (telefone, site e aplicativo).<\/p>\n<p><span class=\"intertitulo\"><strong>Cuidados<\/strong><\/span><\/p>\n<p><strong>A\u00e7\u00f5es para evitar criadouros<\/strong><\/p>\n<ul>\n<li>Evite o uso de pratinhos embaixo das plantas<\/li>\n<li>Evite planta aqu\u00e1tica<\/li>\n<li>N\u00e3o acumule entulho e lixo<\/li>\n<li>Fa\u00e7a sempre a\u00a0manuten\u00e7\u00e3o de Piscinas e Fontes, utilizando produtos qu\u00edmicos l\u00edquidos<\/li>\n<li>Retire a \u00e1gua acumulada da laje<\/li>\n<li>Mantenha a lixeira sempre fechada<\/li>\n<li>Guardar pneus em lugares cobertos<\/li>\n<li>Guarde garrafas e baldes sempre virados para baixo<\/li>\n<li>Lave pelo menos duas vezes por semana, com \u00e1gua e sab\u00e3o, os vasos usados \u200b\u200bpara servir \u00e1gua aos animais dom\u00e9sticos<\/li>\n<li>Mantenha bem tampados reservat\u00f3rios e caixas d&#8217;\u00e1gua<\/li>\n<li>Mantenha a tampa do vaso sanit\u00e1rio abaixada<\/li>\n<li>Se a caixa de descarga n\u00e3o tiver tampa, \u00e9 necess\u00e1rio fechar com pl\u00e1stico e fita adesiva<\/li>\n<li>Ao sair de casa, feche a tampa dos ralos internos ou cobertura com tapetes ou objetos<\/li>\n<\/ul>\n<p>&#13;<br \/>\n                        <strong>MAIS NOT\u00cdCIAS<\/strong><br \/>&#13;<br \/>\n                        Secretaria de Sa\u00fade&#13;\n                    <\/p>\n<\/p><\/div>\n","protected":false},"excerpt":{"rendered":"<p>Paula Paz&#13; &#13; Secretaria de Sa\u00fade A Prefeitura de S\u00e3o Jos\u00e9 dos Campos intensificou, neste feriado de Carnaval, as a\u00e7\u00f5es de combate \u00e0 dengue na cidade. A for\u00e7a-tarefa inclui a conscientiza\u00e7\u00e3o dos moradores para a necessidade de se eliminar os focos do mosquito Aedes aegypti. As a\u00e7\u00f5es come\u00e7aram neste s\u00e1bado (10) com nebuliza\u00e7\u00e3o, a\u00e7\u00e3o educativa &#8230; <a title=\"S\u00e3o Jos\u00e9 refor\u00e7a a\u00e7\u00f5es de combate \u00e0 dengue durante o Carnaval\" class=\"read-more\" href=\"https:\/\/superinteressantes.com.br\/index.php\/2024\/02\/10\/sao-jose-reforca-acoes-de-combate-a-dengue-durante-o-carnaval\/\" aria-label=\"More on S\u00e3o Jos\u00e9 refor\u00e7a a\u00e7\u00f5es de combate \u00e0 dengue durante o Carnaval\">Ler mais<\/a><\/p>\n","protected":false},"author":1,"featured_media":0,"comment_status":"open","ping_status":"open","sticky":false,"template":"","format":"standard","meta":{"footnotes":""},"categories":[1],"tags":[],"class_list":["post-6722","post","type-post","status-publish","format-standard","hentry","category-sem-categoria"],"amp_enabled":true,"_links":{"self":[{"href":"https:\/\/superinteressantes.com.br\/index.php\/wp-json\/wp\/v2\/posts\/6722","targetHints":{"allow":["GET"]}}],"collection":[{"href":"https:\/\/superinteressantes.com.br\/index.php\/wp-json\/wp\/v2\/posts"}],"about":[{"href":"https:\/\/superinteressantes.com.br\/index.php\/wp-json\/wp\/v2\/types\/post"}],"author":[{"embeddable":true,"href":"https:\/\/superinteressantes.com.br\/index.php\/wp-json\/wp\/v2\/users\/1"}],"replies":[{"embeddable":true,"href":"https:\/\/superinteressantes.com.br\/index.php\/wp-json\/wp\/v2\/comments?post=6722"}],"version-history":[{"count":0,"href":"https:\/\/superinteressantes.com.br\/index.php\/wp-json\/wp\/v2\/posts\/6722\/revisions"}],"wp:attachment":[{"href":"https:\/\/superinteressantes.com.br\/index.php\/wp-json\/wp\/v2\/media?parent=6722"}],"wp:term":[{"taxonomy":"category","embeddable":true,"href":"https:\/\/superinteressantes.com.br\/index.php\/wp-json\/wp\/v2\/categories?post=6722"},{"taxonomy":"post_tag","embeddable":true,"href":"https:\/\/superinteressantes.com.br\/index.php\/wp-json\/wp\/v2\/tags?post=6722"}],"curies":[{"name":"wp","href":"https:\/\/api.w.org\/{rel}","templated":true}]}}