{"id":6615,"date":"2024-02-07T18:58:15","date_gmt":"2024-02-07T21:58:15","guid":{"rendered":"http:\/\/superinteressantes.com.br\/index.php\/2024\/02\/07\/prefeitura-assina-contrato-de-concessao-do-mercado-municipal\/"},"modified":"2024-02-07T18:58:15","modified_gmt":"2024-02-07T21:58:15","slug":"prefeitura-assina-contrato-de-concessao-do-mercado-municipal","status":"publish","type":"post","link":"https:\/\/superinteressantes.com.br\/index.php\/2024\/02\/07\/prefeitura-assina-contrato-de-concessao-do-mercado-municipal\/","title":{"rendered":"Prefeitura assina contrato de concess\u00e3o do Mercado Municipal"},"content":{"rendered":"<p><\/p>\n<div>\n<p><b>Jo\u00e3o Paulo Sardinha<\/b><br \/>&#13;<br \/>\n&#13;<br \/>\n                <span style=\"font-weight: bold;\">Gabinete<\/span><\/p>\n<p>A Prefeitura de S\u00e3o Jos\u00e9 dos Campos assinou, nesta quarta-feira (7), o contrato de concess\u00e3o do Mercado Municipal \u00e0 associa\u00e7\u00e3o criada pelos comerciantes do mais tradicional centro de compras da cidade, que completou 100 anos em 2023.<\/p>\n<p>A cerim\u00f4nia aconteceu na Travessa Chico Luiz, ao lado do Mercad\u00e3o. O evento reuniu diversos comerciantes do Mercado e representantes da Prefeitura.<\/p>\n<p>O contrato foi assinado no mesmo dia em que aconteceu a licita\u00e7\u00e3o para a requalifica\u00e7\u00e3o do espa\u00e7o. Doze empresas apresentaram proposta. A documenta\u00e7\u00e3o das participantes est\u00e1 em an\u00e1lise pela Prefeitura de S\u00e3o Jos\u00e9.<\/p>\n<p>A obra prev\u00ea reforma do telhado, novas instala\u00e7\u00f5es el\u00e9tricas, reforma dos banheiros, novo piso, pintura, outras obras de infraestrutura necess\u00e1rias para obten\u00e7\u00e3o do AVCB (Auto de Vistoria do Corpo de Bombeiros) e troca de l\u00e2mpadas convencionais por lumin\u00e1rias de LED. A previs\u00e3o de entrega \u00e9 18 meses.<\/p>\n<p>Al\u00e9m disso a Prefeitura entregar\u00e1 a reforma do Mercado com quatro parklets de 11 metros (duplos) instalados nos dois cal\u00e7ad\u00f5es laterais do Mercado Municipal, ampliando a capacidade para atendimento de clientes e garantindo maior visibilidade e rentabilidade aos comerciantes.<\/p>\n<p><span class=\"intertitulo\">Debate<\/span><\/p>\n<p>A proposta para o Mercad\u00e3o vem sendo debatida desde mar\u00e7o 2023. A consulta p\u00fablica colheu sugest\u00f5es para o edital de concess\u00e3o do espa\u00e7o, que \u00e9 patrim\u00f4nio cultural do munic\u00edpio, mas necessita de obras de moderniza\u00e7\u00e3o e melhorias, que ser\u00e3o feitas pela Prefeitura.<\/p>\n<p>Durante essa consulta p\u00fablica, surgiu a proposta de concess\u00e3o para os atuais permission\u00e1rios, que com apoio da Prefeitura fundaram uma associa\u00e7\u00e3o, constitu\u00edram estatuto e se enquadraram nos termos da Lei Org\u00e2nica. A assinatura desse contrato foi autorizada por lei aprovada em dezembro de 2023.<\/p>\n<p>A proposta do contrato de concess\u00e3o prev\u00ea uma opera\u00e7\u00e3o qualificada no local por 15 anos, reforma obrigat\u00f3ria e melhorias para a popula\u00e7\u00e3o.<\/p>\n<p>A administra\u00e7\u00e3o, opera\u00e7\u00e3o, manuten\u00e7\u00e3o passar\u00e1 a ser responsabilidade da concession\u00e1ria e a Prefeitura de S\u00e3o Jos\u00e9 far\u00e1 a fiscaliza\u00e7\u00e3o dos servi\u00e7os, com indicadores de produtividade.<\/p>\n<p><span class=\"intertitulo\">Patrim\u00f4nio<\/span><\/p>\n<p>O pr\u00e9dio \u00e9 tombado para a preserva\u00e7\u00e3o da mem\u00f3ria, o que garante a manuten\u00e7\u00e3o de seu car\u00e1ter hist\u00f3rico-arquitet\u00f4nico.<\/p>\n<p>A concess\u00e3o e as reformas necess\u00e1rias ir\u00e3o garantir condi\u00e7\u00f5es adequadas de higiene e seguran\u00e7a no Mercado, aumentando a frequ\u00eancia de consumidores e valorizando a regi\u00e3o central da cidade.<\/p>\n<p>O modelo de concess\u00e3o segue exemplos de sucesso, como o Mercado de S\u00e3o Paulo e o Mercado de Santo Amaro, tamb\u00e9m na capital paulista. A obra de restaura\u00e7\u00e3o foi previamente aprovada pelo Comphac (Conselho Municipal do Patrim\u00f4nio Hist\u00f3rico)<\/p>\n<p><span class=\"intertitulo\">Programa Urbaniza Centro<\/span><\/p>\n<p>A concess\u00e3o do Mercado Municipal faz parte do Programa Urbaniza Centro, que visa revitalizar a regi\u00e3o central da cidade. Al\u00e9m do Mercado, o pacote inclui a moderniza\u00e7\u00e3o da rua 15 de Novembro, o Circuito Cultural Central, a reforma de pra\u00e7as hist\u00f3ricas e a autoriza\u00e7\u00e3o para implanta\u00e7\u00e3o de parklets e outras a\u00e7\u00f5es realizadas pela Prefeitura e que constam no Plano de Gest\u00e3o 2021-2024.<\/p>\n<p>&#13;<br \/>\n                        <strong>MAIS NOT\u00cdCIAS<\/strong><br \/>&#13;<br \/>\n                        Gabinete&#13;\n                    <\/p>\n<\/p><\/div>\n","protected":false},"excerpt":{"rendered":"<p>Jo\u00e3o Paulo Sardinha&#13; &#13; Gabinete A Prefeitura de S\u00e3o Jos\u00e9 dos Campos assinou, nesta quarta-feira (7), o contrato de concess\u00e3o do Mercado Municipal \u00e0 associa\u00e7\u00e3o criada pelos comerciantes do mais tradicional centro de compras da cidade, que completou 100 anos em 2023. A cerim\u00f4nia aconteceu na Travessa Chico Luiz, ao lado do Mercad\u00e3o. O evento &#8230; <a title=\"Prefeitura assina contrato de concess\u00e3o do Mercado Municipal\" class=\"read-more\" href=\"https:\/\/superinteressantes.com.br\/index.php\/2024\/02\/07\/prefeitura-assina-contrato-de-concessao-do-mercado-municipal\/\" aria-label=\"More on Prefeitura assina contrato de concess\u00e3o do Mercado Municipal\">Ler mais<\/a><\/p>\n","protected":false},"author":1,"featured_media":0,"comment_status":"open","ping_status":"open","sticky":false,"template":"","format":"standard","meta":{"footnotes":""},"categories":[1],"tags":[],"class_list":["post-6615","post","type-post","status-publish","format-standard","hentry","category-sem-categoria"],"amp_enabled":true,"_links":{"self":[{"href":"https:\/\/superinteressantes.com.br\/index.php\/wp-json\/wp\/v2\/posts\/6615","targetHints":{"allow":["GET"]}}],"collection":[{"href":"https:\/\/superinteressantes.com.br\/index.php\/wp-json\/wp\/v2\/posts"}],"about":[{"href":"https:\/\/superinteressantes.com.br\/index.php\/wp-json\/wp\/v2\/types\/post"}],"author":[{"embeddable":true,"href":"https:\/\/superinteressantes.com.br\/index.php\/wp-json\/wp\/v2\/users\/1"}],"replies":[{"embeddable":true,"href":"https:\/\/superinteressantes.com.br\/index.php\/wp-json\/wp\/v2\/comments?post=6615"}],"version-history":[{"count":0,"href":"https:\/\/superinteressantes.com.br\/index.php\/wp-json\/wp\/v2\/posts\/6615\/revisions"}],"wp:attachment":[{"href":"https:\/\/superinteressantes.com.br\/index.php\/wp-json\/wp\/v2\/media?parent=6615"}],"wp:term":[{"taxonomy":"category","embeddable":true,"href":"https:\/\/superinteressantes.com.br\/index.php\/wp-json\/wp\/v2\/categories?post=6615"},{"taxonomy":"post_tag","embeddable":true,"href":"https:\/\/superinteressantes.com.br\/index.php\/wp-json\/wp\/v2\/tags?post=6615"}],"curies":[{"name":"wp","href":"https:\/\/api.w.org\/{rel}","templated":true}]}}