{"id":648,"date":"2023-08-17T11:22:34","date_gmt":"2023-08-17T14:22:34","guid":{"rendered":"http:\/\/superinteressantes.com.br\/index.php\/2023\/08\/17\/concerto-desta-sexta-feira-apresenta-8a-sinfonia-de-beethoven-e-marca-estreia-do-novo-maestro\/"},"modified":"2023-08-17T11:22:34","modified_gmt":"2023-08-17T14:22:34","slug":"concerto-desta-sexta-feira-apresenta-8a-sinfonia-de-beethoven-e-marca-estreia-do-novo-maestro","status":"publish","type":"post","link":"https:\/\/superinteressantes.com.br\/index.php\/2023\/08\/17\/concerto-desta-sexta-feira-apresenta-8a-sinfonia-de-beethoven-e-marca-estreia-do-novo-maestro\/","title":{"rendered":"Concerto desta sexta-feira apresenta 8\u00aa Sinfonia de Beethoven e marca estreia do novo maestro"},"content":{"rendered":"<p><\/p>\n<div>\n<p>A Orquestra Sinf\u00f4nica Municipal de Jo\u00e3o Pessoa realiza concerto nesta sexta-feira (18), a partir das 19h, no Centro Cultural S\u00e3o Francisco, Centro Hist\u00f3rico de Jo\u00e3o Pessoa. Nesta edi\u00e7\u00e3o, ser\u00e1 executada a 8\u00aa Sinfonia de Beethoven, seguindo a sequ\u00eancia das nove sinfonias do m\u00fasico. Regida pelo maestro Nilson Galv\u00e3o, a Sinf\u00f4nica far\u00e1 a abertura com a \u00f3pera La Gazza Ladra, do compositor italiano Gioachino Rossini.<\/p>\n<figure class=\"wp-block-image size-large\"><\/figure>\n<p>O diretor-executivo da Funjope, Marcus Alves, afirma que, com este concerto, a Funda\u00e7\u00e3o est\u00e1 retomando as atividades em torno das apresenta\u00e7\u00f5es da Orquestra, sempre no Museu de S\u00e3o Francisco. Nesta sexta-feira, ser\u00e1 o momento tamb\u00e9m de acolhida do novo maestro, Nilson Galv\u00e3o, que j\u00e1 est\u00e1 completamente integrado \u00e0 Orquestra e aos m\u00fasicos.<\/p>\n<p>\u201cVamos come\u00e7ar a instaurar agora um novo processo de est\u00edmulo e valoriza\u00e7\u00e3o da Orquestra Sinf\u00f4nica, inclusive com a execu\u00e7\u00e3o de novas composi\u00e7\u00f5es, novos estilos musicais, que \u00e9 a linha do pr\u00f3prio maestro, incorporar com mais presen\u00e7a a m\u00fasica instrumental brasileira nos seus concertos e tamb\u00e9m a m\u00fasica popular, sem esquecer, evidentemente, a m\u00fasica cl\u00e1ssica que \u00e9 o fundamento da exist\u00eancia da pr\u00f3pria Orquestra\u201d.<\/p>\n<figure class=\"wp-block-gallery has-nested-images columns-default is-cropped wp-block-gallery-1 is-layout-flex\">\n<figure class=\"wp-block-image size-large\"><\/figure>\n<figure class=\"wp-block-image size-large\"><\/figure>\n<\/figure>\n<p>E acrescenta: \u201cO que n\u00f3s vivenciamos com as apresenta\u00e7\u00f5es da Orquestra Sinf\u00f4nica Municipal de Jo\u00e3o Pessoa \u00e9 uma continuidade de toda uma experi\u00eancia em torno do conceito do Belo, da beleza est\u00e9tica, desde o s\u00e9culo XVIII at\u00e9 os nossos tempos, e que tem uma linhagem muito forte em v\u00e1rias gera\u00e7\u00f5es de m\u00fasicos. Jo\u00e3o Pessoa \u00e9 hoje palco de uma produtividade, criatividade musical e instrumental muito forte, e nossa Orquestra \u00e9 uma refer\u00eancia quando se apresenta sozinha ou com a Companhia Municipal de Dan\u00e7a em seus espet\u00e1culos integrados de m\u00fasica e dan\u00e7a\u201d.<\/p>\n<p>Para o maestro Nilson Galv\u00e3o, as expectativas s\u00e3o as melhores poss\u00edveis. \u201cNos primeiros contatos com o grupo, notei que a Orquestra tem uma musicalidade excelente, n\u00edvel t\u00e9cnico muito alto. Ent\u00e3o, estamos sonhando e colocando nossos objetivos num patamar bem alto exatamente por entender que a Orquestra vai conseguir, com tranquilidade, alcan\u00e7ar esse n\u00edvel. Na continuidade do trabalho, vamos procurar completar o quadro da Orquestra para poder fazer as obras grandiosas\u201d, declarou o maestro.<\/p>\n<p><strong>Concerto \u2013 <\/strong>O regente Nilson Galv\u00e3o ressaltou que, al\u00e9m da 8\u00aa Sinfonia de Beethoven, a abertura ser\u00e1 com uma \u00f3pera italiana, de Gioachino Rossini, que se chama La Gazza Ladra. Ele relata que essa abertura tem uns temas que s\u00e3o bem conhecidos. Por isso, o p\u00fablico pode esperar um concerto com m\u00fasica de excelente qualidade e, talvez, as pessoas reconhe\u00e7am alguns dos temas apresentados.<\/p>\n<p>O maestro observa que o pr\u00f3prio Beethoven tinha um carinho especial por essa sinfonia. Ele acredita que o m\u00fasico tinha o desejo de fazer cada sinfonia numa tonalidade espec\u00edfica, dentro da escala musical. \u201cApesar dos sete sons da escala, devido ao cromatismo, temos doze sons quando inclu\u00edmos os crom\u00e1ticos, e ele fez uma sinfonia em cada tonalidade at\u00e9 chegar \u00e0 8\u00aa, na qual ele repete uma tonalidade \u2013 o f\u00e1 maior \u2013 de uma sinfonia que ele havia escrito anteriormente, a 6\u00aa \u2013 Sinfonia Pastoral\u201d.<\/p>\n<p>A 8\u00aa Sinfonia foi apresentada junto com a 7\u00aa, pela qual, de fato, o m\u00fasico teve maior apre\u00e7o na \u00e9poca. Em uma de suas cartas, conforme o maestro, ele comenta que ficou at\u00e9 um pouco chateado, enfatizando que a 8\u00aa seria melhor. Chamava \u2018minha pequena sinfonia em f\u00e1\u2019.<\/p>\n<p>Muitos music\u00f3logos e estudiosos falam que essa sinfonia \u00e9 um marco porque tem a caracter\u00edstica de ir contra a expectativa das pessoas. Achavam que deveria ser mais grandiosa do que a 7\u00aa e a 6\u00aa, mas ele faz o inverso. Colocou-a numa estrutura bem mais curta e bastante elegante, mas n\u00e3o muito avant garde. \u201cBeethoven sempre chocava o p\u00fablico com seus concertos, suas sinfonias\u201d, ressalta.<\/p>\n<p>Galv\u00e3o acrescenta que muitos estudiosos dizem que a sinfonia \u00e9 cheia de piadas musicais, passagens c\u00f4micas que fazem com que se tenha at\u00e9 um pouco de desd\u00e9m da estrutura. \u201c\u00c9 como se ele estivesse dando adeus \u00e0 forma, tanto que na 9\u00aa Sinfonia extrapola toda a quest\u00e3o estrutural da forma do Classicismo. \u00c9 especial porque \u00e9 um marco divisor e tem essa caracter\u00edstica de ir muito contra a expectativa\u201d, comenta.<\/p>\n<p><strong>Maestro<\/strong> \u2013 Nilson Galv\u00e3o, natural de Recife, iniciou seus estudos musicais aos seis anos no Conservat\u00f3rio Pernambucano de M\u00fasica. Aos oito anos come\u00e7ou a estudar violoncelo sob a tutela do professor Nivaldo da Silva Jr. Em 1993 foi primeiro lugar e pr\u00eamio revela\u00e7\u00e3o no concurso nacional de cordas em Campos dos Goytacazes (RJ); e em 1997 ficou em segundo lugar, na sua categoria, no pr\u00eamio Para\u00edba de M\u00fasica.<\/p>\n<p>Mestre em dire\u00e7\u00e3o de orquestra pela Universidade de Louisville (EUA), mestre em violoncelo pela Universidade de Campbellsville e bacharel em m\u00fasica pela mesma institui\u00e7\u00e3o, \u00e9 membro, desde 2013, do Quinteto da Para\u00edba, grupo instrumental de relev\u00e2ncia no cen\u00e1rio nacional tendo como principal caracter\u00edstica a propaga\u00e7\u00e3o da m\u00fasica de c\u00e2mara nordestina, colaborando com importantes artistas dentre eles Xangai, Zeca Baleiro, Marcelo Jeneci, Maestro Spok, Escurinho e Totonho.<\/p>\n<p>De 2013 a 2019, foi diretor art\u00edstico musical do projeto Orquestra Crian\u00e7a Cidad\u00e3 de Recife, projeto que fez hist\u00f3ria ao realizar concerto para o papa Francisco na Capela Paulo VI, em Roma, e tamb\u00e9m realizar concerto para cinco chefes de Estado na abertura da c\u00fapula dos BRICS, em 2018.<\/p>\n<p>\u00c0 frente da Orquestra Crian\u00e7a Cidad\u00e3 regeu artistas como Elba Ramalho, Alcymar Monteiro e Lenine. Atualmente, desenvolve trabalho \u00e0 frente da Orquestra Jovem de Pernambuco, atrav\u00e9s da Virtuosi Sociedade Art\u00edstica de Pernambuco e, a partir de agosto de 2023, assume como maestro titular da Orquestra Sinf\u00f4nica Municipal de Jo\u00e3o Pessoa.<\/p>\n<\/p><\/div>\n","protected":false},"excerpt":{"rendered":"<p>A Orquestra Sinf\u00f4nica Municipal de Jo\u00e3o Pessoa realiza concerto nesta sexta-feira (18), a partir das 19h, no Centro Cultural S\u00e3o Francisco, Centro Hist\u00f3rico de Jo\u00e3o Pessoa. Nesta edi\u00e7\u00e3o, ser\u00e1 executada a 8\u00aa Sinfonia de Beethoven, seguindo a sequ\u00eancia das nove sinfonias do m\u00fasico. Regida pelo maestro Nilson Galv\u00e3o, a Sinf\u00f4nica far\u00e1 a abertura com a &#8230; <a title=\"Concerto desta sexta-feira apresenta 8\u00aa Sinfonia de Beethoven e marca estreia do novo maestro\" class=\"read-more\" href=\"https:\/\/superinteressantes.com.br\/index.php\/2023\/08\/17\/concerto-desta-sexta-feira-apresenta-8a-sinfonia-de-beethoven-e-marca-estreia-do-novo-maestro\/\" aria-label=\"More on Concerto desta sexta-feira apresenta 8\u00aa Sinfonia de Beethoven e marca estreia do novo maestro\">Ler mais<\/a><\/p>\n","protected":false},"author":1,"featured_media":0,"comment_status":"open","ping_status":"open","sticky":false,"template":"","format":"standard","meta":{"footnotes":""},"categories":[1],"tags":[],"class_list":["post-648","post","type-post","status-publish","format-standard","hentry","category-sem-categoria"],"amp_enabled":true,"_links":{"self":[{"href":"https:\/\/superinteressantes.com.br\/index.php\/wp-json\/wp\/v2\/posts\/648","targetHints":{"allow":["GET"]}}],"collection":[{"href":"https:\/\/superinteressantes.com.br\/index.php\/wp-json\/wp\/v2\/posts"}],"about":[{"href":"https:\/\/superinteressantes.com.br\/index.php\/wp-json\/wp\/v2\/types\/post"}],"author":[{"embeddable":true,"href":"https:\/\/superinteressantes.com.br\/index.php\/wp-json\/wp\/v2\/users\/1"}],"replies":[{"embeddable":true,"href":"https:\/\/superinteressantes.com.br\/index.php\/wp-json\/wp\/v2\/comments?post=648"}],"version-history":[{"count":0,"href":"https:\/\/superinteressantes.com.br\/index.php\/wp-json\/wp\/v2\/posts\/648\/revisions"}],"wp:attachment":[{"href":"https:\/\/superinteressantes.com.br\/index.php\/wp-json\/wp\/v2\/media?parent=648"}],"wp:term":[{"taxonomy":"category","embeddable":true,"href":"https:\/\/superinteressantes.com.br\/index.php\/wp-json\/wp\/v2\/categories?post=648"},{"taxonomy":"post_tag","embeddable":true,"href":"https:\/\/superinteressantes.com.br\/index.php\/wp-json\/wp\/v2\/tags?post=648"}],"curies":[{"name":"wp","href":"https:\/\/api.w.org\/{rel}","templated":true}]}}