{"id":6466,"date":"2024-02-03T13:04:37","date_gmt":"2024-02-03T16:04:37","guid":{"rendered":"http:\/\/superinteressantes.com.br\/index.php\/2024\/02\/03\/agencia-minas-gerais-policia-militar-lanca-operacao-para-garantir-a-seguranca-dos-mineiros-no-carnaval\/"},"modified":"2024-02-03T13:04:37","modified_gmt":"2024-02-03T16:04:37","slug":"agencia-minas-gerais-policia-militar-lanca-operacao-para-garantir-a-seguranca-dos-mineiros-no-carnaval","status":"publish","type":"post","link":"https:\/\/superinteressantes.com.br\/index.php\/2024\/02\/03\/agencia-minas-gerais-policia-militar-lanca-operacao-para-garantir-a-seguranca-dos-mineiros-no-carnaval\/","title":{"rendered":"Ag\u00eancia Minas Gerais | Pol\u00edcia Militar lan\u00e7a opera\u00e7\u00e3o para garantir a seguran\u00e7a dos mineiros no Carnaval"},"content":{"rendered":"<p><\/p>\n<div>\n<p>A Pol\u00edcia Militar de Minas Gerais (PMMG) realiza at\u00e9 8\/2 a Opera\u00e7\u00e3o Minas em Seguran\u00e7a, que tem objetivo aumentar a sensa\u00e7\u00e3o de seguran\u00e7a, reduzir a criminalidade e a viol\u00eancia em todo estado\u00a0por meio de a\u00e7\u00f5es preventivas e opera\u00e7\u00f5es qualificadas.<\/p>\n<p>A referida opera\u00e7\u00e3o coincide com o per\u00edodo que antecede as festividades do Carnaval 2024.<\/p>\n<p>Nesse per\u00edodo, ser\u00e3o desencadeadas opera\u00e7\u00f5es espec\u00edficas. Na quinta-feira (1\/2) e nesta sexta (2\/2), foi realizada a segunda fase da opera\u00e7\u00e3o para cumprimento de mandados de pris\u00e3o, que retirou das ruas 126 foragidos da Justi\u00e7a.<\/p>\n<p>Ao longo do per\u00edodo, ser\u00e3o implementadas as opera\u00e7\u00f5es Balne\u00e1rios, para abordagens a pessoas, ve\u00edculos e embarca\u00e7\u00f5es suspeitas, Seguran\u00e7a no Campo\u201d, com objetivo enfrentamento sistem\u00e1tico as aos crimes em zonas rurais do estado e a opera\u00e7\u00e3o Rolezinho com o objetivo de reduzir a pr\u00e1tica de infra\u00e7\u00f5es previstas no C\u00f3digo de Tr\u00e2nsito Brasileiro (CTB).<\/p>\n<p>Dentro do planejamento, est\u00e1 previsto o emprego de efetivo do policiamento ostensivo geral, policiamento de tr\u00e2nsito urbano e rodovi\u00e1rio, policiamento de Meio Ambiente, al\u00e9m de a\u00e7\u00f5es de intelig\u00eancia e emprego de unidades especializadas: Rondas T\u00e1ticas Metropolitanas (Rotam), Regimento de Cavalaria Alferes Tiradentes (RCAT), Batalh\u00e3o de Choque, Rondas Ostensivas Com C\u00e3es (ROOCA), e\u00a0 do Comando de Avia\u00e7\u00e3o do Estado (Comave).<\/p>\n<\/p><\/div>\n","protected":false},"excerpt":{"rendered":"<p>A Pol\u00edcia Militar de Minas Gerais (PMMG) realiza at\u00e9 8\/2 a Opera\u00e7\u00e3o Minas em Seguran\u00e7a, que tem objetivo aumentar a sensa\u00e7\u00e3o de seguran\u00e7a, reduzir a criminalidade e a viol\u00eancia em todo estado\u00a0por meio de a\u00e7\u00f5es preventivas e opera\u00e7\u00f5es qualificadas. A referida opera\u00e7\u00e3o coincide com o per\u00edodo que antecede as festividades do Carnaval 2024. Nesse per\u00edodo, &#8230; <a title=\"Ag\u00eancia Minas Gerais | Pol\u00edcia Militar lan\u00e7a opera\u00e7\u00e3o para garantir a seguran\u00e7a dos mineiros no Carnaval\" class=\"read-more\" href=\"https:\/\/superinteressantes.com.br\/index.php\/2024\/02\/03\/agencia-minas-gerais-policia-militar-lanca-operacao-para-garantir-a-seguranca-dos-mineiros-no-carnaval\/\" aria-label=\"More on Ag\u00eancia Minas Gerais | Pol\u00edcia Militar lan\u00e7a opera\u00e7\u00e3o para garantir a seguran\u00e7a dos mineiros no Carnaval\">Ler mais<\/a><\/p>\n","protected":false},"author":1,"featured_media":0,"comment_status":"open","ping_status":"open","sticky":false,"template":"","format":"standard","meta":{"footnotes":""},"categories":[1],"tags":[],"class_list":["post-6466","post","type-post","status-publish","format-standard","hentry","category-sem-categoria"],"amp_enabled":true,"_links":{"self":[{"href":"https:\/\/superinteressantes.com.br\/index.php\/wp-json\/wp\/v2\/posts\/6466","targetHints":{"allow":["GET"]}}],"collection":[{"href":"https:\/\/superinteressantes.com.br\/index.php\/wp-json\/wp\/v2\/posts"}],"about":[{"href":"https:\/\/superinteressantes.com.br\/index.php\/wp-json\/wp\/v2\/types\/post"}],"author":[{"embeddable":true,"href":"https:\/\/superinteressantes.com.br\/index.php\/wp-json\/wp\/v2\/users\/1"}],"replies":[{"embeddable":true,"href":"https:\/\/superinteressantes.com.br\/index.php\/wp-json\/wp\/v2\/comments?post=6466"}],"version-history":[{"count":0,"href":"https:\/\/superinteressantes.com.br\/index.php\/wp-json\/wp\/v2\/posts\/6466\/revisions"}],"wp:attachment":[{"href":"https:\/\/superinteressantes.com.br\/index.php\/wp-json\/wp\/v2\/media?parent=6466"}],"wp:term":[{"taxonomy":"category","embeddable":true,"href":"https:\/\/superinteressantes.com.br\/index.php\/wp-json\/wp\/v2\/categories?post=6466"},{"taxonomy":"post_tag","embeddable":true,"href":"https:\/\/superinteressantes.com.br\/index.php\/wp-json\/wp\/v2\/tags?post=6466"}],"curies":[{"name":"wp","href":"https:\/\/api.w.org\/{rel}","templated":true}]}}