{"id":6463,"date":"2024-02-03T11:29:30","date_gmt":"2024-02-03T14:29:30","guid":{"rendered":"http:\/\/superinteressantes.com.br\/index.php\/2024\/02\/03\/museu-vivo-tem-retomada-com-banda-de-santana-e-eunice-coppi\/"},"modified":"2024-02-03T11:29:30","modified_gmt":"2024-02-03T14:29:30","slug":"museu-vivo-tem-retomada-com-banda-de-santana-e-eunice-coppi","status":"publish","type":"post","link":"https:\/\/superinteressantes.com.br\/index.php\/2024\/02\/03\/museu-vivo-tem-retomada-com-banda-de-santana-e-eunice-coppi\/","title":{"rendered":"Museu Vivo tem retomada com Banda de Santana e Eunice Coppi"},"content":{"rendered":"<p><\/p>\n<div>\n<p><b>Avelino Israel<\/b><br \/>&#13;<br \/>\n&#13;<br \/>\n                <span style=\"font-weight: bold;\">Funda\u00e7\u00e3o Cultural Cassiano Ricardo<\/span><\/p>\n<p>Em clima de Carnaval, o Museu do Folclore de S\u00e3o Jos\u00e9 dos Campos retomar\u00e1 as atividades do Museu Vivo neste domingo (4). Os convidados s\u00e3o a Banda de Santana e a artista popular Eunice Coppi. A viv\u00eancia \u00e9 gratuita e ocorre no lado externo do museu, das 14h \u00e0s 17h. Nos dias 18 e 25, t\u00eam novos fazedores convidados. \u00a0<\/p>\n<p>A Banda de Santana compartilhar\u00e1 toda a sua experi\u00eancia de 75 anos de exist\u00eancia, oferecendo ao p\u00fablico um vasto repert\u00f3rio de marchinhas carnavalescas. Vai ser dif\u00edcil ficar parado e dan\u00e7ar ser\u00e1 uma op\u00e7\u00e3o natural. A participa\u00e7\u00e3o da banda tem a colabora\u00e7\u00e3o da Funda\u00e7\u00e3o Cultural Cassiano Ricardo.<\/p>\n<p>Para completar o clima, a artista popular Eunice Coppi oferecer\u00e1 uma rica viv\u00eancia de como fazer m\u00e1scaras de Carnaval utilizando papel e goma, por meio da t\u00e9cnica de empapelamento. Eunice j\u00e1 participou de outras edi\u00e7\u00f5es do Museu Vivo mostrando toda sua sabedoria no artesanato.<\/p>\n<\/p>\n<p><em>A artista Eunice Coppi confeccionar\u00e1 m\u00e1scaras de Carnaval<\/em><\/p>\n<p><span class=\"intertitulo\"><strong>Perfil<\/strong><\/span><\/p>\n<p>A Banda de Santana foi criada em 1949 pelo m\u00fasico e funileiro Jo\u00e3o Pereira Leite e h\u00e1 24 anos regida pelo maestro Onofre Rita Santos. Em 2014, a banda foi declarada como patrim\u00f4nio cultural imaterial joseense pelo Comphac (Conselho Municipal de Preserva\u00e7\u00e3o do Patrim\u00f4nio Hist\u00f3rico, Art\u00edstico, Paisag\u00edstico e Cultural).<\/p>\n<p>As cria\u00e7\u00f5es de Eunice estabelecem uma conex\u00e3o com suas ra\u00edzes negras e as mem\u00f3rias de inf\u00e2ncia na cidade mineira de Sabar\u00e1, onde nasceu. Muitas das suas inspira\u00e7\u00f5es v\u00eam do Bloco de Carnaval Mundo Velho, que viu passar in\u00fameras vezes pelas ruas da cidade natal. \u00a0<\/p>\n<p><span class=\"intertitulo\"><strong>Gest\u00e3o<\/strong><\/span><\/p>\n<p>O Museu do Folclore \u00e9 um espa\u00e7o da Funda\u00e7\u00e3o Cultural Cassiano Ricardo e est\u00e1 instalado no Parque da Cidade desde 1997. Sua gest\u00e3o \u00e9 feita pelo CECP (Centro de Estudos da Cultura Popular), organiza\u00e7\u00e3o da sociedade civil sem fins lucrativos.<\/p>\n<p><strong>Museu do Folclore de SJC<\/strong><\/p>\n<p>Avenida Olivo Gomes, 100 \u2013 Parque da Cidade (Santana).<\/p>\n<p>(12) 3924-7318 ou (12) 3924-7354<\/p>\n<p>Museu do Folclore<\/p>\n<p>&#13;<br \/>\n                        <strong>MAIS NOT\u00cdCIAS<\/strong><br \/>&#13;<br \/>\n                        Funda\u00e7\u00e3o Cultural Cassiano Ricardo&#13;\n                    <\/p>\n<\/p><\/div>\n","protected":false},"excerpt":{"rendered":"<p>Avelino Israel&#13; &#13; Funda\u00e7\u00e3o Cultural Cassiano Ricardo Em clima de Carnaval, o Museu do Folclore de S\u00e3o Jos\u00e9 dos Campos retomar\u00e1 as atividades do Museu Vivo neste domingo (4). Os convidados s\u00e3o a Banda de Santana e a artista popular Eunice Coppi. A viv\u00eancia \u00e9 gratuita e ocorre no lado externo do museu, das 14h &#8230; <a title=\"Museu Vivo tem retomada com Banda de Santana e Eunice Coppi\" class=\"read-more\" href=\"https:\/\/superinteressantes.com.br\/index.php\/2024\/02\/03\/museu-vivo-tem-retomada-com-banda-de-santana-e-eunice-coppi\/\" aria-label=\"More on Museu Vivo tem retomada com Banda de Santana e Eunice Coppi\">Ler mais<\/a><\/p>\n","protected":false},"author":1,"featured_media":0,"comment_status":"open","ping_status":"open","sticky":false,"template":"","format":"standard","meta":{"footnotes":""},"categories":[1],"tags":[],"class_list":["post-6463","post","type-post","status-publish","format-standard","hentry","category-sem-categoria"],"amp_enabled":true,"_links":{"self":[{"href":"https:\/\/superinteressantes.com.br\/index.php\/wp-json\/wp\/v2\/posts\/6463","targetHints":{"allow":["GET"]}}],"collection":[{"href":"https:\/\/superinteressantes.com.br\/index.php\/wp-json\/wp\/v2\/posts"}],"about":[{"href":"https:\/\/superinteressantes.com.br\/index.php\/wp-json\/wp\/v2\/types\/post"}],"author":[{"embeddable":true,"href":"https:\/\/superinteressantes.com.br\/index.php\/wp-json\/wp\/v2\/users\/1"}],"replies":[{"embeddable":true,"href":"https:\/\/superinteressantes.com.br\/index.php\/wp-json\/wp\/v2\/comments?post=6463"}],"version-history":[{"count":0,"href":"https:\/\/superinteressantes.com.br\/index.php\/wp-json\/wp\/v2\/posts\/6463\/revisions"}],"wp:attachment":[{"href":"https:\/\/superinteressantes.com.br\/index.php\/wp-json\/wp\/v2\/media?parent=6463"}],"wp:term":[{"taxonomy":"category","embeddable":true,"href":"https:\/\/superinteressantes.com.br\/index.php\/wp-json\/wp\/v2\/categories?post=6463"},{"taxonomy":"post_tag","embeddable":true,"href":"https:\/\/superinteressantes.com.br\/index.php\/wp-json\/wp\/v2\/tags?post=6463"}],"curies":[{"name":"wp","href":"https:\/\/api.w.org\/{rel}","templated":true}]}}