{"id":6462,"date":"2024-02-03T10:43:03","date_gmt":"2024-02-03T13:43:03","guid":{"rendered":"http:\/\/superinteressantes.com.br\/index.php\/2024\/02\/03\/ao-lado-do-governador-cicero-lucena-celebra-seguranca-dos-folioes-durante-segundo-dia-do-folia-de-rua\/"},"modified":"2024-02-03T10:43:03","modified_gmt":"2024-02-03T13:43:03","slug":"ao-lado-do-governador-cicero-lucena-celebra-seguranca-dos-folioes-durante-segundo-dia-do-folia-de-rua","status":"publish","type":"post","link":"https:\/\/superinteressantes.com.br\/index.php\/2024\/02\/03\/ao-lado-do-governador-cicero-lucena-celebra-seguranca-dos-folioes-durante-segundo-dia-do-folia-de-rua\/","title":{"rendered":"Ao lado do governador, C\u00edcero Lucena celebra seguran\u00e7a dos foli\u00f5es durante segundo dia do Folia de Rua"},"content":{"rendered":"<p><\/p>\n<div>\n<p>Depois do show de abertura de Alceu Valen\u00e7a, marcado pela grande tranquilidade e a presen\u00e7a de muita gente no Centro da Capital, a segunda noite do Folia de Rua, nesta sexta-feira (2), registrou, mais uma vez, uma multid\u00e3o de foli\u00f5es, que se divertiu com toda seguran\u00e7a, durante desfile do bloco Vumbora, puxado por Bell Marques, na Avenida Epit\u00e1cio Pessoa. Esse item, inclusive, fundamental para o sucesso de qualquer Carnaval, foi destacado pelo prefeito C\u00edcero Lucena e o governador da Para\u00edba, Jo\u00e3o Azev\u00eado, que conferiram de perto a estrutura montada pela Prefeitura de Jo\u00e3o Pessoa e Governo do Estado. \u00a0 <\/p>\n<figure class=\"wp-block-gallery has-nested-images columns-default is-cropped wp-block-gallery-1 is-layout-flex wp-block-gallery-is-layout-flex\">\n<figure class=\"wp-block-image size-large\"><\/figure>\n<figure class=\"wp-block-image size-large\"><\/figure>\n<\/figure>\n<p>Um posto integrado de seguran\u00e7a p\u00fablica foi montado no corredor da Via Folia, com Policia Militar, Pol\u00edcia Civil e Guarda Civil Metropolitana, contando com monitoramento de c\u00e2meras, integrado com a intelig\u00eancia da pol\u00edcia e esquema do Samu e da Semob-JP. As for\u00e7as de seguran\u00e7a tamb\u00e9m atuaram por toda a avenida, com equipes em deslocamento e uso de drones e o helic\u00f3ptero Acau\u00e3. Todo esse aparato foi planejado em conjunto, de forma parceira, disse o prefeito Cicero Lucena, para garantir que Jo\u00e3o Pessoa tenha n\u00e3o s\u00f3 a melhor pr\u00e9via carnavalesca, mas, tamb\u00e9m, a mais segura. \u00a0<\/p>\n<figure class=\"wp-block-image size-large\"><\/figure>\n<p> \u201c\u00c9 um evento que nos permite ter a certeza e a compreens\u00e3o de que o povo vem para c\u00e1 para se divertir, para brincar e entrar no clima do Carnaval. Jo\u00e3o Pessoa se consolida com esse evento, cada vez mais, como a maior pr\u00e9via carnavalesca desse pa\u00eds, porque ela est\u00e1 pronta, preparada pra ser boa para quem mora e para quem nos visita. Ent\u00e3o, eu quero agradecer ao governador, a toda a for\u00e7a de seguran\u00e7a do Estado, a for\u00e7a de seguran\u00e7a do Munic\u00edpio tamb\u00e9m, com a Guarda Municipal, e \u00e9 isso que nos deixa feliz e confiante de que Jo\u00e3o Pessoa est\u00e1 cada vez mais melhor\u201d, afirmou o prefeito. \u00a0 <\/p>\n<p>O governador Jo\u00e3o Azev\u00eado comemorou a opera\u00e7\u00e3o das for\u00e7as de seguran\u00e7a, destacou a parceria com a Prefeitura e disse que o Carnaval da Capital est\u00e1, cada vez mais, estruturado e fortalecido. \u201cA seguran\u00e7a est\u00e1 absolutamente completa com toda a estrutura da Pol\u00edcia Militar, da Pol\u00edcia Civil, do Corpo de Bombeiros, tamb\u00e9m a estrutura de sa\u00fade, todo o sistema montado aqui de c\u00e2maras de monitoramento \u2013 esse sistema todo informatizado \u00e9 conectado com o nosso Centro Integrado de Comando e Controle, l\u00e1 em Mangabeira, para qualquer necessidade. Mas, que o foli\u00e3o venha brincar, participar desse Carnaval, que se divirta, entenda que essa festa \u00e9 a festa da alegria\u201d, recomendou. \u00a0 <\/p>\n<figure class=\"wp-block-gallery has-nested-images columns-default is-cropped wp-block-gallery-2 is-layout-flex wp-block-gallery-is-layout-flex\">\n<figure class=\"wp-block-image size-large\"><\/figure>\n<figure class=\"wp-block-image size-large\"><\/figure>\n<\/figure>\n<p>O vice-prefeito Leo Bezerra tamb\u00e9m celebrou a parceria da Prefeitura com o Governo do Estado, refor\u00e7ando que todo o planejamento para o Carnaval, al\u00e9m de obras e servi\u00e7os com participa\u00e7\u00e3o conjunta, o que fortalece as a\u00e7\u00f5es que s\u00e3o colocadas para benef\u00edcio da popula\u00e7\u00e3o. \u201cOs nossos eventos foram um tremendo sucesso, ontem, por exemplo, a abertura com Alceu Valen\u00e7a, foi o maior sucesso. Um Carnaval, quase nenhuma ocorr\u00eancia, ou ocorr\u00eancia grave, que eu fico muito feliz de estar ao lado do prefeito, do governador, da C\u00e2mara Municipal, da Assembleia Legislativa e de todos aqueles que querem contribuir com o futuro dessa cidade. Estamos colhendo os frutos desse trabalho, que tem a m\u00e3o do prefeito e do governador Jo\u00e3o\u201d, afirmou. \u00a0 <\/p>\n<figure class=\"wp-block-image size-large\"><\/figure>\n<p><strong>Foli\u00f5es-<\/strong> Entre os foli\u00f5es, a noite foi marcante. Quando o cantor baiano Bell Marques desceu o corredor do Via Folia, uma mistura de sensa\u00e7\u00f5es tomou conta da avenida. O estudante Cesar Luiz, de 20 anos, disse que se sentiu \u00e0 vontade para brincar e curtir o show. \u201cCarnaval \u00e9 isso \u2013 \u00e9 alegria. Mas, se n\u00e3o tivermos seguran\u00e7a e estrutura, desde a sa\u00edda de casa at\u00e9 a volta, n\u00e3o vale a pena. J\u00e1 fui para outros lugares para curtir o show de Bell, mas nada se compara com acompanhar ele aqui, na minha terra, que est\u00e1 maravilhosa. Festa linda e povo lindo\u201d, comemorou o foli\u00e3o, em uma noite que ainda teve o bloco Cord\u00e3o do Frevo Rasgado, com Liss Albuquerque e banda.<\/p>\n<\/p><\/div>\n","protected":false},"excerpt":{"rendered":"<p>Depois do show de abertura de Alceu Valen\u00e7a, marcado pela grande tranquilidade e a presen\u00e7a de muita gente no Centro da Capital, a segunda noite do Folia de Rua, nesta sexta-feira (2), registrou, mais uma vez, uma multid\u00e3o de foli\u00f5es, que se divertiu com toda seguran\u00e7a, durante desfile do bloco Vumbora, puxado por Bell Marques, &#8230; <a title=\"Ao lado do governador, C\u00edcero Lucena celebra seguran\u00e7a dos foli\u00f5es durante segundo dia do Folia de Rua\" class=\"read-more\" href=\"https:\/\/superinteressantes.com.br\/index.php\/2024\/02\/03\/ao-lado-do-governador-cicero-lucena-celebra-seguranca-dos-folioes-durante-segundo-dia-do-folia-de-rua\/\" aria-label=\"More on Ao lado do governador, C\u00edcero Lucena celebra seguran\u00e7a dos foli\u00f5es durante segundo dia do Folia de Rua\">Ler mais<\/a><\/p>\n","protected":false},"author":1,"featured_media":0,"comment_status":"open","ping_status":"open","sticky":false,"template":"","format":"standard","meta":{"footnotes":""},"categories":[1],"tags":[],"class_list":["post-6462","post","type-post","status-publish","format-standard","hentry","category-sem-categoria"],"amp_enabled":true,"_links":{"self":[{"href":"https:\/\/superinteressantes.com.br\/index.php\/wp-json\/wp\/v2\/posts\/6462","targetHints":{"allow":["GET"]}}],"collection":[{"href":"https:\/\/superinteressantes.com.br\/index.php\/wp-json\/wp\/v2\/posts"}],"about":[{"href":"https:\/\/superinteressantes.com.br\/index.php\/wp-json\/wp\/v2\/types\/post"}],"author":[{"embeddable":true,"href":"https:\/\/superinteressantes.com.br\/index.php\/wp-json\/wp\/v2\/users\/1"}],"replies":[{"embeddable":true,"href":"https:\/\/superinteressantes.com.br\/index.php\/wp-json\/wp\/v2\/comments?post=6462"}],"version-history":[{"count":0,"href":"https:\/\/superinteressantes.com.br\/index.php\/wp-json\/wp\/v2\/posts\/6462\/revisions"}],"wp:attachment":[{"href":"https:\/\/superinteressantes.com.br\/index.php\/wp-json\/wp\/v2\/media?parent=6462"}],"wp:term":[{"taxonomy":"category","embeddable":true,"href":"https:\/\/superinteressantes.com.br\/index.php\/wp-json\/wp\/v2\/categories?post=6462"},{"taxonomy":"post_tag","embeddable":true,"href":"https:\/\/superinteressantes.com.br\/index.php\/wp-json\/wp\/v2\/tags?post=6462"}],"curies":[{"name":"wp","href":"https:\/\/api.w.org\/{rel}","templated":true}]}}