{"id":6391,"date":"2024-02-01T13:46:08","date_gmt":"2024-02-01T16:46:08","guid":{"rendered":"http:\/\/superinteressantes.com.br\/index.php\/2024\/02\/01\/vigilancia-sanitaria-vai-fiscalizar-comerciantes-ambulantes-durante-blocos-de-carnaval\/"},"modified":"2024-02-01T13:46:08","modified_gmt":"2024-02-01T16:46:08","slug":"vigilancia-sanitaria-vai-fiscalizar-comerciantes-ambulantes-durante-blocos-de-carnaval","status":"publish","type":"post","link":"https:\/\/superinteressantes.com.br\/index.php\/2024\/02\/01\/vigilancia-sanitaria-vai-fiscalizar-comerciantes-ambulantes-durante-blocos-de-carnaval\/","title":{"rendered":"Vigil\u00e2ncia Sanit\u00e1ria vai fiscalizar comerciantes ambulantes durante blocos de Carnaval"},"content":{"rendered":"<p><\/p>\n<div>\n<p>Os profissionais da Vigil\u00e2ncia Sanit\u00e1ria da Capital estar\u00e3o atuando, a partir desta quinta-feira (01), na abertura oficial do Carnaval 2024 promovido pela Prefeitura de Jo\u00e3o Pessoa. A atua\u00e7\u00e3o tem como foco fiscalizar comerciantes ambulantes que estar\u00e3o trabalhando com a venda de produtos aliment\u00edcios, para garantir a seguran\u00e7a alimentar dos foli\u00f5es. \u00a0 <\/p>\n<p>Al\u00e9m da abertura do Carnaval, a a\u00e7\u00e3o acontecer\u00e1 em toda extens\u00e3o da Via Folia, na Avenida Epit\u00e1cio Pessoa, nesta sexta-feira (Blocos Vumbora e Cord\u00e3o do Frevo Rasgado), s\u00e1bado (Bloco dos Atletas e Banho de Cheiro), domingo (Virgens de Tamba\u00fa), na quarta-feira de fogo (Muri\u00e7ocas do Miramar), no Bloco Cafu\u00e7u, na sexta-feira (9), no Centro Hist\u00f3rico da Capital e, al\u00e9m do Carnaval Tradi\u00e7\u00e3o nos dias 10 e 11 de fevereiro. \u00a0 <\/p>\n<p>De acordo com o gerente de Vigil\u00e2ncia Sanit\u00e1ria de Jo\u00e3o Pessoa, Victor Viana, a participa\u00e7\u00e3o do \u00f3rg\u00e3o em festividades de rua \u00e9 essencial, uma vez que as a\u00e7\u00f5es fiscalizat\u00f3rias visam promover e proteger a sa\u00fade da popula\u00e7\u00e3o, sendo capazes de eliminar, diminuir ou prevenir riscos \u00e0 sa\u00fade. \u00a0 <\/p>\n<p>\u201cDurante as a\u00e7\u00f5es, ser\u00e3o analisadas pelas equipes as condi\u00e7\u00f5es higi\u00eanico-sanit\u00e1rias do estabelecimento que fornece os alimentos, para que desta forma possa ser garantida a compra de um produto de qualidade e livre dos riscos de contamina\u00e7\u00e3o decorrentes de processos de manipula\u00e7\u00e3o inadequados\u201d, explica Victor Viana. <strong>\u00a0<\/strong> <\/p>\n<p>A popula\u00e7\u00e3o tamb\u00e9m pode fazer sua parte, tomando os cuidados necess\u00e1rios para n\u00e3o consumir alimentos que possam causar danos \u00e0 sa\u00fade. Para quem estiver nos blocos, \u00e9 importante observar as condi\u00e7\u00f5es e caracter\u00edsticas dos alimentos. \u00a0 <\/p>\n<p>\u201c\u00c9 aconselhado que os consumidores observem as caracter\u00edsticas organol\u00e9pticas dos alimentos antes de realizar a compra, que s\u00e3o \u00e0quelas que podem ser facilmente percebidas pelos sentidos humanos,\u00a0 visto que altera\u00e7\u00f5es de odor, cor, sabor, consist\u00eancia e apar\u00eancia podem facilmente evidenciar que eles est\u00e3o impr\u00f3prios para o consumo\u201d, complementou. \u00a0 <\/p>\n<p>As a\u00e7\u00f5es de fiscaliza\u00e7\u00e3o e orienta\u00e7\u00e3o da Vigil\u00e2ncia Sanit\u00e1ria fazem parte da rotina do servi\u00e7o, mas s\u00e3o intensificadas em determinadas \u00e9pocas do ano, como in\u00edcio do ano. Para isso, antes da a\u00e7\u00e3o que acontecer\u00e1 durante os blocos, as equipes da Secretaria Municipal de Sa\u00fade realizaram capacita\u00e7\u00f5es com comerciantes cadastrados na Secretaria de Desenvolvimento Urbano (Sedurb) para atuar no per\u00edodo do Carnaval. \u00a0 <\/p>\n<p>Nesse in\u00edcio de ano, tamb\u00e9m foi realizada uma a\u00e7\u00e3o de ver\u00e3o, dentro do projeto \u2018Amigos da Praia\u2019, com os comerciantes da regi\u00e3o da orla. \u00a0 <\/p>\n<p><strong>Den\u00fancia\u00a0<\/strong>\u2013 Em caso de constata\u00e7\u00e3o de n\u00e3o conformidades, o consumidor pode formular a den\u00fancia na Vigil\u00e2ncia Sanit\u00e1ria de Jo\u00e3o Pessoa, atrav\u00e9s do n\u00famero de telefone 3213-7545; por meio do aplicativo \u2018Jo\u00e3o Pessoa na Palma da M\u00e3o\u2019 ou por meio dos contatos da Ouvidoria Setorial da Sa\u00fade. \u00a0 <\/p>\n<p><strong>Atendimento \u2013<\/strong>\u00a0Em caso de infec\u00e7\u00e3o por algum alimento contaminado, o usu\u00e1rio pode ser atendido em uma das quatro unidades de pronto atendimento (UPAs) de Jo\u00e3o Pessoa, que atendem casos de urg\u00eancia e emerg\u00eancia 24h por dia, todos os dias da semana. As unidades ficam localizadas nos bairros de Mana\u00edra (UPA Oceania), Valentina Figueiredo (UPA C\u00e9lio Pires de S\u00e1), Cruz das Armas (UPA Augusto Almeida Filho) e Banc\u00e1rios (UPA Dr. Luiz Lindbergh Farias). \u00a0<\/p>\n<\/p><\/div>\n","protected":false},"excerpt":{"rendered":"<p>Os profissionais da Vigil\u00e2ncia Sanit\u00e1ria da Capital estar\u00e3o atuando, a partir desta quinta-feira (01), na abertura oficial do Carnaval 2024 promovido pela Prefeitura de Jo\u00e3o Pessoa. A atua\u00e7\u00e3o tem como foco fiscalizar comerciantes ambulantes que estar\u00e3o trabalhando com a venda de produtos aliment\u00edcios, para garantir a seguran\u00e7a alimentar dos foli\u00f5es. \u00a0 Al\u00e9m da abertura do &#8230; <a title=\"Vigil\u00e2ncia Sanit\u00e1ria vai fiscalizar comerciantes ambulantes durante blocos de Carnaval\" class=\"read-more\" href=\"https:\/\/superinteressantes.com.br\/index.php\/2024\/02\/01\/vigilancia-sanitaria-vai-fiscalizar-comerciantes-ambulantes-durante-blocos-de-carnaval\/\" aria-label=\"More on Vigil\u00e2ncia Sanit\u00e1ria vai fiscalizar comerciantes ambulantes durante blocos de Carnaval\">Ler mais<\/a><\/p>\n","protected":false},"author":1,"featured_media":0,"comment_status":"open","ping_status":"open","sticky":false,"template":"","format":"standard","meta":{"footnotes":""},"categories":[1],"tags":[],"class_list":["post-6391","post","type-post","status-publish","format-standard","hentry","category-sem-categoria"],"amp_enabled":true,"_links":{"self":[{"href":"https:\/\/superinteressantes.com.br\/index.php\/wp-json\/wp\/v2\/posts\/6391","targetHints":{"allow":["GET"]}}],"collection":[{"href":"https:\/\/superinteressantes.com.br\/index.php\/wp-json\/wp\/v2\/posts"}],"about":[{"href":"https:\/\/superinteressantes.com.br\/index.php\/wp-json\/wp\/v2\/types\/post"}],"author":[{"embeddable":true,"href":"https:\/\/superinteressantes.com.br\/index.php\/wp-json\/wp\/v2\/users\/1"}],"replies":[{"embeddable":true,"href":"https:\/\/superinteressantes.com.br\/index.php\/wp-json\/wp\/v2\/comments?post=6391"}],"version-history":[{"count":0,"href":"https:\/\/superinteressantes.com.br\/index.php\/wp-json\/wp\/v2\/posts\/6391\/revisions"}],"wp:attachment":[{"href":"https:\/\/superinteressantes.com.br\/index.php\/wp-json\/wp\/v2\/media?parent=6391"}],"wp:term":[{"taxonomy":"category","embeddable":true,"href":"https:\/\/superinteressantes.com.br\/index.php\/wp-json\/wp\/v2\/categories?post=6391"},{"taxonomy":"post_tag","embeddable":true,"href":"https:\/\/superinteressantes.com.br\/index.php\/wp-json\/wp\/v2\/tags?post=6391"}],"curies":[{"name":"wp","href":"https:\/\/api.w.org\/{rel}","templated":true}]}}