{"id":6390,"date":"2024-02-01T12:59:06","date_gmt":"2024-02-01T15:59:06","guid":{"rendered":"http:\/\/superinteressantes.com.br\/index.php\/2024\/02\/01\/fim-de-semana-em-sp-tem-esquenta-para-o-carnaval-e-exposicao-sobre-cultura-japonesa\/"},"modified":"2024-02-01T12:59:06","modified_gmt":"2024-02-01T15:59:06","slug":"fim-de-semana-em-sp-tem-esquenta-para-o-carnaval-e-exposicao-sobre-cultura-japonesa","status":"publish","type":"post","link":"https:\/\/superinteressantes.com.br\/index.php\/2024\/02\/01\/fim-de-semana-em-sp-tem-esquenta-para-o-carnaval-e-exposicao-sobre-cultura-japonesa\/","title":{"rendered":"Fim de semana em SP tem esquenta para o Carnaval e exposi\u00e7\u00e3o sobre cultura japonesa"},"content":{"rendered":"<p><img decoding=\"async\" src=\"https:\/\/www.saopaulo.sp.gov.br\/wp-content\/uploads\/2023\/08\/EXP-fachada-Credito-Ciete-Silverio-scaled.jpg\" \/><\/p>\n<div id=\"\">&#13;<br \/>\n                                <!-- Title -->&#13;<br \/>\n                                &#13;<br \/>\n&#13;<br \/>\n                                <!-- Excerpt -->&#13;<\/p>\n<p class=\"excerpt\">Confira as dicas de atra\u00e7\u00f5es para aproveitar na capital paulista e no interior<\/p>\n<p>&#13;<br \/>\n&#13;<br \/>\n                                &#13;\n                            <\/p><\/div>\n<div id=\"\">&#13;<\/p>\n<p><iframe loading=\"lazy\" title=\"FIQUE POR DENTRO - CULTURA - 01\/02 by Governo do Estado de S\u00e3o Paulo\" width=\"587\" height=\"330\" scrolling=\"no\" frameborder=\"no\" src=\"https:\/\/w.soundcloud.com\/player\/?visual=true&amp;url=https%3A%2F%2Fapi.soundcloud.com%2Ftracks%2F1734278223&amp;show_artwork=true&amp;maxheight=330&amp;maxwidth=587\"><\/iframe><\/p>\n<p>Em ritmo de esquenta para o pr\u00e9-carnaval, o Museu da L\u00edngua Portuguesa ter\u00e1 programa\u00e7\u00e3o especial para todas as idades neste final de semana. No domingo, \u00e0s 10h, integrantes do Samba do Bule oferecem a Oficina de Musicaliza\u00e7\u00e3o Infantil para as crian\u00e7as. A oficina ser\u00e1 o \u2018esquenta\u2019 para a apresenta\u00e7\u00e3o do bloco Cornuc\u00f3pia Desvairada, com instrumentos de sopro e percuss\u00e3o e um repert\u00f3rio cheio de forr\u00f3, maracatu, ax\u00e9, brega e samba.<\/p>\n<p>No Pa\u00e7o das Artes, a mostra \u2018E o palha\u00e7o, quem \u00e9!?\u2019 re\u00fane obras de mais de quarenta artistas. Entre elas, h\u00e1 imagens ic\u00f4nicas de palha\u00e7os reproduzidas em fotografias hist\u00f3ricas e pinturas. A exposi\u00e7\u00e3o \u00e9 gratuita at\u00e9 o fim de mar\u00e7o.<\/p>\n<p>J\u00e1 o Museu da Imigra\u00e7\u00e3o traz uma mostra sobre a di\u00e1spora japonesa, reunindo fotografias, pinturas e diversas t\u00e9cnicas que exploram os contrastes entre os elementos da luz e da sombra. A entrada \u00e9 gratuita aos s\u00e1bados.<\/p>\n<p>At\u00e9 o dia 18 de fevereiro, os f\u00e3s de filmes de horror e suspense podem conferir a megaexposi\u00e7\u00e3o \u2018Terror no cinema\u2019, no Museu da Imagem e do Som. A mostra transporta os visitantes \u00e0 atmosfera dos longas com est\u00edmulos sonoros, visuais e olfativos, de forma l\u00fadica e informativa, levando o p\u00fablico ao universo de cl\u00e1ssicos do cinema.<\/p>\n<p>E durante todo o m\u00eas de fevereiro, as F\u00e1bricas de Cultura do interior, litoral e regi\u00e3o metropolitana, ter\u00e3o apresenta\u00e7\u00f5es teatrais, rodas de conversa e leitura, festas \u00e0 fantasia, blocos, oficinas, aulas e muito mais. Para acessar toda a programa\u00e7\u00e3o, visite o site: fabricadecultura.org.br<\/p>\n<\/p><\/div>\n","protected":false},"excerpt":{"rendered":"<p>&#13; &#13; &#13; &#13; &#13; Confira as dicas de atra\u00e7\u00f5es para aproveitar na capital paulista e no interior &#13; &#13; &#13; &#13; Em ritmo de esquenta para o pr\u00e9-carnaval, o Museu da L\u00edngua Portuguesa ter\u00e1 programa\u00e7\u00e3o especial para todas as idades neste final de semana. No domingo, \u00e0s 10h, integrantes do Samba do Bule oferecem &#8230; <a title=\"Fim de semana em SP tem esquenta para o Carnaval e exposi\u00e7\u00e3o sobre cultura japonesa\" class=\"read-more\" href=\"https:\/\/superinteressantes.com.br\/index.php\/2024\/02\/01\/fim-de-semana-em-sp-tem-esquenta-para-o-carnaval-e-exposicao-sobre-cultura-japonesa\/\" aria-label=\"More on Fim de semana em SP tem esquenta para o Carnaval e exposi\u00e7\u00e3o sobre cultura japonesa\">Ler mais<\/a><\/p>\n","protected":false},"author":1,"featured_media":0,"comment_status":"open","ping_status":"open","sticky":false,"template":"","format":"standard","meta":{"footnotes":""},"categories":[1],"tags":[],"class_list":["post-6390","post","type-post","status-publish","format-standard","hentry","category-sem-categoria"],"amp_enabled":true,"_links":{"self":[{"href":"https:\/\/superinteressantes.com.br\/index.php\/wp-json\/wp\/v2\/posts\/6390","targetHints":{"allow":["GET"]}}],"collection":[{"href":"https:\/\/superinteressantes.com.br\/index.php\/wp-json\/wp\/v2\/posts"}],"about":[{"href":"https:\/\/superinteressantes.com.br\/index.php\/wp-json\/wp\/v2\/types\/post"}],"author":[{"embeddable":true,"href":"https:\/\/superinteressantes.com.br\/index.php\/wp-json\/wp\/v2\/users\/1"}],"replies":[{"embeddable":true,"href":"https:\/\/superinteressantes.com.br\/index.php\/wp-json\/wp\/v2\/comments?post=6390"}],"version-history":[{"count":0,"href":"https:\/\/superinteressantes.com.br\/index.php\/wp-json\/wp\/v2\/posts\/6390\/revisions"}],"wp:attachment":[{"href":"https:\/\/superinteressantes.com.br\/index.php\/wp-json\/wp\/v2\/media?parent=6390"}],"wp:term":[{"taxonomy":"category","embeddable":true,"href":"https:\/\/superinteressantes.com.br\/index.php\/wp-json\/wp\/v2\/categories?post=6390"},{"taxonomy":"post_tag","embeddable":true,"href":"https:\/\/superinteressantes.com.br\/index.php\/wp-json\/wp\/v2\/tags?post=6390"}],"curies":[{"name":"wp","href":"https:\/\/api.w.org\/{rel}","templated":true}]}}