{"id":6171,"date":"2024-01-26T11:10:29","date_gmt":"2024-01-26T14:10:29","guid":{"rendered":"http:\/\/superinteressantes.com.br\/index.php\/2024\/01\/26\/curso-de-verao-da-usp-introduz-aspectos-linguisticos-da-libras\/"},"modified":"2024-01-26T11:10:29","modified_gmt":"2024-01-26T14:10:29","slug":"curso-de-verao-da-usp-introduz-aspectos-linguisticos-da-libras","status":"publish","type":"post","link":"https:\/\/superinteressantes.com.br\/index.php\/2024\/01\/26\/curso-de-verao-da-usp-introduz-aspectos-linguisticos-da-libras\/","title":{"rendered":"Curso de ver\u00e3o da USP introduz aspectos lingu\u00edsticos da Libras"},"content":{"rendered":"<p><img decoding=\"async\" src=\"https:\/\/www.saopaulo.sp.gov.br\/wp-content\/uploads\/2021\/07\/LIBRAS-VALE-ESSE.jpg\" \/><\/p>\n<div id=\"\">&#13;<br \/>\n                                <!-- Title -->&#13;<br \/>\n                                &#13;<br \/>\n&#13;<br \/>\n                                <!-- Excerpt -->&#13;<\/p>\n<p class=\"excerpt\">Online e gratuitas, aulas ocorrer\u00e3o entre os dias 5 e 8 de fevereiro e ser\u00e3o abertas \u00e0 comunidade externa<\/p>\n<p>&#13;<br \/>\n&#13;<br \/>\n                                &#13;\n                            <\/p><\/div>\n<div id=\"\">&#13;<\/p>\n<figure id=\"attachment_5806360\" style=\"width: 100%;max-width: 750px\" class=\"wp-caption alignnone\"><figcaption class=\"wp-caption-text\">Curso de ver\u00e3o da FFLCH abordar\u00e1 a lingu\u00edstica da L\u00edngua Brasileira de Sinais<\/figcaption><\/figure>\n<p>Em fevereiro de 2024, a Comiss\u00e3o de Cultura e Extens\u00e3o Universit\u00e1ria da Faculdade de Filosofia, Letras e Ci\u00eancias Humanas (FFLCH) da USP promover\u00e1 o curso de difus\u00e3o \u2018Uma introdu\u00e7\u00e3o \u00e0 lingu\u00edstica da Libras\u2019, parte do programa Cursos de Ver\u00e3o da FFLCH. O curso online ocorrer\u00e1 entre os dias 5 e 8 de fevereiro, de segunda a quinta-feira, das 19h \u00e0s 21h, pelo Google Meet. As inscri\u00e7\u00f5es gratuitas podem ser realizadas entre 26 e 28 de janeiro, pelo Sistema Apolo e, caso haja mais de 80 interessados, ser\u00e1 realizado um sorteio no dia 29.<\/p>\n<p>Aberto ao p\u00fablico geral, o curso \u00e9 ministrado por Juliane Farah Arnone, doutoranda em Lingu\u00edstica pela USP, e abordar\u00e1 o hist\u00f3rico do estudo das l\u00ednguas de sinais, assim como aspectos fonol\u00f3gicos, morfol\u00f3gicos, sint\u00e1ticos e sem\u00e2nticos da Libras. O curso \u00e9 introdut\u00f3rio e n\u00e3o exige conhecimento pr\u00e9vio da Libras ou de lingu\u00edstica \u2014 os principais conceitos lingu\u00edsticos abordados no curso ser\u00e3o introduzidos no primeiro dia. N\u00e3o haver\u00e1 int\u00e9rprete de Libras.<\/p>\n<p>Diferentemente das l\u00ednguas orais, que s\u00e3o produzidas pelas cordas vocais e recebidas por meio da audi\u00e7\u00e3o, as l\u00ednguas de sinais s\u00e3o produzidas pela m\u00e3o e pelo corpo. \u201cEssa diferen\u00e7a de modalidade \u00e9 interessante de ser estudada, pois fornece elementos para se entender o fen\u00f4meno da linguagem humana de maneira geral\u201d, explica a ministrante. Para estudar as l\u00ednguas de sinais, novas categorias de an\u00e1lise lingu\u00edstica s\u00e3o introduzidas, como configura\u00e7\u00e3o de m\u00e3os, localiza\u00e7\u00e3o, movimento e orienta\u00e7\u00e3o da palma da m\u00e3o; aspectos que ser\u00e3o abordados no curso da FFLCH.<\/p>\n<p>\u201cEntender o funcionamento lingu\u00edstico das l\u00ednguas de sinais \u00e9 fundamental para fomentar o di\u00e1logo com a comunidade surda e para o enriquecimento cultural que todo aprendizado sobre as l\u00ednguas proporciona\u201d, explica Juliane, refor\u00e7ando que o estudo da Libras \u00e9 importante para que recursos de acessibilidade sejam empregados de forma mais eficiente na sociedade.<\/p>\n<p>Siga o canal \u201cGoverno de S\u00e3o Paulo\u201d no WhatsApp:<br \/>https:\/\/bit.ly\/govspnozap<\/p>\n<\/p><\/div>\n","protected":false},"excerpt":{"rendered":"<p>&#13; &#13; &#13; &#13; &#13; Online e gratuitas, aulas ocorrer\u00e3o entre os dias 5 e 8 de fevereiro e ser\u00e3o abertas \u00e0 comunidade externa &#13; &#13; &#13; &#13; Curso de ver\u00e3o da FFLCH abordar\u00e1 a lingu\u00edstica da L\u00edngua Brasileira de Sinais Em fevereiro de 2024, a Comiss\u00e3o de Cultura e Extens\u00e3o Universit\u00e1ria da Faculdade de &#8230; <a title=\"Curso de ver\u00e3o da USP introduz aspectos lingu\u00edsticos da Libras\" class=\"read-more\" href=\"https:\/\/superinteressantes.com.br\/index.php\/2024\/01\/26\/curso-de-verao-da-usp-introduz-aspectos-linguisticos-da-libras\/\" aria-label=\"More on Curso de ver\u00e3o da USP introduz aspectos lingu\u00edsticos da Libras\">Ler mais<\/a><\/p>\n","protected":false},"author":1,"featured_media":0,"comment_status":"open","ping_status":"open","sticky":false,"template":"","format":"standard","meta":{"footnotes":""},"categories":[1],"tags":[],"class_list":["post-6171","post","type-post","status-publish","format-standard","hentry","category-sem-categoria"],"amp_enabled":true,"_links":{"self":[{"href":"https:\/\/superinteressantes.com.br\/index.php\/wp-json\/wp\/v2\/posts\/6171","targetHints":{"allow":["GET"]}}],"collection":[{"href":"https:\/\/superinteressantes.com.br\/index.php\/wp-json\/wp\/v2\/posts"}],"about":[{"href":"https:\/\/superinteressantes.com.br\/index.php\/wp-json\/wp\/v2\/types\/post"}],"author":[{"embeddable":true,"href":"https:\/\/superinteressantes.com.br\/index.php\/wp-json\/wp\/v2\/users\/1"}],"replies":[{"embeddable":true,"href":"https:\/\/superinteressantes.com.br\/index.php\/wp-json\/wp\/v2\/comments?post=6171"}],"version-history":[{"count":0,"href":"https:\/\/superinteressantes.com.br\/index.php\/wp-json\/wp\/v2\/posts\/6171\/revisions"}],"wp:attachment":[{"href":"https:\/\/superinteressantes.com.br\/index.php\/wp-json\/wp\/v2\/media?parent=6171"}],"wp:term":[{"taxonomy":"category","embeddable":true,"href":"https:\/\/superinteressantes.com.br\/index.php\/wp-json\/wp\/v2\/categories?post=6171"},{"taxonomy":"post_tag","embeddable":true,"href":"https:\/\/superinteressantes.com.br\/index.php\/wp-json\/wp\/v2\/tags?post=6171"}],"curies":[{"name":"wp","href":"https:\/\/api.w.org\/{rel}","templated":true}]}}