{"id":6085,"date":"2024-01-24T01:37:13","date_gmt":"2024-01-24T04:37:13","guid":{"rendered":"http:\/\/superinteressantes.com.br\/index.php\/2024\/01\/24\/profissionais-de-apoio-das-escolas-passam-por-formacao\/"},"modified":"2024-01-24T01:37:13","modified_gmt":"2024-01-24T04:37:13","slug":"profissionais-de-apoio-das-escolas-passam-por-formacao","status":"publish","type":"post","link":"https:\/\/superinteressantes.com.br\/index.php\/2024\/01\/24\/profissionais-de-apoio-das-escolas-passam-por-formacao\/","title":{"rendered":"Profissionais de Apoio das escolas passam por forma\u00e7\u00e3o"},"content":{"rendered":"<p><\/p>\n<div>\n<p><b>Paula Pessoa<\/b><br \/>&#13;<br \/>\n&#13;<br \/>\n                <span style=\"font-weight: bold;\">Secretaria de Educa\u00e7\u00e3o e Cidadania<\/span><\/p>\n<p><span style=\"font-weight: 400;\">Os mais de 650 profissionais de Apoio Escolar Inclusivo passam por forma\u00e7\u00e3o nesta semana, no Cefe (Centro de Forma\u00e7\u00e3o do Educador), em Santana. As atividades acontecem at\u00e9 esta sexta-feira (26).<\/span><\/p>\n<p><span style=\"font-weight: 400;\">Divididos em grupos, no per\u00edodo da manh\u00e3 e da tarde, os profissionais t\u00eam momentos de forma\u00e7\u00e3o, reflex\u00e3o e conte\u00fados voltados \u00e0s pr\u00e1ticas que realizam no contexto escolar e se preparam para o in\u00edcio do ano letivo. A forma\u00e7\u00e3o \u00e9 realizada pela equipe t\u00e9cnica da Secretaria de Educa\u00e7\u00e3o e Cidadania e faz parte do planejamento pedag\u00f3gico.\u00a0<\/span><\/p>\n<p><span style=\"font-weight: 400;\">As aulas na rede municipal ter\u00e3o in\u00edcio a partir do dia 6 de fevereiro.<\/span><\/p>\n<p><span style=\"font-weight: 400;\"><\/span><\/p>\n<p><span class=\"intertitulo\">Mais inclus\u00e3o<\/span><\/p>\n<p><span style=\"font-weight: 400;\">Os Profissionais de Apoio foram contratados, por meio de editais com OSC\u2019s (Organiza\u00e7\u00f5es da Sociedade Civil), para acompanharem os estudantes com defici\u00eancia em sala de aula no Ensino Fundamental.\u00a0<\/span><\/p>\n<p><span style=\"font-weight: 400;\">A contrata\u00e7\u00e3o feita pela Prefeitura de S\u00e3o Jos\u00e9 dos Campos teve in\u00edcio em agosto de 2022 visando o melhor aproveitamento dos alunos, com recursos e processos, e faz parte dos investimentos realizados na Educa\u00e7\u00e3o Especial Inclusiva da rede municipal.\u00a0<\/span><\/p>\n<p><span style=\"font-weight: 400;\">Para a equipe t\u00e9cnica da Secretaria de Educa\u00e7\u00e3o e Cidadania, a parceria beneficia o desenvolvimento e a aprendizagem dos alunos, que j\u00e1 s\u00e3o atendidos pelo Atendimento Educacional Especializado e Inclusivo, garantindo mais seguran\u00e7a e melhorias na rotina escolar para cada estudante.\u00a0<\/span><\/p>\n<p><span style=\"font-weight: 400;\"><\/span><\/p>\n<p>&#13;<br \/>\n                        <strong>MAIS NOT\u00cdCIAS<\/strong><br \/>&#13;<br \/>\n                        Secretaria de Educa\u00e7\u00e3o e Cidadania&#13;\n                    <\/p>\n<\/p><\/div>\n","protected":false},"excerpt":{"rendered":"<p>Paula Pessoa&#13; &#13; Secretaria de Educa\u00e7\u00e3o e Cidadania Os mais de 650 profissionais de Apoio Escolar Inclusivo passam por forma\u00e7\u00e3o nesta semana, no Cefe (Centro de Forma\u00e7\u00e3o do Educador), em Santana. As atividades acontecem at\u00e9 esta sexta-feira (26). Divididos em grupos, no per\u00edodo da manh\u00e3 e da tarde, os profissionais t\u00eam momentos de forma\u00e7\u00e3o, reflex\u00e3o &#8230; <a title=\"Profissionais de Apoio das escolas passam por forma\u00e7\u00e3o\" class=\"read-more\" href=\"https:\/\/superinteressantes.com.br\/index.php\/2024\/01\/24\/profissionais-de-apoio-das-escolas-passam-por-formacao\/\" aria-label=\"More on Profissionais de Apoio das escolas passam por forma\u00e7\u00e3o\">Ler mais<\/a><\/p>\n","protected":false},"author":1,"featured_media":0,"comment_status":"open","ping_status":"open","sticky":false,"template":"","format":"standard","meta":{"footnotes":""},"categories":[1],"tags":[],"class_list":["post-6085","post","type-post","status-publish","format-standard","hentry","category-sem-categoria"],"amp_enabled":true,"_links":{"self":[{"href":"https:\/\/superinteressantes.com.br\/index.php\/wp-json\/wp\/v2\/posts\/6085","targetHints":{"allow":["GET"]}}],"collection":[{"href":"https:\/\/superinteressantes.com.br\/index.php\/wp-json\/wp\/v2\/posts"}],"about":[{"href":"https:\/\/superinteressantes.com.br\/index.php\/wp-json\/wp\/v2\/types\/post"}],"author":[{"embeddable":true,"href":"https:\/\/superinteressantes.com.br\/index.php\/wp-json\/wp\/v2\/users\/1"}],"replies":[{"embeddable":true,"href":"https:\/\/superinteressantes.com.br\/index.php\/wp-json\/wp\/v2\/comments?post=6085"}],"version-history":[{"count":0,"href":"https:\/\/superinteressantes.com.br\/index.php\/wp-json\/wp\/v2\/posts\/6085\/revisions"}],"wp:attachment":[{"href":"https:\/\/superinteressantes.com.br\/index.php\/wp-json\/wp\/v2\/media?parent=6085"}],"wp:term":[{"taxonomy":"category","embeddable":true,"href":"https:\/\/superinteressantes.com.br\/index.php\/wp-json\/wp\/v2\/categories?post=6085"},{"taxonomy":"post_tag","embeddable":true,"href":"https:\/\/superinteressantes.com.br\/index.php\/wp-json\/wp\/v2\/tags?post=6085"}],"curies":[{"name":"wp","href":"https:\/\/api.w.org\/{rel}","templated":true}]}}