{"id":6058,"date":"2024-01-23T07:58:11","date_gmt":"2024-01-23T10:58:11","guid":{"rendered":"http:\/\/superinteressantes.com.br\/index.php\/2024\/01\/23\/prefeitura-de-cuiab-secretaria-municipal-de-educao-e-1-vara-da-infncia-e-juventude-celebram-convnio-para-cesso-de-profissionais\/"},"modified":"2024-01-23T07:58:11","modified_gmt":"2024-01-23T10:58:11","slug":"prefeitura-de-cuiab-secretaria-municipal-de-educao-e-1-vara-da-infncia-e-juventude-celebram-convnio-para-cesso-de-profissionais","status":"publish","type":"post","link":"https:\/\/superinteressantes.com.br\/index.php\/2024\/01\/23\/prefeitura-de-cuiab-secretaria-municipal-de-educao-e-1-vara-da-infncia-e-juventude-celebram-convnio-para-cesso-de-profissionais\/","title":{"rendered":"Prefeitura de Cuiab | Secretaria Municipal de Educao e 1 Vara da Infncia e Juventude celebram convnio para cesso de profissionais"},"content":{"rendered":"<p><\/p>\n<div itemprop=\"articleBody\">\n<p>A primeira-dama de Cuiab\u00e1, M\u00e1rcia Pinheiro, receber\u00e1 na pr\u00f3xima quarta-feira (24), a titular da 1\u00aa Vara Especializada da Inf\u00e2ncia e Juventude, Dra. Gleide Bispo dos Santos. No encontro marcado para as 14h30, na Secretaria Municipal de Educa\u00e7\u00e3o ser\u00e1 assinado o\u00a0 Termo de Cess\u00e3o de Servidores que ir\u00e3o atuar na Casa Lar 2. Cuiab\u00e1 possui oito Casas Lares onde est\u00e3o acolhidas crian\u00e7as e adolescentes em situa\u00e7\u00e3o de vulnerabilidade social, inseridos no Programa de Acolhimento familiar ou institucional.\u00a0<\/p>\n<p>Marcia Pinheiro falou sobre a parceria entre os dois \u00f3rg\u00e3o\u00a0 que se fortalece ao longo dos anos. \u201cA gest\u00e3o Emanuel Pinheiro\u00a0 trabalha visando oferecer servi\u00e7os que devolvam a dignidade e proporcionem qualidade de vida aos cuiabanos em situa\u00e7\u00e3o de vulnerabilidade. O atendimento\u00a0 das crian\u00e7as e adolescentes que por determina\u00e7\u00e3o da Justi\u00e7a, foram retiradas do conv\u00edvio familiar devido a maus tratos, abandono, neglig\u00eancia, viol\u00eancia dom\u00e9stica ou abuso sexual \u00e9 um dever do poder p\u00fablico, garantindo acolhimento e prote\u00e7\u00e3o social que necessitam\u201d, salientou a primeira-dama Marcia Pinheiro.\u00a0<\/p>\n<p>Por meio do Programa de Acolhimento familiar ou institucional uma equipe multidisciplinar participa de v\u00e1rias a\u00e7\u00f5es entre elas as audi\u00eancias de Reavalia\u00e7\u00e3o que ocorreram nos meses de junho e dezembro de 2023, onde foram deliberadas provid\u00eancias em benef\u00edcio das crian\u00e7as\/adolescentes acolhidos.<\/p>\n<p>Entre as a\u00e7\u00f5es realizadas no ano passado a Secretaria Municipal de Educa\u00e7\u00e3o, a pedido da titular da Vara da Inf\u00e2ncia e Juventude atendido prontamente pela secret\u00e1ria Municipal de Educa\u00e7\u00e3o, Edilene de Souza Machado,\u00a0 disponibilizou em novembro estantes e livros para instala\u00e7\u00e3o de Bibliotecas nas Casas Lares de Cuiab\u00e1. \u201cCom essa parceria, as crian\u00e7as e adolescentes acolhidos passam efetivamente a terem assegurado o seu direito \u00e0 educa\u00e7\u00e3o, ao pleno desenvolvimento e preparo para o exerc\u00edcio da cidadania e qualifica\u00e7\u00e3o para o trabalho, por meio do acesso aos conte\u00fados educacionais suplementares e apoio de material did\u00e1tico-escolar e paradid\u00e1tico\u201d, explicou a secret\u00e1ria de Educa\u00e7\u00e3o, Edilene Machado.<\/p>\n<p>Fortalecendo ainda mais a parceria, foi celebrado em janeiro deste ano o Termo de Cess\u00e3o de Servidores que ir\u00e3o atura especificamente nas Casas Lares. Os profissionais Pedagogos, Nutricionistas e Educadores f\u00edsicos, desenvolver\u00e3o um trabalho conjunto e dedicado, juntos \u00e0s crian\u00e7as acolhidas.<\/p>\n<\/div>\n","protected":false},"excerpt":{"rendered":"<p>A primeira-dama de Cuiab\u00e1, M\u00e1rcia Pinheiro, receber\u00e1 na pr\u00f3xima quarta-feira (24), a titular da 1\u00aa Vara Especializada da Inf\u00e2ncia e Juventude, Dra. Gleide Bispo dos Santos. No encontro marcado para as 14h30, na Secretaria Municipal de Educa\u00e7\u00e3o ser\u00e1 assinado o\u00a0 Termo de Cess\u00e3o de Servidores que ir\u00e3o atuar na Casa Lar 2. Cuiab\u00e1 possui oito &#8230; <a title=\"Prefeitura de Cuiab | Secretaria Municipal de Educao e 1 Vara da Infncia e Juventude celebram convnio para cesso de profissionais\" class=\"read-more\" href=\"https:\/\/superinteressantes.com.br\/index.php\/2024\/01\/23\/prefeitura-de-cuiab-secretaria-municipal-de-educao-e-1-vara-da-infncia-e-juventude-celebram-convnio-para-cesso-de-profissionais\/\" aria-label=\"More on Prefeitura de Cuiab | Secretaria Municipal de Educao e 1 Vara da Infncia e Juventude celebram convnio para cesso de profissionais\">Ler mais<\/a><\/p>\n","protected":false},"author":1,"featured_media":0,"comment_status":"open","ping_status":"open","sticky":false,"template":"","format":"standard","meta":{"footnotes":""},"categories":[1],"tags":[],"class_list":["post-6058","post","type-post","status-publish","format-standard","hentry","category-sem-categoria"],"amp_enabled":true,"_links":{"self":[{"href":"https:\/\/superinteressantes.com.br\/index.php\/wp-json\/wp\/v2\/posts\/6058","targetHints":{"allow":["GET"]}}],"collection":[{"href":"https:\/\/superinteressantes.com.br\/index.php\/wp-json\/wp\/v2\/posts"}],"about":[{"href":"https:\/\/superinteressantes.com.br\/index.php\/wp-json\/wp\/v2\/types\/post"}],"author":[{"embeddable":true,"href":"https:\/\/superinteressantes.com.br\/index.php\/wp-json\/wp\/v2\/users\/1"}],"replies":[{"embeddable":true,"href":"https:\/\/superinteressantes.com.br\/index.php\/wp-json\/wp\/v2\/comments?post=6058"}],"version-history":[{"count":0,"href":"https:\/\/superinteressantes.com.br\/index.php\/wp-json\/wp\/v2\/posts\/6058\/revisions"}],"wp:attachment":[{"href":"https:\/\/superinteressantes.com.br\/index.php\/wp-json\/wp\/v2\/media?parent=6058"}],"wp:term":[{"taxonomy":"category","embeddable":true,"href":"https:\/\/superinteressantes.com.br\/index.php\/wp-json\/wp\/v2\/categories?post=6058"},{"taxonomy":"post_tag","embeddable":true,"href":"https:\/\/superinteressantes.com.br\/index.php\/wp-json\/wp\/v2\/tags?post=6058"}],"curies":[{"name":"wp","href":"https:\/\/api.w.org\/{rel}","templated":true}]}}