{"id":6057,"date":"2024-01-23T07:11:11","date_gmt":"2024-01-23T10:11:11","guid":{"rendered":"http:\/\/superinteressantes.com.br\/index.php\/2024\/01\/23\/secretario-de-ciencia-e-tecnologia-ministra-palestra-no-webinar-das-cidades-digitais-da-regiao-da-paraiba\/"},"modified":"2024-01-23T07:11:11","modified_gmt":"2024-01-23T10:11:11","slug":"secretario-de-ciencia-e-tecnologia-ministra-palestra-no-webinar-das-cidades-digitais-da-regiao-da-paraiba","status":"publish","type":"post","link":"https:\/\/superinteressantes.com.br\/index.php\/2024\/01\/23\/secretario-de-ciencia-e-tecnologia-ministra-palestra-no-webinar-das-cidades-digitais-da-regiao-da-paraiba\/","title":{"rendered":"Secret\u00e1rio de Ci\u00eancia e Tecnologia ministra palestra no Webinar das Cidades Digitais da Regi\u00e3o da Para\u00edba"},"content":{"rendered":"<p><\/p>\n<div>\n<p>O secret\u00e1rio de Ci\u00eancia e Tecnologia de Jo\u00e3o Pessoa, Guido Lemos, ministrar\u00e1 palestra, nesta ter\u00e7a-feira (23), no encontro virtual promovido pela Rede Cidade Digital (RCD), que ir\u00e1 reunir gestores e servidores da regi\u00e3o central da Para\u00edba para tratar da moderniza\u00e7\u00e3o dos servi\u00e7os p\u00fablicos. O evento abre o calend\u00e1rio de atividades da RCD em 2024. \u00a0 <\/p>\n<p>Al\u00e9m do secret\u00e1rio Guido Lemos, a secret\u00e1ria municipal de Ci\u00eancia, Tecnologia e Inova\u00e7\u00e3o da Prefeitura de Campina Grande, Laryssa Almeida, a secret\u00e1ria Municipal de Sa\u00fade da Prefeitura de Cubati, Elaine Cristina, e a secret\u00e1ria de Planejamento Gest\u00e3o e Or\u00e7amento da Prefeitura de Queimadas, Vane Arruda, falam durante o Webinar das Cidades Digitais como as Prefeituras usam a tecnologia para melhorar os servi\u00e7os prestados ao cidad\u00e3o. \u00a0 <\/p>\n<p>Conforme explicou o diretor da RCD, Jos\u00e9 Marinho, o encontro virtual, apresentado pela jornalista Valdireni Alves, busca trazer ideias, pol\u00edticas p\u00fablicas dispon\u00edveis e modelos implantados nas cidades visando estimular o investimento em tecnologia e inova\u00e7\u00e3o. \u00a0 <\/p>\n<p>Desde o in\u00edcio da pandemia, o WebinarRCD tem mostrado, de Norte a Sul do pa\u00eds, como as administra\u00e7\u00f5es municipais t\u00eam avan\u00e7ado na implanta\u00e7\u00e3o de governos digitais e mais eficientes. Mais de 2.300 Prefeituras, em 23 Estados, j\u00e1 participaram do evento nos quatro anos da iniciativa. O acervo de solu\u00e7\u00f5es para cidades inteligentes est\u00e1 dispon\u00edvel na TVRCD, no Youtube. \u00a0 <\/p>\n<p>As inscri\u00e7\u00f5es para o Webinar das Cidades Digitais da Regi\u00e3o da Para\u00edba s\u00e3o gratuitas e podem ser feitas pelo http:\/\/sympla.com.br\/rcd . O evento tem a parceria da Acesse Tecnologia. \u00a0 <\/p>\n<p><strong>LGPD nas Prefeituras<\/strong> \u2013 O Webinar tamb\u00e9m ter\u00e1 participa\u00e7\u00e3o da advogada especialista em Direito Digital, Privacidade e Prote\u00e7\u00e3o de Dados, DPO da Prefeitura de \u00c1guas da Prata (SP), Bruna Luisa Anad\u00e3o, que ir\u00e1 tratar de LGPD no setor p\u00fablico e como as prefeituras devem se adequar \u00e0 Lei Geral de Prote\u00e7\u00e3o de Dados. \u00a0 <\/p>\n<p><strong>SERVI\u00c7O<\/strong> <\/p>\n<p>Webinar das Cidades Digitais da Regi\u00e3o da Para\u00edba <\/p>\n<p>Ter\u00e7a-feira (23) <\/p>\n<p>Hora: 10h <\/p>\n<p>Online e ao vivo <\/p>\n<p>Inscri\u00e7\u00f5es gratuitas: https:\/\/sympla.com.br\/rcd <\/p>\n<p>Informa\u00e7\u00f5es: (41) 3015-6812 ou pelo imprensa@redecidadedigital.com.br \u00a0 \u00a0<\/p>\n<\/p><\/div>\n","protected":false},"excerpt":{"rendered":"<p>O secret\u00e1rio de Ci\u00eancia e Tecnologia de Jo\u00e3o Pessoa, Guido Lemos, ministrar\u00e1 palestra, nesta ter\u00e7a-feira (23), no encontro virtual promovido pela Rede Cidade Digital (RCD), que ir\u00e1 reunir gestores e servidores da regi\u00e3o central da Para\u00edba para tratar da moderniza\u00e7\u00e3o dos servi\u00e7os p\u00fablicos. O evento abre o calend\u00e1rio de atividades da RCD em 2024. \u00a0 &#8230; <a title=\"Secret\u00e1rio de Ci\u00eancia e Tecnologia ministra palestra no Webinar das Cidades Digitais da Regi\u00e3o da Para\u00edba\" class=\"read-more\" href=\"https:\/\/superinteressantes.com.br\/index.php\/2024\/01\/23\/secretario-de-ciencia-e-tecnologia-ministra-palestra-no-webinar-das-cidades-digitais-da-regiao-da-paraiba\/\" aria-label=\"More on Secret\u00e1rio de Ci\u00eancia e Tecnologia ministra palestra no Webinar das Cidades Digitais da Regi\u00e3o da Para\u00edba\">Ler mais<\/a><\/p>\n","protected":false},"author":1,"featured_media":0,"comment_status":"open","ping_status":"open","sticky":false,"template":"","format":"standard","meta":{"footnotes":""},"categories":[1],"tags":[],"class_list":["post-6057","post","type-post","status-publish","format-standard","hentry","category-sem-categoria"],"amp_enabled":true,"_links":{"self":[{"href":"https:\/\/superinteressantes.com.br\/index.php\/wp-json\/wp\/v2\/posts\/6057","targetHints":{"allow":["GET"]}}],"collection":[{"href":"https:\/\/superinteressantes.com.br\/index.php\/wp-json\/wp\/v2\/posts"}],"about":[{"href":"https:\/\/superinteressantes.com.br\/index.php\/wp-json\/wp\/v2\/types\/post"}],"author":[{"embeddable":true,"href":"https:\/\/superinteressantes.com.br\/index.php\/wp-json\/wp\/v2\/users\/1"}],"replies":[{"embeddable":true,"href":"https:\/\/superinteressantes.com.br\/index.php\/wp-json\/wp\/v2\/comments?post=6057"}],"version-history":[{"count":0,"href":"https:\/\/superinteressantes.com.br\/index.php\/wp-json\/wp\/v2\/posts\/6057\/revisions"}],"wp:attachment":[{"href":"https:\/\/superinteressantes.com.br\/index.php\/wp-json\/wp\/v2\/media?parent=6057"}],"wp:term":[{"taxonomy":"category","embeddable":true,"href":"https:\/\/superinteressantes.com.br\/index.php\/wp-json\/wp\/v2\/categories?post=6057"},{"taxonomy":"post_tag","embeddable":true,"href":"https:\/\/superinteressantes.com.br\/index.php\/wp-json\/wp\/v2\/tags?post=6057"}],"curies":[{"name":"wp","href":"https:\/\/api.w.org\/{rel}","templated":true}]}}