{"id":6054,"date":"2024-01-23T05:35:08","date_gmt":"2024-01-23T08:35:08","guid":{"rendered":"http:\/\/superinteressantes.com.br\/index.php\/2024\/01\/23\/agencia-minas-gerais-participacao-em-tradicional-feira-de-moveis-de-minas-gerais-fecha-serie-de-compromissos-do-governador-na-zona-da-mata\/"},"modified":"2024-01-23T05:35:08","modified_gmt":"2024-01-23T08:35:08","slug":"agencia-minas-gerais-participacao-em-tradicional-feira-de-moveis-de-minas-gerais-fecha-serie-de-compromissos-do-governador-na-zona-da-mata","status":"publish","type":"post","link":"https:\/\/superinteressantes.com.br\/index.php\/2024\/01\/23\/agencia-minas-gerais-participacao-em-tradicional-feira-de-moveis-de-minas-gerais-fecha-serie-de-compromissos-do-governador-na-zona-da-mata\/","title":{"rendered":"Ag\u00eancia Minas Gerais | Participa\u00e7\u00e3o em tradicional Feira de M\u00f3veis de Minas Gerais fecha s\u00e9rie de compromissos do governador na Zona da Mata"},"content":{"rendered":"<p><\/p>\n<div>\n<section class=\"news-related \/ col-md-4 col-lg-3 \/ margin-md-bottom-2 margin-left-1 \/ pull-right \/ hidden-xs hidden-sm\">\n<header>\n<p class=\"text-title-section \/ margin-bottom-1\">Relacionadas<\/p>\n<\/header>\n<p>\t\t\t\t\t\t\t<main><\/p>\n<hr class=\"row margin-md-bottom-2\"\/>\n\t\t\t\t\t\t\t<\/main><br \/>\n\t\t\t\t\t\t<\/section>\n<p>O governador Romeu Zema participou, nesta segunda-feira (22\/1), da 16\u00aa edi\u00e7\u00e3o da Feira de M\u00f3veis de Minas Gerais (Femur), realizada\u00a0em\u00a0Ub\u00e1, na Zona da Mata. A cidade\u00a0\u00e9 o maior polo moveleiro de Minas Gerais e o terceiro do pa\u00eds, o que gera emprego e renda para milhares de fam\u00edlias e popula\u00e7\u00e3o local.<\/p>\n<p>A feira deve reunir 20 mil pessoas, em m\u00e9dia, durante os quatro dias de evento (22 a 25\/1). Na ocasi\u00e3o, o\u00a0governador destacou que a feira \u00e9 importante pelos n\u00fameros superlativos da cadeia e tamb\u00e9m pelos clientes que atrai, de todo o Brasil e tamb\u00e9m do exterior.\u00a0<\/p>\n<p>\u201c\u00c9 preciso mostrar aquilo que nossa ind\u00fastria produz para clientes em potencial. Ent\u00e3o, este \u00e9 o momento de fabricantes, que s\u00e3o centenas aqui na regi\u00e3o, mostrarem lan\u00e7amentos, novidades, inova\u00e7\u00f5es. Al\u00e9m disso, \u00e9 um turismo de neg\u00f3cios. Eu tenho a certeza de que os hot\u00e9is devem estar lotados em toda a regi\u00e3o. E isso gera movimenta\u00e7\u00e3o econ\u00f4mica. Como governador, tenho enorme satisfa\u00e7\u00e3o em comparecer em um evento t\u00e3o importante para o estado&#8221;, destacou. \u00a0<\/p>\n<p>Em Minas Gerais, o setor moveleiro \u00e9 de grande import\u00e2ncia para o mercado de trabalho, segmento que gera 15,2% dos empregos. Na regi\u00e3o, absorve 13,2% da m\u00e3o de obra, com mais de 15 mil vagas.\u00a0<br \/>&#13;<br \/>\n\u00a0<\/p>\n<p style=\"text-align:center\">&#13;<br \/>\n<sub><em>Gil Leonardi \/ Imprensa MG<\/em><\/sub><\/p>\n<p><strong>Empreendedorismo<\/strong><\/p>\n<p>Mais cedo, o governador cumpriu agendas de trabalho na cidade de S\u00e3o Geraldo, tamb\u00e9m na Zona da Mata. Na oportunidade, ele\u00a0conheceu as instala\u00e7\u00f5es da f\u00e1brica da Torresmo UAI, empresa familiar de destaque na regi\u00e3o.\u00a0<\/p>\n<p>Fundada por Maria Imaculada de Freitas, em 2020, e mantida em conjunto com suas duas filhas e marido, a empresa viu a produ\u00e7\u00e3o saltar de oito quilos mensais para meia tonelada em 2024. Agora, o plano \u00e9 expandir as vendas para todo o estado e para o restante do pa\u00eds. \u00a0<\/p>\n<p>\u201cMinha m\u00e3e tinha uma loja de roupas que fechou com a pandemia. Ent\u00e3o, ela aprendeu a receita de torresmo com uma amiga, viu que era um bom produto e come\u00e7ou a vender para os vizinhos e para os amigos mais pr\u00f3ximos&#8221;, contou\u00a0a\u00a0administradora da f\u00e1brica, Flaviele Freitas.\u00a0<\/p>\n<p>A fam\u00edlia come\u00e7ou na cozinha da casa de Maria Imaculada, com ela cortando tudo com as pr\u00f3prias m\u00e3os. &#8220;A\u00ed fomos comprando materiais para expandir, conforme a demanda crescia. Hoje, temos duas pessoas contratadas para ajudar e vamos expandir a f\u00e1brica. Um novo local ser\u00e1 constru\u00eddo a partir de mar\u00e7o\u201d, disse.\u00a0<br \/>&#13;<br \/>\n\u00a0<\/p>\n<p style=\"text-align:center\">&#13;<br \/>\n<sub><em>Gil Leonardi \/ Imprensa MG<\/em><\/sub><\/p>\n<p><strong>Incentivo ao empreendedorismo\u00a0<\/strong><\/p>\n<p>Para o governador, a empresa mostra como o empreendedorismo faz toda a diferen\u00e7a.\u00a0<\/p>\n<p>\u201cConheci a fam\u00edlia da dona Imaculada, que produz essa del\u00edcia que \u00e9 o Torresmo UAI. Eu provei e realmente trata-se de um produto diferenciado. E o nosso governo tem dado todo o apoio \u00e0s microempresas, ajudando a divulgar os produtos, com incentivo e linhas de cr\u00e9dito. Isso faz toda a diferen\u00e7a para toda a cadeia produtiva. \u00c9 mais investimento, mais emprego e mais produtos mineiros levados para todo o Brasil\u201d, destacou o governador.\u00a0<\/p>\n<p>Romeu Zema refor\u00e7ou que o Governo de Minas tem trabalhado pelo empreendedor e para que Minas seja um bom lugar para a cria\u00e7\u00e3o de neg\u00f3cios.\u00a0<\/p>\n<p>Como resultado desses esfor\u00e7os, Minas alcan\u00e7ou a marca de R$ 114,4 bilh\u00f5es em volume de investimentos privados atra\u00eddos em 2023, um recorde hist\u00f3rico desde 1998.\u00a0<\/p>\n<p>Minas encerrou o ano de 2023 com um total de 85.904 novas empresas constitu\u00eddas em todo o estado. O n\u00famero representa crescimento de 10,54% em rela\u00e7\u00e3o a 2022.\u00a0<\/p>\n<\/p><\/div>\n","protected":false},"excerpt":{"rendered":"<p>Relacionadas O governador Romeu Zema participou, nesta segunda-feira (22\/1), da 16\u00aa edi\u00e7\u00e3o da Feira de M\u00f3veis de Minas Gerais (Femur), realizada\u00a0em\u00a0Ub\u00e1, na Zona da Mata. A cidade\u00a0\u00e9 o maior polo moveleiro de Minas Gerais e o terceiro do pa\u00eds, o que gera emprego e renda para milhares de fam\u00edlias e popula\u00e7\u00e3o local. A feira deve &#8230; <a title=\"Ag\u00eancia Minas Gerais | Participa\u00e7\u00e3o em tradicional Feira de M\u00f3veis de Minas Gerais fecha s\u00e9rie de compromissos do governador na Zona da Mata\" class=\"read-more\" href=\"https:\/\/superinteressantes.com.br\/index.php\/2024\/01\/23\/agencia-minas-gerais-participacao-em-tradicional-feira-de-moveis-de-minas-gerais-fecha-serie-de-compromissos-do-governador-na-zona-da-mata\/\" aria-label=\"More on Ag\u00eancia Minas Gerais | Participa\u00e7\u00e3o em tradicional Feira de M\u00f3veis de Minas Gerais fecha s\u00e9rie de compromissos do governador na Zona da Mata\">Ler mais<\/a><\/p>\n","protected":false},"author":1,"featured_media":0,"comment_status":"open","ping_status":"open","sticky":false,"template":"","format":"standard","meta":{"footnotes":""},"categories":[1],"tags":[],"class_list":["post-6054","post","type-post","status-publish","format-standard","hentry","category-sem-categoria"],"amp_enabled":true,"_links":{"self":[{"href":"https:\/\/superinteressantes.com.br\/index.php\/wp-json\/wp\/v2\/posts\/6054","targetHints":{"allow":["GET"]}}],"collection":[{"href":"https:\/\/superinteressantes.com.br\/index.php\/wp-json\/wp\/v2\/posts"}],"about":[{"href":"https:\/\/superinteressantes.com.br\/index.php\/wp-json\/wp\/v2\/types\/post"}],"author":[{"embeddable":true,"href":"https:\/\/superinteressantes.com.br\/index.php\/wp-json\/wp\/v2\/users\/1"}],"replies":[{"embeddable":true,"href":"https:\/\/superinteressantes.com.br\/index.php\/wp-json\/wp\/v2\/comments?post=6054"}],"version-history":[{"count":0,"href":"https:\/\/superinteressantes.com.br\/index.php\/wp-json\/wp\/v2\/posts\/6054\/revisions"}],"wp:attachment":[{"href":"https:\/\/superinteressantes.com.br\/index.php\/wp-json\/wp\/v2\/media?parent=6054"}],"wp:term":[{"taxonomy":"category","embeddable":true,"href":"https:\/\/superinteressantes.com.br\/index.php\/wp-json\/wp\/v2\/categories?post=6054"},{"taxonomy":"post_tag","embeddable":true,"href":"https:\/\/superinteressantes.com.br\/index.php\/wp-json\/wp\/v2\/tags?post=6054"}],"curies":[{"name":"wp","href":"https:\/\/api.w.org\/{rel}","templated":true}]}}