{"id":5758,"date":"2024-01-14T21:09:01","date_gmt":"2024-01-15T00:09:01","guid":{"rendered":"http:\/\/superinteressantes.com.br\/index.php\/2024\/01\/14\/volei-sao-jose-bate-o-cruzeiro-em-minas-e-segue-100-na-superliga\/"},"modified":"2024-01-14T21:09:01","modified_gmt":"2024-01-15T00:09:01","slug":"volei-sao-jose-bate-o-cruzeiro-em-minas-e-segue-100-na-superliga","status":"publish","type":"post","link":"https:\/\/superinteressantes.com.br\/index.php\/2024\/01\/14\/volei-sao-jose-bate-o-cruzeiro-em-minas-e-segue-100-na-superliga\/","title":{"rendered":"V\u00f4lei S\u00e3o Jos\u00e9 bate o Cruzeiro em Minas e segue 100% na Superliga"},"content":{"rendered":"<p><\/p>\n<div>\n<p><b\/><br \/>&#13;<br \/>\n&#13;<br \/>\n                <span style=\"font-weight: bold;\">Secretaria de Esporte e Qualidade de Vida<\/span><\/p>\n<p>O Farma Conde V\u00f4lei S\u00e3o Jos\u00e9 venceu o Sada Cruzeiro de virada na noite desta quinta-feira (11), por 3 sets a 2 (15&#215;25 \/ 25&#215;18 \/ 25&#215;20 \/15&#215;25 \/ 12&#215;15), fora de casa, no Gin\u00e1sio Poliesportivo do Riacho, em Contagem (MG). Foi a 10\u00aa vit\u00f3ria seguida do time joseense na Superliga Nacional Masculina.<\/p>\n<p>Com a vit\u00f3ria os Gigantes do Vale seguem com 100% de aproveitamento na competi\u00e7\u00e3o e assumem a ponta da tabela de forma isolada com 28 pontos. O Cruzeiro, atual campe\u00e3o nacional, sofreu a sua primeira derrota no torneio.<\/p>\n<\/p>\n<p>Os joseenses voltam \u00e0 quadra para fechar o 1\u00ba turno da competi\u00e7\u00e3o nacional na pr\u00f3xima segunda-feira (15), \u00e0s 18h30, contra o Joinville V\u00f4lei, fora de casa, em Santa Catarina.<\/p>\n<p><em><strong>Fotos:\u00a0Ag\u00eancia i7\/Sada Cruzeiro<\/strong><\/em><\/p>\n<p>&#13;<br \/>\n                        <strong>MAIS NOT\u00cdCIAS<\/strong><br \/>&#13;<br \/>\n                        Secretaria de Esporte e Qualidade de Vida&#13;\n                    <\/p>\n<\/p><\/div>\n","protected":false},"excerpt":{"rendered":"<p>&#13; &#13; Secretaria de Esporte e Qualidade de Vida O Farma Conde V\u00f4lei S\u00e3o Jos\u00e9 venceu o Sada Cruzeiro de virada na noite desta quinta-feira (11), por 3 sets a 2 (15&#215;25 \/ 25&#215;18 \/ 25&#215;20 \/15&#215;25 \/ 12&#215;15), fora de casa, no Gin\u00e1sio Poliesportivo do Riacho, em Contagem (MG). Foi a 10\u00aa vit\u00f3ria seguida &#8230; <a title=\"V\u00f4lei S\u00e3o Jos\u00e9 bate o Cruzeiro em Minas e segue 100% na Superliga\" class=\"read-more\" href=\"https:\/\/superinteressantes.com.br\/index.php\/2024\/01\/14\/volei-sao-jose-bate-o-cruzeiro-em-minas-e-segue-100-na-superliga\/\" aria-label=\"More on V\u00f4lei S\u00e3o Jos\u00e9 bate o Cruzeiro em Minas e segue 100% na Superliga\">Ler mais<\/a><\/p>\n","protected":false},"author":1,"featured_media":0,"comment_status":"open","ping_status":"open","sticky":false,"template":"","format":"standard","meta":{"footnotes":""},"categories":[1],"tags":[],"class_list":["post-5758","post","type-post","status-publish","format-standard","hentry","category-sem-categoria"],"amp_enabled":true,"_links":{"self":[{"href":"https:\/\/superinteressantes.com.br\/index.php\/wp-json\/wp\/v2\/posts\/5758","targetHints":{"allow":["GET"]}}],"collection":[{"href":"https:\/\/superinteressantes.com.br\/index.php\/wp-json\/wp\/v2\/posts"}],"about":[{"href":"https:\/\/superinteressantes.com.br\/index.php\/wp-json\/wp\/v2\/types\/post"}],"author":[{"embeddable":true,"href":"https:\/\/superinteressantes.com.br\/index.php\/wp-json\/wp\/v2\/users\/1"}],"replies":[{"embeddable":true,"href":"https:\/\/superinteressantes.com.br\/index.php\/wp-json\/wp\/v2\/comments?post=5758"}],"version-history":[{"count":0,"href":"https:\/\/superinteressantes.com.br\/index.php\/wp-json\/wp\/v2\/posts\/5758\/revisions"}],"wp:attachment":[{"href":"https:\/\/superinteressantes.com.br\/index.php\/wp-json\/wp\/v2\/media?parent=5758"}],"wp:term":[{"taxonomy":"category","embeddable":true,"href":"https:\/\/superinteressantes.com.br\/index.php\/wp-json\/wp\/v2\/categories?post=5758"},{"taxonomy":"post_tag","embeddable":true,"href":"https:\/\/superinteressantes.com.br\/index.php\/wp-json\/wp\/v2\/tags?post=5758"}],"curies":[{"name":"wp","href":"https:\/\/api.w.org\/{rel}","templated":true}]}}