{"id":5738,"date":"2024-01-14T06:53:18","date_gmt":"2024-01-14T09:53:18","guid":{"rendered":"http:\/\/superinteressantes.com.br\/index.php\/2024\/01\/14\/prefeitura-perto-de-voce-chega-ao-alto-da-ponte-neste-sabado\/"},"modified":"2024-01-14T06:53:18","modified_gmt":"2024-01-14T09:53:18","slug":"prefeitura-perto-de-voce-chega-ao-alto-da-ponte-neste-sabado","status":"publish","type":"post","link":"https:\/\/superinteressantes.com.br\/index.php\/2024\/01\/14\/prefeitura-perto-de-voce-chega-ao-alto-da-ponte-neste-sabado\/","title":{"rendered":"Prefeitura + Perto de Voc\u00ea chega ao Alto da Ponte neste s\u00e1bado"},"content":{"rendered":"<p><\/p>\n<div>\n<p><b>Cl\u00e1udio Ribeiro<\/b><br \/>&#13;<br \/>\n&#13;<br \/>\n                <span style=\"font-weight: bold;\">Secretaria de Governan\u00e7a<\/span><\/p>\n<p>O Alto da Ponte, na regi\u00e3o norte de S\u00e3o Jos\u00e9 dos Campos, recebe neste s\u00e1bado (13) a estrutura de atendimento e presta\u00e7\u00e3o de servi\u00e7os municipais. \u00c9 o programa Prefeitura Mais Perto de Voc\u00ea, que vai atender a popula\u00e7\u00e3o na Escola Municipal Ana Berling Macedo, na Rua Alziro Lebr\u00e3o, das 9h \u00e0s 13h.<\/p>\n<p>As equipes de servidores estar\u00e3o \u00e0 disposi\u00e7\u00e3o para resolver pend\u00eancias ou prestar orienta\u00e7\u00f5es. Moradores do bairro, da regi\u00e3o e de toda a cidade poder\u00e3o apresentar as demandas de todas as \u00e1reas, como sa\u00fade, educa\u00e7\u00e3o, mobilidade, manuten\u00e7\u00e3o, esporte, cultura, finan\u00e7as e habita\u00e7\u00e3o.<\/p>\n<p>Para as crian\u00e7as haver\u00e1 rua de lazer com diversas brincadeiras. Domin\u00f3, damas, jogos de lona, miniv\u00f4lei, minibasquete, futsal, pintura de rosto, chinel\u00e3o, perna de pau, pingue-pongue, jogos gigantes s\u00e3o algumas das atividades.<\/p>\n<p>Esta \u00e9 a 11\u00aa edi\u00e7\u00e3o do programa. As anteriores foram realizadas nos seguintes locais: Altos de Santana, Santa Herm\u00ednia, Dom Pedro 1\u00ba, Jardim Santo Onofre, Jardim Veneza, Vila Industrial, S\u00e3o Francisco Xavier, Eug\u00eanio de Melo, Vila Nova Concei\u00e7\u00e3o e Pinheirinho dos Palmares.<\/p>\n<p><span class=\"intertitulo\">Servi\u00e7os<\/span><\/p>\n<p><strong>Apoio Jur\u00eddico<\/strong><\/p>\n<p>\u2022 Orienta\u00e7\u00f5es de quaisquer processos administrativos e judiciaisOrienta\u00e7\u00f5es e reclama\u00e7\u00f5es ao Procon<\/p>\n<p>\u2022 Orienta\u00e7\u00f5es de processos na Junta Municipal de Recursos<\/p>\n<p><strong>Apoio Social ao Cidad\u00e3o<\/strong><\/p>\n<p>\u2022 Orienta\u00e7\u00f5es sobre Cras e Creas<\/p>\n<p>\u2022 Cadastro \u00danico<\/p>\n<p>\u2022 Conversa com as assessorias das \u00e1reas de pessoas com defici\u00eancia, igualdade racial, idoso, aten\u00e7\u00e3o \u00e0s drogas, mulheres e LGBTQI+<\/p>\n<p>\u2022 RIA<\/p>\n<p><strong>Educa\u00e7\u00e3o e Cidadania<\/strong><\/p>\n<p>\u2022 Vagas<\/p>\n<p>\u2022 Servi\u00e7os<\/p>\n<p><strong>Esporte e Qualidade de Vida<\/strong><\/p>\n<p>\u2022 Programas<\/p>\n<p>\u2022 S\u00e3o Jos\u00e9 Viva<\/p>\n<p>\u2022 Idosos e juventude (vagas)<\/p>\n<p>\u2022 Rua de lazer<\/p>\n<p><strong>Gest\u00e3o Administrativa e Finan\u00e7as<\/strong><\/p>\n<p>\u2022 IPTU (segunda via)<\/p>\n<p>\u2022 D\u00favidas<\/p>\n<p>\u2022 Parcelamentos (d\u00edvida ativa)<\/p>\n<p>\u2022 Emiss\u00e3o de guias<\/p>\n<p>\u2022 Atualiza\u00e7\u00e3o cadastral<\/p>\n<p>\u2022 Informa\u00e7\u00f5es sobre concursos<\/p>\n<p>\u2022 Protocolo (abertura de processos)<\/p>\n<p><strong>Gest\u00e3o Habitacional e Obras<\/strong><\/p>\n<p>\u2022 Informa\u00e7\u00f5es sobre planta popular<\/p>\n<p>\u2022 Informa\u00e7\u00f5es e inscri\u00e7\u00f5es no programa habitacional<\/p>\n<p>\u2022 Informa\u00e7\u00f5es sobre loteamento irregular<\/p>\n<p>\u2022 Informa\u00e7\u00f5es sobre regulariza\u00e7\u00e3o de n\u00facleos<\/p>\n<p><strong>Inova\u00e7\u00e3o e Desenvolvimento Econ\u00f4mico<\/strong><\/p>\n<p>\u2022 Banco do Povo Paulista<\/p>\n<p>\u2022 Ponto Rural<\/p>\n<p>\u2022 Univesp<\/p>\n<p>\u2022 City Tour<\/p>\n<p>\u2022 Qualifica S\u00e3o Jos\u00e9<\/p>\n<p>\u2022 Atendimento a artes\u00e3os<\/p>\n<p>\u2022 PAT<\/p>\n<p><strong>Manuten\u00e7\u00e3o da Cidade<\/strong><\/p>\n<p>\u2022 Poda<\/p>\n<p>\u2022 Ro\u00e7ada<\/p>\n<p>\u2022 Fiscaliza\u00e7\u00e3o de concession\u00e1rias<\/p>\n<p>\u2022 Fumac\u00ea<\/p>\n<p>\u2022 Tapa-buraco<\/p>\n<p><strong>Mobilidade Urbana<\/strong><\/p>\n<p>\u2022 Acesso J\u00e1<\/p>\n<p>\u2022 Transporte adaptado<\/p>\n<p>\u2022 Cart\u00e3o de idoso<\/p>\n<p>\u2022 Consulta de multa e abertura de processo (recurso de multa de tr\u00e2nsito)<\/p>\n<p>\u2022 Confec\u00e7\u00e3o de cart\u00e3o de transporte p\u00fablico<\/p>\n<p>\u2022 Sinaliza\u00e7\u00e3o vi\u00e1ria<\/p>\n<p><strong>Prote\u00e7\u00e3o ao Cidad\u00e3o<\/strong><\/p>\n<p>\u2022 Orienta\u00e7\u00f5es sobre fiscaliza\u00e7\u00e3o de posturas municipais e est\u00e9tica urbana (limpeza e manuten\u00e7\u00e3o de terrenos particulares, reforma, constru\u00e7\u00e3o de mureta e cal\u00e7ada)<\/p>\n<p>\u2022 Orienta\u00e7\u00f5es sobre a fiscaliza\u00e7\u00e3o de perturba\u00e7\u00e3o do sossego p\u00fablico<\/p>\n<p>\u2022 Orienta\u00e7\u00f5es sobre seguran\u00e7a com a GCM (Guarda Civil Municipal)<\/p>\n<p>\u2022 Informa\u00e7\u00f5es e orienta\u00e7\u00f5es com a Defesa Civil (avalia\u00e7\u00e3o de trincas e rachaduras residenciais ou situa\u00e7\u00f5es de risco em im\u00f3veis)<\/p>\n<p><strong>Sa\u00fade<\/strong><\/p>\n<p>\u2022 Testes r\u00e1pidos (s\u00edfilis, HIV e hepatite)<\/p>\n<p>\u2022 Vacina\u00e7\u00e3o bivalente e Pfizer Baby de 6 meses a 4 anos 11 meses e 29 dias<\/p>\n<p>\u2022 Aferi\u00e7\u00e3o de press\u00e3o arterial e glicemia<\/p>\n<p>\u2022 Distribui\u00e7\u00e3o de preservativos<\/p>\n<p>\u2022 Sa\u00fade bucal<\/p>\n<p>\u2022 Ado\u00e7\u00e3o de pets<\/p>\n<p>\u2022 Vacina\u00e7\u00e3o antirr\u00e1bica<\/p>\n<p>\u2022 Informa\u00e7\u00e3o sobre posse respons\u00e1vel<\/p>\n<p>\u2022 Zoonoses (informa\u00e7\u00f5es sobre arborviroses e formas de preven\u00e7\u00e3o, exposi\u00e7\u00e3o de animais pe\u00e7onhentos)<\/p>\n<p><strong>Urbanismo e Sustentabilidade<\/strong><\/p>\n<p>\u2022 Arboriza\u00e7\u00e3o<\/p>\n<p>\u2022 Aprova\u00e7\u00e3o de projetos<\/p>\n<p>\u2022 Habite-se<\/p>\n<p>\u2022 Sala do Empreendedor<\/p>\n<p><strong>Funda\u00e7\u00e3o Cultural Cassiano Ricardo<\/strong><\/p>\n<p>\u2022 Servi\u00e7os<\/p>\n<p><strong>Fundhas<\/strong><\/p>\n<p>\u2022 Inscri\u00e7\u00e3o nos programas da Fundhas e Cephas<\/p>\n<p>\u2022 Inser\u00e7\u00e3o de crian\u00e7as e adolescentes<\/p>\n<p>\u2022 Vestibulinho do Cephas<\/p>\n<p>\u2022 Cursos de educa\u00e7\u00e3o profissional<\/p>\n<p>\u2022 Agente Cidad\u00e3o<\/p>\n<p><strong>Fundo Social de Solidariedade<\/strong><\/p>\n<p>\u2022 Servi\u00e7os<\/p>\n<p><strong>Urbam<\/strong><\/p>\n<p>\u2022 Educa\u00e7\u00e3o ambiental<\/p>\n<p>\u2022 Chamados<\/p>\n<p>\u2022 Ilumina\u00e7\u00e3o p\u00fablica (LED)<\/p>\n<p>\u2022 Biog\u00e1s<\/p>\n<p>&#13;<br \/>\n                        <strong>MAIS NOT\u00cdCIAS<\/strong><br \/>&#13;<br \/>\n                        Secretaria de Governan\u00e7a&#13;\n                    <\/p>\n<\/p><\/div>\n","protected":false},"excerpt":{"rendered":"<p>Cl\u00e1udio Ribeiro&#13; &#13; Secretaria de Governan\u00e7a O Alto da Ponte, na regi\u00e3o norte de S\u00e3o Jos\u00e9 dos Campos, recebe neste s\u00e1bado (13) a estrutura de atendimento e presta\u00e7\u00e3o de servi\u00e7os municipais. \u00c9 o programa Prefeitura Mais Perto de Voc\u00ea, que vai atender a popula\u00e7\u00e3o na Escola Municipal Ana Berling Macedo, na Rua Alziro Lebr\u00e3o, das &#8230; <a title=\"Prefeitura + Perto de Voc\u00ea chega ao Alto da Ponte neste s\u00e1bado\" class=\"read-more\" href=\"https:\/\/superinteressantes.com.br\/index.php\/2024\/01\/14\/prefeitura-perto-de-voce-chega-ao-alto-da-ponte-neste-sabado\/\" aria-label=\"More on Prefeitura + Perto de Voc\u00ea chega ao Alto da Ponte neste s\u00e1bado\">Ler mais<\/a><\/p>\n","protected":false},"author":1,"featured_media":0,"comment_status":"open","ping_status":"open","sticky":false,"template":"","format":"standard","meta":{"footnotes":""},"categories":[1],"tags":[],"class_list":["post-5738","post","type-post","status-publish","format-standard","hentry","category-sem-categoria"],"amp_enabled":true,"_links":{"self":[{"href":"https:\/\/superinteressantes.com.br\/index.php\/wp-json\/wp\/v2\/posts\/5738","targetHints":{"allow":["GET"]}}],"collection":[{"href":"https:\/\/superinteressantes.com.br\/index.php\/wp-json\/wp\/v2\/posts"}],"about":[{"href":"https:\/\/superinteressantes.com.br\/index.php\/wp-json\/wp\/v2\/types\/post"}],"author":[{"embeddable":true,"href":"https:\/\/superinteressantes.com.br\/index.php\/wp-json\/wp\/v2\/users\/1"}],"replies":[{"embeddable":true,"href":"https:\/\/superinteressantes.com.br\/index.php\/wp-json\/wp\/v2\/comments?post=5738"}],"version-history":[{"count":0,"href":"https:\/\/superinteressantes.com.br\/index.php\/wp-json\/wp\/v2\/posts\/5738\/revisions"}],"wp:attachment":[{"href":"https:\/\/superinteressantes.com.br\/index.php\/wp-json\/wp\/v2\/media?parent=5738"}],"wp:term":[{"taxonomy":"category","embeddable":true,"href":"https:\/\/superinteressantes.com.br\/index.php\/wp-json\/wp\/v2\/categories?post=5738"},{"taxonomy":"post_tag","embeddable":true,"href":"https:\/\/superinteressantes.com.br\/index.php\/wp-json\/wp\/v2\/tags?post=5738"}],"curies":[{"name":"wp","href":"https:\/\/api.w.org\/{rel}","templated":true}]}}