{"id":5732,"date":"2024-01-14T02:57:22","date_gmt":"2024-01-14T05:57:22","guid":{"rendered":"http:\/\/superinteressantes.com.br\/index.php\/2024\/01\/14\/humanizacao-realiza-abordagens-sociais-ao-longo-desta-sexta-feira-12-e-acolhe-26-pessoas-em-situacao-de-rua-noticias\/"},"modified":"2024-01-14T02:57:22","modified_gmt":"2024-01-14T05:57:22","slug":"humanizacao-realiza-abordagens-sociais-ao-longo-desta-sexta-feira-12-e-acolhe-26-pessoas-em-situacao-de-rua-noticias","status":"publish","type":"post","link":"https:\/\/superinteressantes.com.br\/index.php\/2024\/01\/14\/humanizacao-realiza-abordagens-sociais-ao-longo-desta-sexta-feira-12-e-acolhe-26-pessoas-em-situacao-de-rua-noticias\/","title":{"rendered":"\u201cHumanizA\u00e7\u00e3o\u201d realiza abordagens sociais ao longo desta sexta-feira (12) e acolhe 26 pessoas em situa\u00e7\u00e3o de rua \u2013 Noticias"},"content":{"rendered":"<p><\/p>\n<div>\n<p align=\"justify\">\n<p align=\"justify\"><strong>Por: Bruno Rodrigues<\/strong><\/p>\n<p align=\"justify\"><span style=\"color: #000000;\"><span style=\"font-family: Arial, sans-serif;\"><span style=\"font-size: medium;\">As equipes do programa \u201cHumanizA\u00e7\u00e3o\u201d realizaram, ao longo dest<\/span><span style=\"font-size: medium;\">a sexta-feira<\/span><span style=\"font-size: medium;\"> (<\/span><span style=\"font-size: medium;\">12<\/span><span style=\"font-size: medium;\">), novas a\u00e7\u00f5es de abordagem social especializada \u00e0s pessoas em situa\u00e7\u00e3o de rua, em v\u00e1rios pontos da cidade. As equipes prestaram atendimentos a <\/span><span style=\"font-size: medium;\">71<\/span><span style=\"font-size: medium;\"> pessoas, sendo que <\/span><span style=\"font-size: medium;\">2<\/span><span style=\"font-size: medium;\">6 delas aceitaram receber acolhimento no Servi\u00e7o de Obras Sociais (SOS). No local, s\u00e3o disponibilizados aos abrigados, al\u00e9m do pernoite, alimenta\u00e7\u00e3o completa, roupas e toalhas limpas, banho e outros cuidados de higiene.<\/span><\/span><\/span><\/p>\n<p align=\"justify\"><span style=\"color: #000000;\"><span style=\"font-family: Arial, sans-serif;\"><span style=\"font-size: medium;\">Durante as a\u00e7\u00f5es, foram percorridos pelas equipes os seguintes endere\u00e7os: Av. Itavuvu, Av. Armando Pannunzio, Av. General Carneiro, Av. Moreira Cesar, Av. Dom Aguirre, Av. Nogueira Padilha, Rua Manoel Bento de Almeida, Rua Rosa Maria de Oliveira, Rua Dr. \u00c1lvaro Soares, Rua 7 de setembro, Rua Padre Luiz, Pra\u00e7a do Bombeiro, Pra\u00e7a Frei Bara\u00fana, Pra\u00e7a Lions, Pra\u00e7a Oxford, Pra\u00e7a M\u00e3e Preta, Pra\u00e7a Central, Pra\u00e7a 9 de Julho, Barcelona, Jo\u00e3o Rom\u00e3o, Jd. Ref\u00fagio, Jd. Vera Cruz, Ponte Salom\u00e3o Pavilosk, Ponte Pinheiros, Rodovi\u00e1ria, Terminal S\u00e3o Paulo, UPH Zona Oeste, UPH Zona Norte, UPH Zona Leste, CAPS \u201cAlegria de Viver\u201d e CAPS \u201cRoda Viva\u201d.<\/span><\/span><\/span><\/p>\n<p align=\"justify\"><span style=\"color: #000000;\"><span style=\"font-family: Arial, sans-serif;\"><span style=\"font-size: medium;\">O \u201cHumanizA\u00e7\u00e3o\u201d \u00e9 realizado de forma integrada por equipes da Secretaria de Gabinete Central (SGC), Secretaria de Seguran\u00e7a Urbana (Sesu), Secretaria da Cidadania (Secid), com sua Coordenadoria de \u00c1lcool e Outras Drogas junto \u00e0 Divis\u00e3o de Pol\u00edtica para Pessoas em Situa\u00e7\u00e3o de Rua, al\u00e9m da Secretaria da Sa\u00fade (SES). Tamb\u00e9m conta com o importante aux\u00edlio da Guarda Civil Municipal (GCM), Secretaria de Servi\u00e7os P\u00fablicos e Obras (Serpo), Secretaria de Mobilidade (Semob) e Urbes \u2013 Tr\u00e2nsito e Transportes.<\/span><\/span><\/span><\/p>\n<p align=\"justify\"><strong><span style=\"color: #000000;\"><span style=\"font-family: Arial, sans-serif;\"><span style=\"font-size: medium;\"><b>Saiba como ajudar<\/b><\/span><\/span><\/span><\/strong><\/p>\n<p align=\"justify\"><span style=\"color: #000000;\"><span style=\"font-family: Arial, sans-serif;\"><span style=\"font-size: medium;\">A popula\u00e7\u00e3o pode sempre colaborar com as atividades do programa, informando os locais da cidade onde haja pessoas em situa\u00e7\u00e3o de rua necessitando de cuidados e acolhimento, assim como doando roupas, cobertores e alimentos. O contato pode ser feito pelo WhatsApp (15) 99666-2636, que pode ser acessado 24h por dia, ou pelos telefones: (15) 3229-0777, do SOS; (15) 3212-6900, da Secretaria da Cidadania (Secid) e 153, da Guarda Civil Municipal (GCM).<\/span><\/span><\/span><\/p>\n<\/p><\/div>\n","protected":false},"excerpt":{"rendered":"<p>Por: Bruno Rodrigues As equipes do programa \u201cHumanizA\u00e7\u00e3o\u201d realizaram, ao longo desta sexta-feira (12), novas a\u00e7\u00f5es de abordagem social especializada \u00e0s pessoas em situa\u00e7\u00e3o de rua, em v\u00e1rios pontos da cidade. As equipes prestaram atendimentos a 71 pessoas, sendo que 26 delas aceitaram receber acolhimento no Servi\u00e7o de Obras Sociais (SOS). No local, s\u00e3o disponibilizados &#8230; <a title=\"\u201cHumanizA\u00e7\u00e3o\u201d realiza abordagens sociais ao longo desta sexta-feira (12) e acolhe 26 pessoas em situa\u00e7\u00e3o de rua \u2013 Noticias\" class=\"read-more\" href=\"https:\/\/superinteressantes.com.br\/index.php\/2024\/01\/14\/humanizacao-realiza-abordagens-sociais-ao-longo-desta-sexta-feira-12-e-acolhe-26-pessoas-em-situacao-de-rua-noticias\/\" aria-label=\"More on \u201cHumanizA\u00e7\u00e3o\u201d realiza abordagens sociais ao longo desta sexta-feira (12) e acolhe 26 pessoas em situa\u00e7\u00e3o de rua \u2013 Noticias\">Ler mais<\/a><\/p>\n","protected":false},"author":1,"featured_media":0,"comment_status":"open","ping_status":"open","sticky":false,"template":"","format":"standard","meta":{"footnotes":""},"categories":[1],"tags":[],"class_list":["post-5732","post","type-post","status-publish","format-standard","hentry","category-sem-categoria"],"amp_enabled":true,"_links":{"self":[{"href":"https:\/\/superinteressantes.com.br\/index.php\/wp-json\/wp\/v2\/posts\/5732","targetHints":{"allow":["GET"]}}],"collection":[{"href":"https:\/\/superinteressantes.com.br\/index.php\/wp-json\/wp\/v2\/posts"}],"about":[{"href":"https:\/\/superinteressantes.com.br\/index.php\/wp-json\/wp\/v2\/types\/post"}],"author":[{"embeddable":true,"href":"https:\/\/superinteressantes.com.br\/index.php\/wp-json\/wp\/v2\/users\/1"}],"replies":[{"embeddable":true,"href":"https:\/\/superinteressantes.com.br\/index.php\/wp-json\/wp\/v2\/comments?post=5732"}],"version-history":[{"count":0,"href":"https:\/\/superinteressantes.com.br\/index.php\/wp-json\/wp\/v2\/posts\/5732\/revisions"}],"wp:attachment":[{"href":"https:\/\/superinteressantes.com.br\/index.php\/wp-json\/wp\/v2\/media?parent=5732"}],"wp:term":[{"taxonomy":"category","embeddable":true,"href":"https:\/\/superinteressantes.com.br\/index.php\/wp-json\/wp\/v2\/categories?post=5732"},{"taxonomy":"post_tag","embeddable":true,"href":"https:\/\/superinteressantes.com.br\/index.php\/wp-json\/wp\/v2\/tags?post=5732"}],"curies":[{"name":"wp","href":"https:\/\/api.w.org\/{rel}","templated":true}]}}