{"id":5731,"date":"2024-01-14T02:10:18","date_gmt":"2024-01-14T05:10:18","guid":{"rendered":"http:\/\/superinteressantes.com.br\/index.php\/2024\/01\/14\/trip-bike-tera-primeira-edicao-do-ano-no-dia-4-de-fevereiro\/"},"modified":"2024-01-14T02:10:18","modified_gmt":"2024-01-14T05:10:18","slug":"trip-bike-tera-primeira-edicao-do-ano-no-dia-4-de-fevereiro","status":"publish","type":"post","link":"https:\/\/superinteressantes.com.br\/index.php\/2024\/01\/14\/trip-bike-tera-primeira-edicao-do-ano-no-dia-4-de-fevereiro\/","title":{"rendered":"Trip Bike ter\u00e1 primeira edi\u00e7\u00e3o do ano no dia 4 de fevereiro"},"content":{"rendered":"<p><\/p>\n<div>\n<p><b>Lucas Lemes<\/b><br \/>&#13;<br \/>\n&#13;<br \/>\n                <span style=\"font-weight: bold;\">Secretaria de Esporte e Qualidade de Vida<\/span><\/p>\n<p>A primeira edi\u00e7\u00e3o do ano do Trip Bike, tradicional passeio cicl\u00edstico promovido pela Prefeitura de S\u00e3o Jos\u00e9 dos Campos, ser\u00e1 no dia 4 fevereiro (domingo), com largada a partir das 7h do Parque Ribeir\u00e3o Vermelho, no Urbanova, e chegada na pra\u00e7a central de S\u00e3o Francisco Xavier.<\/p>\n<p>O percurso, conhecido como Casinha A, ser\u00e1 de 55 km de trilha, passando por belas paisagens e trechos de mata atl\u00e2ntica que contemplam o bioma da Serra da Mantiqueira, em estradas de terra e asfalto.<\/p>\n<p>O evento \u00e9 gratuito e aberto ao p\u00fablico. \u00c9 obrigat\u00f3rio o uso de equipamentos de seguran\u00e7a, como capacete e luvas, e recomendado levar uma garrafa de \u00e1gua para reidrata\u00e7\u00e3o, c\u00e2mara de ar reserva e tamb\u00e9m ter experi\u00eancia em trilhas de bicicleta.<\/p>\n<p>Placas de sinaliza\u00e7\u00e3o e equipes de apoio estar\u00e3o dispon\u00edveis durante todo o trajeto, principalmente nos trechos de descidas, da Cachoeira do Roncador e logo ap\u00f3s a Casinha, que est\u00e3o pr\u00f3ximos ao limite distrital de S\u00e3o Francisco Xavier.<\/p>\n<p>No retorno para a casa, cada participante \u00e9 respons\u00e1vel em providenciar o pr\u00f3prio transporte. N\u00e3o \u00e9 recomendado utilizar a SP-50 de bike.<\/p>\n<p><span class=\"intertitulo\"><strong>Equipes de Apoio<\/strong><\/span><\/p>\n<p>A partir das 7h, agentes de tr\u00e2nsito e guardas civis municipais acompanhar\u00e3o os ciclistas desde a largada no Parque Ribeir\u00e3o Vermelho at\u00e9 a chegada \u00e0 pra\u00e7a principal de S\u00e3o Francisco Xavier.<\/p>\n<p>A estrutura de apoio aos ciclistas disponibilizar\u00e1 servi\u00e7os de ambul\u00e2ncias em todo o percurso e um caminh\u00e3o para recolher bicicletas em caso de problemas.<\/p>\n<p>Ser\u00e3o montados ao longo do trajeto tr\u00eas pontos de apoio, localizados no in\u00edcio do bairro Pau de Saia (distribui\u00e7\u00e3o de \u00e1gua e banheiros qu\u00edmicos), Estrada das T\u00e1buas (distribui\u00e7\u00e3o de \u00e1gua, barra de cereal, banheiros qu\u00edmicos e ambul\u00e2ncia) e depois da Cachoeira do Roncador (distribui\u00e7\u00e3o de \u00e1gua, banheiros qu\u00edmicos e ambul\u00e2ncia).<\/p>\n<p>Durante o passeio, os ciclistas devem manter a trilha limpa.<\/p>\n<p>&#13;<br \/>\n                        <strong>MAIS NOT\u00cdCIAS<\/strong><br \/>&#13;<br \/>\n                        Secretaria de Esporte e Qualidade de Vida&#13;\n                    <\/p>\n<\/p><\/div>\n","protected":false},"excerpt":{"rendered":"<p>Lucas Lemes&#13; &#13; Secretaria de Esporte e Qualidade de Vida A primeira edi\u00e7\u00e3o do ano do Trip Bike, tradicional passeio cicl\u00edstico promovido pela Prefeitura de S\u00e3o Jos\u00e9 dos Campos, ser\u00e1 no dia 4 fevereiro (domingo), com largada a partir das 7h do Parque Ribeir\u00e3o Vermelho, no Urbanova, e chegada na pra\u00e7a central de S\u00e3o Francisco &#8230; <a title=\"Trip Bike ter\u00e1 primeira edi\u00e7\u00e3o do ano no dia 4 de fevereiro\" class=\"read-more\" href=\"https:\/\/superinteressantes.com.br\/index.php\/2024\/01\/14\/trip-bike-tera-primeira-edicao-do-ano-no-dia-4-de-fevereiro\/\" aria-label=\"More on Trip Bike ter\u00e1 primeira edi\u00e7\u00e3o do ano no dia 4 de fevereiro\">Ler mais<\/a><\/p>\n","protected":false},"author":1,"featured_media":0,"comment_status":"open","ping_status":"open","sticky":false,"template":"","format":"standard","meta":{"footnotes":""},"categories":[1],"tags":[],"class_list":["post-5731","post","type-post","status-publish","format-standard","hentry","category-sem-categoria"],"amp_enabled":true,"_links":{"self":[{"href":"https:\/\/superinteressantes.com.br\/index.php\/wp-json\/wp\/v2\/posts\/5731","targetHints":{"allow":["GET"]}}],"collection":[{"href":"https:\/\/superinteressantes.com.br\/index.php\/wp-json\/wp\/v2\/posts"}],"about":[{"href":"https:\/\/superinteressantes.com.br\/index.php\/wp-json\/wp\/v2\/types\/post"}],"author":[{"embeddable":true,"href":"https:\/\/superinteressantes.com.br\/index.php\/wp-json\/wp\/v2\/users\/1"}],"replies":[{"embeddable":true,"href":"https:\/\/superinteressantes.com.br\/index.php\/wp-json\/wp\/v2\/comments?post=5731"}],"version-history":[{"count":0,"href":"https:\/\/superinteressantes.com.br\/index.php\/wp-json\/wp\/v2\/posts\/5731\/revisions"}],"wp:attachment":[{"href":"https:\/\/superinteressantes.com.br\/index.php\/wp-json\/wp\/v2\/media?parent=5731"}],"wp:term":[{"taxonomy":"category","embeddable":true,"href":"https:\/\/superinteressantes.com.br\/index.php\/wp-json\/wp\/v2\/categories?post=5731"},{"taxonomy":"post_tag","embeddable":true,"href":"https:\/\/superinteressantes.com.br\/index.php\/wp-json\/wp\/v2\/tags?post=5731"}],"curies":[{"name":"wp","href":"https:\/\/api.w.org\/{rel}","templated":true}]}}