{"id":5685,"date":"2024-01-12T19:09:56","date_gmt":"2024-01-12T22:09:56","guid":{"rendered":"http:\/\/superinteressantes.com.br\/index.php\/2024\/01\/12\/nova-iguacu-vai-realizar-ii-conferencia-municipal-de-turismo\/"},"modified":"2024-01-12T19:09:56","modified_gmt":"2024-01-12T22:09:56","slug":"nova-iguacu-vai-realizar-ii-conferencia-municipal-de-turismo","status":"publish","type":"post","link":"https:\/\/superinteressantes.com.br\/index.php\/2024\/01\/12\/nova-iguacu-vai-realizar-ii-conferencia-municipal-de-turismo\/","title":{"rendered":"Nova Igua\u00e7u vai realizar II Confer\u00eancia Municipal de Turismo"},"content":{"rendered":"<p><\/p>\n<div id=\"post_30624\">\n<header>\n<h2>Nova Igua\u00e7u vai realizar II Confer\u00eancia Municipal de Turismo<\/h2>\n<h4>\n                <em><br \/>\n                    <time class=\"text-muted\" datetime=\"12-01-2024\">12 de janeiro de 2024<\/time><br \/>\n                <\/em><br \/>\n            <\/h4>\n<\/header>\n<section>\n<p>A Prefeitura de Nova Igua\u00e7u vai realizar, no dia 7 de mar\u00e7o, a II Confer\u00eancia Municipal de Turismo. As inscri\u00e7\u00f5es para participar do evento, que acontece no audit\u00f3rio da Universidade Federal Rural do Rio de Janeiro (campus Nova Igua\u00e7u), podem ser feitas at\u00e9 o dia 31 de janeiro. Neste dia tamb\u00e9m se encerram as inscri\u00e7\u00f5es para a elei\u00e7\u00e3o da sociedade civil, que vai compor o Conselho Municipal. Este ano, o tema ser\u00e1 \u201cO planejamento e Pol\u00edticas P\u00fablicas de Turismo em Nova Igua\u00e7u: O Plano Municipal de Turismo 2023\/2033\u201d. A realiza\u00e7\u00e3o do evento conta com o apoio do Conselho Municipal de Turismo.<\/p>\n<p>Durante a confer\u00eancia ser\u00e1 discutido o turismo no munic\u00edpio, embasado pelo Plano Municipal de Turismo de Nova Igua\u00e7u como um conjunto de estrat\u00e9gias e a\u00e7\u00f5es que tem como objetivo fomentar e viabilizar o desenvolvimento do turismo no munic\u00edpio nos pr\u00f3ximos dez anos. Ela tamb\u00e9m tem o objetivo de propor estrat\u00e9gias de aprimoramento da articula\u00e7\u00e3o e coopera\u00e7\u00e3o institucional entre os entes federativos, com a sociedade civil, que dinamizam os sistemas de participa\u00e7\u00e3o e controle social na gest\u00e3o das pol\u00edticas p\u00fablicas de turismo para avan\u00e7o da implementa\u00e7\u00e3o do Plano Municipal para o Desenvolvimento do Turismo em Nova Igua\u00e7u.<\/p>\n<p>\u201cEssa confer\u00eancia vai valorizar o potencial dos diversos atrativos tur\u00edsticos naturais espalhados por seu territ\u00f3rio, beleza c\u00eanica, exuber\u00e2ncia em florestas e sua abund\u00e2ncia de \u00e1gua que s\u00e3o elementos potenciais ao desenvolvimento do turismo nos segmentos de aventura, esportivo, lazer e pesquisas. Ela tem o objetivo de propor estrat\u00e9gias para que a atividade tur\u00edstica se torne relevante \u00e0 economia local, al\u00e9m de facilitar, estimular e apoiar a compreens\u00e3o de que o turismo \u00e9 uma oportunidade de gera\u00e7\u00e3o de emprego e renda, promo\u00e7\u00e3o socioecon\u00f4mica e ambiental\u201d, afirmou o secret\u00e1rio de Desenvolvimento Econ\u00f4mico, Trabalho e Turismo de Nova Igua\u00e7u, M\u00e1rio Lopes.<\/p>\n<p>Durante a confer\u00eancia, ser\u00e1 eleita a composi\u00e7\u00e3o n\u00e3o governamental do Conselho Municipal de Turismo de Nova Igua\u00e7u para o mandato de 2024\/26. A Confer\u00eancia vai acontecer das 8h \u00e0s 18h. O audit\u00f3rio da UFRRJ fica na Avenida Governador Roberto Silveira, s\/n\u00b0, Moquet\u00e1.<\/p>\n<p>As inscri\u00e7\u00f5es para a participa\u00e7\u00e3o da confer\u00eancia devem ser feitas atrav\u00e9s do link https:\/\/forms.gle\/pJxapMCiXyEz75WH7 ou pelo e-mail turismo.semdettur@novaiguacu.rj.gov.br.<br \/>J\u00e1 para a elei\u00e7\u00e3o da sociedade civil pode ser feita atrav\u00e9s do google forms https:\/\/forms.gle\/MZHwGVf4d6BDLfrE7 ou pelo email turismo.semdettur@novaiguacu.rj.gov.br das 09h \u00e0s 17h.<\/p>\n<\/section><\/div>\n","protected":false},"excerpt":{"rendered":"<p>Nova Igua\u00e7u vai realizar II Confer\u00eancia Municipal de Turismo 12 de janeiro de 2024 A Prefeitura de Nova Igua\u00e7u vai realizar, no dia 7 de mar\u00e7o, a II Confer\u00eancia Municipal de Turismo. As inscri\u00e7\u00f5es para participar do evento, que acontece no audit\u00f3rio da Universidade Federal Rural do Rio de Janeiro (campus Nova Igua\u00e7u), podem ser &#8230; <a title=\"Nova Igua\u00e7u vai realizar II Confer\u00eancia Municipal de Turismo\" class=\"read-more\" href=\"https:\/\/superinteressantes.com.br\/index.php\/2024\/01\/12\/nova-iguacu-vai-realizar-ii-conferencia-municipal-de-turismo\/\" aria-label=\"More on Nova Igua\u00e7u vai realizar II Confer\u00eancia Municipal de Turismo\">Ler mais<\/a><\/p>\n","protected":false},"author":1,"featured_media":0,"comment_status":"open","ping_status":"open","sticky":false,"template":"","format":"standard","meta":{"footnotes":""},"categories":[1],"tags":[],"class_list":["post-5685","post","type-post","status-publish","format-standard","hentry","category-sem-categoria"],"amp_enabled":true,"_links":{"self":[{"href":"https:\/\/superinteressantes.com.br\/index.php\/wp-json\/wp\/v2\/posts\/5685","targetHints":{"allow":["GET"]}}],"collection":[{"href":"https:\/\/superinteressantes.com.br\/index.php\/wp-json\/wp\/v2\/posts"}],"about":[{"href":"https:\/\/superinteressantes.com.br\/index.php\/wp-json\/wp\/v2\/types\/post"}],"author":[{"embeddable":true,"href":"https:\/\/superinteressantes.com.br\/index.php\/wp-json\/wp\/v2\/users\/1"}],"replies":[{"embeddable":true,"href":"https:\/\/superinteressantes.com.br\/index.php\/wp-json\/wp\/v2\/comments?post=5685"}],"version-history":[{"count":0,"href":"https:\/\/superinteressantes.com.br\/index.php\/wp-json\/wp\/v2\/posts\/5685\/revisions"}],"wp:attachment":[{"href":"https:\/\/superinteressantes.com.br\/index.php\/wp-json\/wp\/v2\/media?parent=5685"}],"wp:term":[{"taxonomy":"category","embeddable":true,"href":"https:\/\/superinteressantes.com.br\/index.php\/wp-json\/wp\/v2\/categories?post=5685"},{"taxonomy":"post_tag","embeddable":true,"href":"https:\/\/superinteressantes.com.br\/index.php\/wp-json\/wp\/v2\/tags?post=5685"}],"curies":[{"name":"wp","href":"https:\/\/api.w.org\/{rel}","templated":true}]}}