{"id":5684,"date":"2024-01-12T18:22:46","date_gmt":"2024-01-12T21:22:46","guid":{"rendered":"http:\/\/superinteressantes.com.br\/index.php\/2024\/01\/12\/agencia-minas-gerais-rede-fhemig-chama-a-atencao-para-aumento-nos-atendimentos-a-motociclistas-acidentados\/"},"modified":"2024-01-12T18:22:46","modified_gmt":"2024-01-12T21:22:46","slug":"agencia-minas-gerais-rede-fhemig-chama-a-atencao-para-aumento-nos-atendimentos-a-motociclistas-acidentados","status":"publish","type":"post","link":"https:\/\/superinteressantes.com.br\/index.php\/2024\/01\/12\/agencia-minas-gerais-rede-fhemig-chama-a-atencao-para-aumento-nos-atendimentos-a-motociclistas-acidentados\/","title":{"rendered":"Ag\u00eancia Minas Gerais | Rede Fhemig chama a aten\u00e7\u00e3o para aumento nos atendimentos a motociclistas acidentados"},"content":{"rendered":"<p><\/p>\n<div>\n<p>Uma estat\u00edstica que deve chamar a aten\u00e7\u00e3o da popula\u00e7\u00e3o para a necessidade de preven\u00e7\u00e3o e respeito \u00e0s regras de tr\u00e2nsito: o\u00a0\u00a0n\u00famero de casos de atendimentos a motociclistas envolvidos em acidentes continua apresentando \u00edndices expressivos no Hospital Jo\u00e3o XXIII (HJXIII), unidade do Complexo Hospitalar de Urg\u00eancia e Emerg\u00eancia (Chue) da Rede Fhemig, refer\u00eancia na assist\u00eancia aos pacientes com traumas graves. Em 2023, foram registrados 5.707 casos, um aumento de 21% em rela\u00e7\u00e3o a 2022 (4.715).<\/p>\n<p>Terceiro maior motivo de atendimentos no hospital no ano passado, logo ap\u00f3s casos cl\u00ednicos (17.604) e quedas da pr\u00f3pria altura (7.944), os acidentes de tr\u00e2nsito que envolvem motos atingem, em sua maioria, jovens do sexo masculino. Victor Ikeda, diretor assistencial do Complexo e cirurgi\u00e3o geral e do trauma do HJXXIII, afirma que n\u00e3o houve mudan\u00e7a nesse perfil, visto que tanto as les\u00f5es quanto os pacientes lesionados continuam similares aos atendidos frequentemente na unidade ao longo dos \u00faltimos anos.<\/p>\n<p>\u201cA gravidade das les\u00f5es est\u00e1 diretamente relacionada com os impactos do trauma. Um acidente de moto pode lesionar um paciente de v\u00e1rias formas, desde escoria\u00e7\u00f5es leves at\u00e9 um \u00f3bito antes da entrada no hospital. Tudo pode depender da velocidade dos ve\u00edculos envolvidos, do uso de equipamentos de seguran\u00e7a e do tipo de colis\u00e3o\u201d, endossa o cirurgi\u00e3o.<\/p>\n<p><strong>Custos individuais e sociais<\/strong><\/p>\n<p>Conforme o grau de impacto do trauma, as sequelas do acidente tamb\u00e9m podem variar, quando um paciente n\u00e3o se reabilita totalmente das les\u00f5es. \u201cTemos v\u00e1rios tipos de pacientes. H\u00e1 os que conseguem se recuperar completamente durante o per\u00edodo de interna\u00e7\u00e3o e os que apresentam sequelas grav\u00edssimas. Estes \u00faltimos provavelmente nunca v\u00e3o se recuperar, principalmente os com traumatismo cranioencef\u00e1lico grave, que ficam com as fun\u00e7\u00f5es neurol\u00f3gicas muito comprometidas\u201d, relata Victor.\u00a0<\/p>\n<p>Al\u00e9m dos riscos para a integridade f\u00edsica e emocional dos pacientes, os custos podem se estender para a inatividade social de pessoas em idade ativa, dependendo dos diagn\u00f3sticos precedentes &#8211; como sequelas neurol\u00f3gicas, pseudoartroses (complica\u00e7\u00e3o caracterizada pela aus\u00eancia da consolida\u00e7\u00e3o de uma fratura), osteomielites, amputa\u00e7\u00f5es, s\u00edndromes do estresse p\u00f3s-traum\u00e1tico, dentre outros.<\/p>\n<p>Para Victor, \u201cainda \u00e9 preciso considerar os custos al\u00e9m dos recursos financeiros oferecidos durante o tratamento hospitalar, pois existe a possibilidade de pacientes com sequelas graves serem impedidas de trabalhar pelo resto da vida e terem dificuldades para se readaptarem socialmente\u201d.\u00a0<\/p>\n<p><strong>Preven\u00e7\u00e3o como melhor caminho<\/strong><\/p>\n<p>De acordo com um relat\u00f3rio divulgado em 2023 pelo Instituto de Pesquisa Econ\u00f4mica Aplicada (Ipea), 392 mil pessoas morreram em acidentes de tr\u00e2nsito na \u00faltima d\u00e9cada, entre 2010 e 2019, no pa\u00eds. Globalmente, aproximadamente 1,35 milh\u00e3o morrem anualmente, segundo dados da Organiza\u00e7\u00e3o Mundial de Sa\u00fade (OMS), que tamb\u00e9m apontam que motociclistas correspondem a um dos principais grupos de pessoas atingidas, em raz\u00e3o da vulnerabilidade por estarem mais expostos \u00e0s quedas e colis\u00f5es.\u00a0<\/p>\n<p>No Brasil e no mundo, os acidentes de tr\u00e2nsito constituem um grave problema de sa\u00fade p\u00fablica que pode ser evit\u00e1vel. A fim de reduzir as mortes e les\u00f5es provocadas pelos acidentes com motociclistas, a aten\u00e7\u00e3o aos fatores de risco \u00e9 essencial para evitar as perdas humanas. \u201cA maior parte dos casos est\u00e1 relacionada com o excesso de velocidade, o alcoolismo e a falta do capacete. A preven\u00e7\u00e3o \u00e9 sempre o melhor caminho para minimizar poss\u00edveis traumas e possibilitar que os pacientes retornem reabilitados da interna\u00e7\u00e3o para suas vidas sociais\u201d, alerta Victor.<\/p>\n<\/p><\/div>\n","protected":false},"excerpt":{"rendered":"<p>Uma estat\u00edstica que deve chamar a aten\u00e7\u00e3o da popula\u00e7\u00e3o para a necessidade de preven\u00e7\u00e3o e respeito \u00e0s regras de tr\u00e2nsito: o\u00a0\u00a0n\u00famero de casos de atendimentos a motociclistas envolvidos em acidentes continua apresentando \u00edndices expressivos no Hospital Jo\u00e3o XXIII (HJXIII), unidade do Complexo Hospitalar de Urg\u00eancia e Emerg\u00eancia (Chue) da Rede Fhemig, refer\u00eancia na assist\u00eancia aos &#8230; <a title=\"Ag\u00eancia Minas Gerais | Rede Fhemig chama a aten\u00e7\u00e3o para aumento nos atendimentos a motociclistas acidentados\" class=\"read-more\" href=\"https:\/\/superinteressantes.com.br\/index.php\/2024\/01\/12\/agencia-minas-gerais-rede-fhemig-chama-a-atencao-para-aumento-nos-atendimentos-a-motociclistas-acidentados\/\" aria-label=\"More on Ag\u00eancia Minas Gerais | Rede Fhemig chama a aten\u00e7\u00e3o para aumento nos atendimentos a motociclistas acidentados\">Ler mais<\/a><\/p>\n","protected":false},"author":1,"featured_media":0,"comment_status":"open","ping_status":"open","sticky":false,"template":"","format":"standard","meta":{"footnotes":""},"categories":[1],"tags":[],"class_list":["post-5684","post","type-post","status-publish","format-standard","hentry","category-sem-categoria"],"amp_enabled":true,"_links":{"self":[{"href":"https:\/\/superinteressantes.com.br\/index.php\/wp-json\/wp\/v2\/posts\/5684","targetHints":{"allow":["GET"]}}],"collection":[{"href":"https:\/\/superinteressantes.com.br\/index.php\/wp-json\/wp\/v2\/posts"}],"about":[{"href":"https:\/\/superinteressantes.com.br\/index.php\/wp-json\/wp\/v2\/types\/post"}],"author":[{"embeddable":true,"href":"https:\/\/superinteressantes.com.br\/index.php\/wp-json\/wp\/v2\/users\/1"}],"replies":[{"embeddable":true,"href":"https:\/\/superinteressantes.com.br\/index.php\/wp-json\/wp\/v2\/comments?post=5684"}],"version-history":[{"count":0,"href":"https:\/\/superinteressantes.com.br\/index.php\/wp-json\/wp\/v2\/posts\/5684\/revisions"}],"wp:attachment":[{"href":"https:\/\/superinteressantes.com.br\/index.php\/wp-json\/wp\/v2\/media?parent=5684"}],"wp:term":[{"taxonomy":"category","embeddable":true,"href":"https:\/\/superinteressantes.com.br\/index.php\/wp-json\/wp\/v2\/categories?post=5684"},{"taxonomy":"post_tag","embeddable":true,"href":"https:\/\/superinteressantes.com.br\/index.php\/wp-json\/wp\/v2\/tags?post=5684"}],"curies":[{"name":"wp","href":"https:\/\/api.w.org\/{rel}","templated":true}]}}