{"id":5670,"date":"2024-01-12T08:56:44","date_gmt":"2024-01-12T11:56:44","guid":{"rendered":"http:\/\/superinteressantes.com.br\/index.php\/2024\/01\/12\/corredor-turistico-apresenta-grupos-de-musica-de-camara-na-apl-e-centro-cultural-sao-francisco\/"},"modified":"2024-01-12T08:56:44","modified_gmt":"2024-01-12T11:56:44","slug":"corredor-turistico-apresenta-grupos-de-musica-de-camara-na-apl-e-centro-cultural-sao-francisco","status":"publish","type":"post","link":"https:\/\/superinteressantes.com.br\/index.php\/2024\/01\/12\/corredor-turistico-apresenta-grupos-de-musica-de-camara-na-apl-e-centro-cultural-sao-francisco\/","title":{"rendered":"Corredor Tur\u00edstico apresenta grupos de m\u00fasica de c\u00e2mara na APL e Centro Cultural S\u00e3o Francisco"},"content":{"rendered":"<p><\/p>\n<div>\n<p>A op\u00e7\u00e3o de lazer desta sexta-feira (12), em Jo\u00e3o Pessoa, s\u00e3o atra\u00e7\u00f5es do projeto Corredor Tur\u00edstico Duque de Caxias, no Centro Hist\u00f3rico. No polo da Academia Paraibana de Letras (APL) se apresentam o grupo J. Pist\u00e3o Naipe de Trombones, \u00e0s 17h. No polo do Centro Cultural S\u00e3o Francisco, haver\u00e1 a tradicional \u2018Ave Maria\u2019, cantada pela soprano Izadora Fran\u00e7a, Santa Cec\u00edlia Ensemble, Duo Fernandes-Freire, Quinteto Geraldo Rocha e a harpista Karen Adrielle. \u00a0 <\/p>\n<p>A entrada \u00e9 aberta ao p\u00fablico, n\u00e3o precisa pagar pelo ingresso, apenas entrar no Sympla (Polo APL https:\/\/abre.ai\/hUFJ\/ Polo CCSF https:\/\/abre.ai\/hUFL) pegar seu voucher de entrada, uma vez que Centro Cultural e a APL tem lota\u00e7\u00e3o reduzida. \u00a0 <\/p>\n<figure class=\"wp-block-gallery has-nested-images columns-default is-cropped wp-block-gallery-1 is-layout-flex wp-block-gallery-is-layout-flex\">\n<figure class=\"wp-block-image size-large\"><\/figure>\n<figure class=\"wp-block-image size-large\"><\/figure>\n<\/figure>\n<p>As apresenta\u00e7\u00f5es do Polo CCSF ser\u00e1 com m\u00fasica vocal e de c\u00e2mera, com recitais iniciando \u00e0s 18h. A \u2018Ave Maria\u2019 \u00e9 uma ora\u00e7\u00e3o cat\u00f3lica musicada por diversos compositores ao redor do mundo, de autoria de Johann Sebastian Bach (1685-1750), Charles-Fran\u00e7ois Gounod (1818-1893) cantada pela soprano Izadora Fran\u00e7a, acompanhada pela harpista Karen Adrielle. Logo ap\u00f3s ser\u00e1 executado o \u2018Concerto No. 10 para 4 Violinos\u2019, \u2018RV 580 Op. 3 \u2013 I\u2019 movimento de Ant\u00f4nio Lucio Vivaldi (1678-1741) pelo grupo Santa Cec\u00edlia Ensemble, composto por Beatriz Vilar (1\u00b0 violino), J\u00falia Fernandes (2\u00b0 violino), T\u00e1cila Ramos (3\u00b0 violino), Emanuele Lopes (4\u00b0 violino) e R\u00f4mulo Pessoa (baixo cont\u00ednuo). \u00a0<\/p>\n<p> Na sequ\u00eancia ser\u00e3o tocados tr\u00eas duos para violoncelo (\u2018I movimento\u2019) de Ludwig van Beethoven (1770-1827) executado por Fernandes-Freire, J\u00falia Fernandes (violino), R\u00f4mulo Freire (violoncelo). No repert\u00f3rio est\u00e1 inclu\u00eddo \u2018Verano Porte\u00f1o\u2019, Astor Pantaleon Piazzolla (1921-1992), com arranjo de Carlos An\u00edsio; \u2018Carinhoso\u2019 de Alfredo da Rocha Vianna Filho \u2018Pixinguinha\u201d (1897-1973) e Carlos Alberto Ferreira Braga \u2018Braguinha\u2019 (1907-2006), com arranjo de Alex Klein; Andr\u00e9 de Sapato Novo de Andr\u00e9 Vitor Correia (1888-1948), com arranjo de Gilvandro Neto. <\/p>\n<div class=\"wp-block-image\">\n<figure class=\"aligncenter size-large\"><\/figure>\n<\/div>\n<p>Depois se apresenta o Quinteto Geraldo Rocha, formado por Tiago Leite (flauta), Roosewelt F\u00e9lix (obo\u00e9), Gilvandro Neto (clarinete), Douglas Feliciano (trompa) e Misael Silva (fagote), com participa\u00e7\u00e3o especial de Netto dos Santos (pandeiro). <\/p>\n<p>A estudante de direito da UFPB, Neomara Santos, que esteve no recital de quinta-feira (11), comentou que nunca tinha assistido uma apresenta\u00e7\u00e3o t\u00e3o bonita e marcante. \u201cToda a atmosfera do lugar deixa tudo muito mais bonito, al\u00e9m de ser um passeio tur\u00edstico e cultural ao mesmo tempo\u201d, acrescentou Neomara Santos. <\/p>\n<p>J\u00e1 a professora de alunos especiais, Nilma Lucena, que veio de Patos, interior do Estado para passar as f\u00e9rias, parabenizou a Prefeitura. \u201cEu parabenizo pela iniciativa. Eu chorei ao escutar a \u2018Ave Maria\u2019\u201d, disse a professora Nilma. <\/p>\n<figure class=\"wp-block-gallery has-nested-images columns-default is-cropped wp-block-gallery-2 is-layout-flex wp-block-gallery-is-layout-flex\">\n<figure class=\"wp-block-image size-large\"><\/figure>\n<\/figure>\n<p><strong>Izadora Fran\u00e7a<\/strong> \u2013 Natural de Jo\u00e3o Pessoa, iniciou seus estudos musicais com a m\u00e3e, F\u00e1tima Fran\u00e7a. Aos cinco anos, j\u00e1 integrava o Coral Infantil da UFPB, sob a reg\u00eancia de Jo\u00e3o Gadelha, atuando como coralista e solista. Completou sua forma\u00e7\u00e3o musical na UFPB, estudando teoria e violino com Yerko Tabilo, e graduou-se em Bacharelado de M\u00fasica com habilita\u00e7\u00e3o em violino. Participou de v\u00e1rias orquestras e integrou o Coro de C\u00e2mara Villa-Lobos de 2002 a 2007. <\/p>\n<p>Como cantora, gravou diversos CDs e foi membro da Orquestra de C\u00e2mara da Cidade de Jo\u00e3o Pessoa de 2005-2013. Estudou canto com v\u00e1rios professores e participou de master classes renomadas. Foi fundadora do Quarteto de Cordas e Voz \u2013 Quarta Justa, atuando como primeiro violino e cantora. Participou do Festival Internacional de M\u00fasica de Campos do Jord\u00e3o em 2010 e teve atua\u00e7\u00f5es destacadas como soprano solista. <\/p>\n<p>Entre 2008 e 2013, foi professora de violino e, em 2013, ingressou no Madrigal da Universidade Federal da Bahia. Realizou v\u00e1rias apresenta\u00e7\u00f5es solistas em Salvador, retornando a Jo\u00e3o Pessoa em 2020 para se dedicar ao Coral Gazzi de S\u00e1 e ao projeto de extens\u00e3o da UFPB. Recentemente, participou do Festival de \u00d3pera de Pernambuco em 2022 e 2023, interpretando papeis principais em \u00f3peras renomadas. <\/p>\n<p><strong>Karen Adrielle<\/strong> \u2013 Iniciou seus estudos em m\u00fasica na escola do prof. Elvis Chaves, onde concluiu o Curso de Teclado Arranjador em 2014. Atualmente, \u00e9 graduanda da Licenciatura em M\u00fasica pela UFPB com habilita\u00e7\u00e3o em teclado, estuda Harpa sob a orienta\u00e7\u00e3o da professora M\u00f4nica Cury e \u00e9 soprano e corista do Coral Universit\u00e1rio UNIP\u00ca. Atuou como membro do Laborat\u00f3rio de \u00c9tica Sonora e do Projeto Interouvir da UFPB. \u00c9 integrante da Orquestra Sinf\u00f4nica Jovem da UFPB. \u00a0 <\/p>\n<p><strong>Santa Cec\u00edlia Ensamble \u2013<\/strong> Composto por quatro violinistas estudantes do curso de Bacharelado em M\u00fasica da UFPB, sob orienta\u00e7\u00e3o da professora Dra. Sandra Aquino. \u00a0 <\/p>\n<p>Tem como objetivo possibilitar experi\u00eancias camer\u00edsticas durante o per\u00edodo de forma\u00e7\u00e3o acad\u00eamica e apresentar ao p\u00fablico um rico repert\u00f3rio composto ou arranjado para quatro violinos, presente em v\u00e1rios per\u00edodos da hist\u00f3ria da m\u00fasica. Integrado por Emanuele Lopes, J\u00falia Fernandes, Beatriz Vilar e T\u00e1cila Ramos, o grupo tamb\u00e9m conta com a participa\u00e7\u00e3o do violoncelista R\u00f4mulo Freire Pessoa para a performance do Concerto para quatro violinos de Ant\u00f4nio Vivaldi. \u00a0<\/p>\n<p> <strong>Duo Fernandes-Freire<\/strong> \u2013 \u00c9 composto pela violinista J\u00falia Fernandes e pelo violoncelista Romulo Freire Pessoa. Ambos participaram como bolsistas do festival de m\u00fasica Watari, em Campinas (SP), apresentando um vasto repert\u00f3rio de m\u00fasica de c\u00e2mara com outros bolsistas e com professores renomados, como Cristian Budu, Jovana Trifunovic, Iber\u00ea Carvalho e Andr\u00e9 Micheletti. Al\u00e9m disso, s\u00e3o integrantes do Quinteto Cariri, grupo que atua interpretando e difundindo especialmente o repert\u00f3rio nordestino na m\u00fasica de concerto. \u00a0<\/p>\n<p> <strong>Quinteto Geraldo Rocha<\/strong> \u2013 Surgiu inicialmente pela necessidade dos integrantes de vivenciar outras forma\u00e7\u00f5es caracter\u00edsticas da m\u00fasica de c\u00e2mara, para al\u00e9m das Orquestras e Bandas Sinf\u00f4nicas. Atualmente em sua forma\u00e7\u00e3o, o quinteto \u00e9 constitu\u00eddo por estudantes e graduados nos cursos de Bacharelado em M\u00fasica da Universidade Federal da Para\u00edba (UFPB). \u00a0 <\/p>\n<p>O QGR vem desenvolvendo uma permanente pesquisa dentro do repert\u00f3rio camer\u00edstico, compilando, editando, e interpretando principais obras para quinteto de sopros, al\u00e9m de explorar obras folcl\u00f3ricas, populares e obras originais contempor\u00e2neas. O grupo tamb\u00e9m busca conectar a m\u00fasica com uma proposta pedag\u00f3gica, visando trazer contribui\u00e7\u00f5es valiosas para educa\u00e7\u00e3o de jovens e comunidades, pensando na m\u00fasica de c\u00e2mara dentro das escolas como um meio de democratiza\u00e7\u00e3o no acesso \u00e0 arte e a cultura. \u00a0 <\/p>\n<p><strong>O projeto \u2013 <\/strong>O Corredor Tur\u00edstico da Duque de Caxias \u00e9 um projeto que est\u00e1 inserido no programa \u201cViva o Centro\u201d, implementado pela Prefeitura de Jo\u00e3o Pessoa em parceria com o Governo do Estado, para promover a revitaliza\u00e7\u00e3o do Centro Hist\u00f3rico da Capital. \u00a0 \u00a0 <\/p>\n<p><strong><u>PROGRAMA\u00c7\u00c3O<\/u><\/strong>: <strong><u>SEXTA-FEIRA (12)<\/u><\/strong><\/p>\n<p><strong><u>POLO APL<\/u><\/strong><\/p>\n<p><strong>Atra\u00e7\u00e3o: J. Pist\u00e3o Naipe de Trombones<\/strong> <\/p>\n<p>Hora: 17h -Entrada gratuita <\/p>\n<p>Ingressos de acesso pelo Sympla: https:\/\/www.sympla.com.br\/evento\/corredor-turistico-duque-de-caxias-j-pistao-naipe-de-trombones-da-rubacao-jazz\/2301290<\/p>\n<p><strong><u>POLO CENTRO CULTURAL S\u00c3O FRANCISCO<\/u><\/strong><\/p>\n<p><strong>Atra\u00e7\u00f5es: <\/strong>Izadora Fran\u00e7a, Santa Cec\u00edlia Ensemble, Duo Fernandes-Freire, Quinteto Geraldo Rocha e a harpista Karen Adrielle. <\/p>\n<p>Hora: 18h \u2013 Entrada gratuita <\/p>\n<p>Ingressos de acesso pelo Sympla: https:\/\/www.sympla.com.br\/evento\/corredor-turistico-duque-de-caxias-sao-francisco-copia\/2302354<\/p>\n<\/p><\/div>\n","protected":false},"excerpt":{"rendered":"<p>A op\u00e7\u00e3o de lazer desta sexta-feira (12), em Jo\u00e3o Pessoa, s\u00e3o atra\u00e7\u00f5es do projeto Corredor Tur\u00edstico Duque de Caxias, no Centro Hist\u00f3rico. No polo da Academia Paraibana de Letras (APL) se apresentam o grupo J. Pist\u00e3o Naipe de Trombones, \u00e0s 17h. No polo do Centro Cultural S\u00e3o Francisco, haver\u00e1 a tradicional \u2018Ave Maria\u2019, cantada pela &#8230; <a title=\"Corredor Tur\u00edstico apresenta grupos de m\u00fasica de c\u00e2mara na APL e Centro Cultural S\u00e3o Francisco\" class=\"read-more\" href=\"https:\/\/superinteressantes.com.br\/index.php\/2024\/01\/12\/corredor-turistico-apresenta-grupos-de-musica-de-camara-na-apl-e-centro-cultural-sao-francisco\/\" aria-label=\"More on Corredor Tur\u00edstico apresenta grupos de m\u00fasica de c\u00e2mara na APL e Centro Cultural S\u00e3o Francisco\">Ler mais<\/a><\/p>\n","protected":false},"author":1,"featured_media":0,"comment_status":"open","ping_status":"open","sticky":false,"template":"","format":"standard","meta":{"footnotes":""},"categories":[1],"tags":[],"class_list":["post-5670","post","type-post","status-publish","format-standard","hentry","category-sem-categoria"],"amp_enabled":true,"_links":{"self":[{"href":"https:\/\/superinteressantes.com.br\/index.php\/wp-json\/wp\/v2\/posts\/5670","targetHints":{"allow":["GET"]}}],"collection":[{"href":"https:\/\/superinteressantes.com.br\/index.php\/wp-json\/wp\/v2\/posts"}],"about":[{"href":"https:\/\/superinteressantes.com.br\/index.php\/wp-json\/wp\/v2\/types\/post"}],"author":[{"embeddable":true,"href":"https:\/\/superinteressantes.com.br\/index.php\/wp-json\/wp\/v2\/users\/1"}],"replies":[{"embeddable":true,"href":"https:\/\/superinteressantes.com.br\/index.php\/wp-json\/wp\/v2\/comments?post=5670"}],"version-history":[{"count":0,"href":"https:\/\/superinteressantes.com.br\/index.php\/wp-json\/wp\/v2\/posts\/5670\/revisions"}],"wp:attachment":[{"href":"https:\/\/superinteressantes.com.br\/index.php\/wp-json\/wp\/v2\/media?parent=5670"}],"wp:term":[{"taxonomy":"category","embeddable":true,"href":"https:\/\/superinteressantes.com.br\/index.php\/wp-json\/wp\/v2\/categories?post=5670"},{"taxonomy":"post_tag","embeddable":true,"href":"https:\/\/superinteressantes.com.br\/index.php\/wp-json\/wp\/v2\/tags?post=5670"}],"curies":[{"name":"wp","href":"https:\/\/api.w.org\/{rel}","templated":true}]}}