{"id":5667,"date":"2024-01-12T07:22:08","date_gmt":"2024-01-12T10:22:08","guid":{"rendered":"http:\/\/superinteressantes.com.br\/index.php\/2024\/01\/12\/agencia-minas-gerais-hoje-e-o-ultimo-dia-para-inscritos-no-sucem-realizarem-a-matricula-na-rede-estadual-de-ensino\/"},"modified":"2024-01-12T07:22:08","modified_gmt":"2024-01-12T10:22:08","slug":"agencia-minas-gerais-hoje-e-o-ultimo-dia-para-inscritos-no-sucem-realizarem-a-matricula-na-rede-estadual-de-ensino","status":"publish","type":"post","link":"https:\/\/superinteressantes.com.br\/index.php\/2024\/01\/12\/agencia-minas-gerais-hoje-e-o-ultimo-dia-para-inscritos-no-sucem-realizarem-a-matricula-na-rede-estadual-de-ensino\/","title":{"rendered":"Ag\u00eancia Minas Gerais | Hoje \u00e9 o \u00faltimo dia para inscritos no Sucem realizarem a matr\u00edcula na rede estadual de ensino"},"content":{"rendered":"<p><\/p>\n<div>\n<p>Aten\u00e7\u00e3o, pais, respons\u00e1veis ou estudantes maiores de 18 anos que realizaram o Cadastro Escolar 2024, termina nesta sexta-feira (12\/1), o prazo para a confirma\u00e7\u00e3o das matr\u00edculas de estudantes na rede p\u00fablica estadual de ensino. Para efetiva\u00e7\u00e3o da matr\u00edcula \u00e9 necess\u00e1rio comparecer \u00e0 escola para a qual o aluno foi encaminhado e apresentar a documenta\u00e7\u00e3o solicitada. A Secretaria de Estado de Educa\u00e7\u00e3o de Minas Gerais (SEE\/MG) refor\u00e7a que s\u00f3 estar\u00e3o com a vaga garantida nas escolas estaduais\u00a0aqueles que fizerem essa confirma\u00e7\u00e3o dentro do prazo. O ano letivo tem in\u00edcio no dia 5\/2.<\/p>\n<p>Para a efetiva\u00e7\u00e3o da matr\u00edcula, pais, respons\u00e1veis ou os pr\u00f3prios estudantes maiores de 18 anos devem apresentar todos os documentos que constam na\u00a0Resolu\u00e7\u00e3o SEE n\u00ba 4.917\/2023\u00a0e comprovar os dados informados no Cadastro Escolar 2024, realizado por meio do Sistema \u00danico de Cadastro e Encaminhamento para Matr\u00edcula (Sucem).\u00a0<\/p>\n<p>A confirma\u00e7\u00e3o da matr\u00edcula deve ser feita de forma presencial na secretaria da escola \u00e0 qual o estudante foi encaminhado pelo Sucem. Confira para qual unidade foi encaminhado para confirmar a matr\u00edcula\u00a0neste link.<\/p>\n<p>\u201cChamo aten\u00e7\u00e3o de toda comunidade escolar quanto ao per\u00edodo de confirma\u00e7\u00e3o da matr\u00edcula, pois este \u00e9 o segundo momento, ap\u00f3s terem realizado o cadastro para 2024, pelo Sucem. Lembramos que os documentos informados no cadastro devem ser apresentados na unidade escolar \u00e0 qual o estudante foi encaminhado para confirmar a matr\u00edcula e garantir a vaga\u201d, explicou o subsecret\u00e1rio de Articula\u00e7\u00e3o Educacional, Gustavo Pedroso.\u00a0\u00a0<\/p>\n<p><strong>Ades\u00e3o Sucem<\/strong><\/p>\n<p>Em todo o estado, 714 munic\u00edpios aderiram ao Sucem. Veja a lista com todos os munic\u00edpios participantes\u00a0neste link.\u00a0Desta forma, por meio do zoneamento, o\u00a0Sucem indica as escolas estaduais ou municipais mais pr\u00f3ximas do endere\u00e7o informado do candidato, de acordo com a etapa de ensino pretendida, durante o Cadastro Escolar.\u00a0\u00a0<\/p>\n<p><strong>Rede municipal\u00a0<\/strong><\/p>\n<p>J\u00e1 os estudantes que foram encaminhados para alguma escola da rede municipal de ensino, devem observar o calend\u00e1rio estabelecido por cada cidade e entrar em contato com a Secretaria Municipal de Educa\u00e7\u00e3o para realizar a confirma\u00e7\u00e3o da matr\u00edcula.\u00a0<\/p>\n<p><strong>Vagas remanescentes<\/strong><\/p>\n<p>Os estudantes que perderam o prazo de inscri\u00e7\u00e3o entre os meses de outubro e novembro poder\u00e3o tentar uma vaga novamente, no per\u00edodo de 22\/1 a 2\/2, pelo site do\u00a0Cadastro Escolar.\u00a0Nas vagas excedentes, o encaminhamento ser\u00e1 realizado de acordo com a disponibilidade nas escolas da regi\u00e3o ao endere\u00e7o\u00a0do estudante.<\/p>\n<\/p><\/div>\n","protected":false},"excerpt":{"rendered":"<p>Aten\u00e7\u00e3o, pais, respons\u00e1veis ou estudantes maiores de 18 anos que realizaram o Cadastro Escolar 2024, termina nesta sexta-feira (12\/1), o prazo para a confirma\u00e7\u00e3o das matr\u00edculas de estudantes na rede p\u00fablica estadual de ensino. Para efetiva\u00e7\u00e3o da matr\u00edcula \u00e9 necess\u00e1rio comparecer \u00e0 escola para a qual o aluno foi encaminhado e apresentar a documenta\u00e7\u00e3o solicitada. &#8230; <a title=\"Ag\u00eancia Minas Gerais | Hoje \u00e9 o \u00faltimo dia para inscritos no Sucem realizarem a matr\u00edcula na rede estadual de ensino\" class=\"read-more\" href=\"https:\/\/superinteressantes.com.br\/index.php\/2024\/01\/12\/agencia-minas-gerais-hoje-e-o-ultimo-dia-para-inscritos-no-sucem-realizarem-a-matricula-na-rede-estadual-de-ensino\/\" aria-label=\"More on Ag\u00eancia Minas Gerais | Hoje \u00e9 o \u00faltimo dia para inscritos no Sucem realizarem a matr\u00edcula na rede estadual de ensino\">Ler mais<\/a><\/p>\n","protected":false},"author":1,"featured_media":0,"comment_status":"open","ping_status":"open","sticky":false,"template":"","format":"standard","meta":{"footnotes":""},"categories":[1],"tags":[],"class_list":["post-5667","post","type-post","status-publish","format-standard","hentry","category-sem-categoria"],"amp_enabled":true,"_links":{"self":[{"href":"https:\/\/superinteressantes.com.br\/index.php\/wp-json\/wp\/v2\/posts\/5667","targetHints":{"allow":["GET"]}}],"collection":[{"href":"https:\/\/superinteressantes.com.br\/index.php\/wp-json\/wp\/v2\/posts"}],"about":[{"href":"https:\/\/superinteressantes.com.br\/index.php\/wp-json\/wp\/v2\/types\/post"}],"author":[{"embeddable":true,"href":"https:\/\/superinteressantes.com.br\/index.php\/wp-json\/wp\/v2\/users\/1"}],"replies":[{"embeddable":true,"href":"https:\/\/superinteressantes.com.br\/index.php\/wp-json\/wp\/v2\/comments?post=5667"}],"version-history":[{"count":0,"href":"https:\/\/superinteressantes.com.br\/index.php\/wp-json\/wp\/v2\/posts\/5667\/revisions"}],"wp:attachment":[{"href":"https:\/\/superinteressantes.com.br\/index.php\/wp-json\/wp\/v2\/media?parent=5667"}],"wp:term":[{"taxonomy":"category","embeddable":true,"href":"https:\/\/superinteressantes.com.br\/index.php\/wp-json\/wp\/v2\/categories?post=5667"},{"taxonomy":"post_tag","embeddable":true,"href":"https:\/\/superinteressantes.com.br\/index.php\/wp-json\/wp\/v2\/tags?post=5667"}],"curies":[{"name":"wp","href":"https:\/\/api.w.org\/{rel}","templated":true}]}}