{"id":5666,"date":"2024-01-12T06:34:15","date_gmt":"2024-01-12T09:34:15","guid":{"rendered":"http:\/\/superinteressantes.com.br\/index.php\/2024\/01\/12\/cerimonia-de-posse-dos-membros-do-conselho-municipal-de-politicas-e-culturas-prefeitura-estancia-turistica-guaratingueta\/"},"modified":"2024-01-12T06:34:15","modified_gmt":"2024-01-12T09:34:15","slug":"cerimonia-de-posse-dos-membros-do-conselho-municipal-de-politicas-e-culturas-prefeitura-estancia-turistica-guaratingueta","status":"publish","type":"post","link":"https:\/\/superinteressantes.com.br\/index.php\/2024\/01\/12\/cerimonia-de-posse-dos-membros-do-conselho-municipal-de-politicas-e-culturas-prefeitura-estancia-turistica-guaratingueta\/","title":{"rendered":"Cerim\u00f4nia de Posse dos membros do Conselho Municipal de Pol\u00edticas e Culturas \u2013 Prefeitura Est\u00e2ncia Tur\u00edstica Guaratinguet\u00e1"},"content":{"rendered":"<p><\/p>\n<div>\n<p>Nesta \u00faltima quarta-feira (10), foi realizada a cerim\u00f4nia de posse dos novos membros do Conselho Municipal de Pol\u00edticas Culturais de Guaratinguet\u00e1 (COMCULT) para a gest\u00e3o compreendida entre os anos de 2023 e 2025.<\/p>\n<p>O evento marcou oficialmente o in\u00edcio do mandato dos conselheiros, que foram eleitos em uma elei\u00e7\u00e3o realizada no dia 6 de dezembro de 2023. Essas elei\u00e7\u00f5es foram fundamentais para a escolha dos representantes que conduzir\u00e3o as pol\u00edticas culturais no munic\u00edpio nos pr\u00f3ximos dois anos.<\/p>\n<p>A cerim\u00f4nia de posse foi um momento na qual destacou o comprometimento e a dedica\u00e7\u00e3o dos novos membros do COMCULT em contribuir para o desenvolvimento e promo\u00e7\u00e3o da cultura local.<\/p>\n<p>A administra\u00e7\u00e3o do COMCULT desempenha um papel crucial na orienta\u00e7\u00e3o e implementa\u00e7\u00e3o de pol\u00edticas culturais que atendam \u00e0s necessidades da comunidade. Dessa forma, a nova gest\u00e3o assume a responsabilidade de continuar a valoriza\u00e7\u00e3o e preserva\u00e7\u00e3o da heran\u00e7a cultural da cidade, bem como promover iniciativas inovadoras que enrique\u00e7am a vida cultural de todos os cidad\u00e3os.<\/p>\n<p>A Prefeitura Municipal de Guaratinguet\u00e1 parabeniza os novos membros do Conselho Municipal de Pol\u00edticas Culturais e expressa otimismo em rela\u00e7\u00e3o \u00e0s conquistas e avan\u00e7os que ser\u00e3o alcan\u00e7ados ao longo desta gest\u00e3o.<\/p>\n<p>Confira a lista dos conselheiros empossados: https:\/\/guaratingueta.sp.gov.br\/wp-content\/uploads\/2024\/01\/Nomeacao-dos-membros-do-Conselho-Municipal-de-Politicas-Cult.pdf<\/p>\n<p>confira todas as  fotos: https:\/\/m.facebook.com\/story.php?story_fbid=pfbid02KSLuKL9V8wUNTBfapMZfTSUeJVwC1TreWCuBwudekd53ymtyXPSRbNKdVXENfbMsl&amp;id=100064589056087&amp;mibextid=Nif5oz<\/p>\n<\/p><\/div>\n","protected":false},"excerpt":{"rendered":"<p>Nesta \u00faltima quarta-feira (10), foi realizada a cerim\u00f4nia de posse dos novos membros do Conselho Municipal de Pol\u00edticas Culturais de Guaratinguet\u00e1 (COMCULT) para a gest\u00e3o compreendida entre os anos de 2023 e 2025. O evento marcou oficialmente o in\u00edcio do mandato dos conselheiros, que foram eleitos em uma elei\u00e7\u00e3o realizada no dia 6 de dezembro &#8230; <a title=\"Cerim\u00f4nia de Posse dos membros do Conselho Municipal de Pol\u00edticas e Culturas \u2013 Prefeitura Est\u00e2ncia Tur\u00edstica Guaratinguet\u00e1\" class=\"read-more\" href=\"https:\/\/superinteressantes.com.br\/index.php\/2024\/01\/12\/cerimonia-de-posse-dos-membros-do-conselho-municipal-de-politicas-e-culturas-prefeitura-estancia-turistica-guaratingueta\/\" aria-label=\"More on Cerim\u00f4nia de Posse dos membros do Conselho Municipal de Pol\u00edticas e Culturas \u2013 Prefeitura Est\u00e2ncia Tur\u00edstica Guaratinguet\u00e1\">Ler mais<\/a><\/p>\n","protected":false},"author":1,"featured_media":0,"comment_status":"open","ping_status":"open","sticky":false,"template":"","format":"standard","meta":{"footnotes":""},"categories":[1],"tags":[],"class_list":["post-5666","post","type-post","status-publish","format-standard","hentry","category-sem-categoria"],"amp_enabled":true,"_links":{"self":[{"href":"https:\/\/superinteressantes.com.br\/index.php\/wp-json\/wp\/v2\/posts\/5666","targetHints":{"allow":["GET"]}}],"collection":[{"href":"https:\/\/superinteressantes.com.br\/index.php\/wp-json\/wp\/v2\/posts"}],"about":[{"href":"https:\/\/superinteressantes.com.br\/index.php\/wp-json\/wp\/v2\/types\/post"}],"author":[{"embeddable":true,"href":"https:\/\/superinteressantes.com.br\/index.php\/wp-json\/wp\/v2\/users\/1"}],"replies":[{"embeddable":true,"href":"https:\/\/superinteressantes.com.br\/index.php\/wp-json\/wp\/v2\/comments?post=5666"}],"version-history":[{"count":0,"href":"https:\/\/superinteressantes.com.br\/index.php\/wp-json\/wp\/v2\/posts\/5666\/revisions"}],"wp:attachment":[{"href":"https:\/\/superinteressantes.com.br\/index.php\/wp-json\/wp\/v2\/media?parent=5666"}],"wp:term":[{"taxonomy":"category","embeddable":true,"href":"https:\/\/superinteressantes.com.br\/index.php\/wp-json\/wp\/v2\/categories?post=5666"},{"taxonomy":"post_tag","embeddable":true,"href":"https:\/\/superinteressantes.com.br\/index.php\/wp-json\/wp\/v2\/tags?post=5666"}],"curies":[{"name":"wp","href":"https:\/\/api.w.org\/{rel}","templated":true}]}}