{"id":5662,"date":"2024-01-12T04:12:46","date_gmt":"2024-01-12T07:12:46","guid":{"rendered":"http:\/\/superinteressantes.com.br\/index.php\/2024\/01\/12\/prefeitura-de-cuiab-secretrio-de-sade-recebe-promotor-de-justia-para-apresentar-desafios-e-avanos\/"},"modified":"2024-01-12T04:12:46","modified_gmt":"2024-01-12T07:12:46","slug":"prefeitura-de-cuiab-secretrio-de-sade-recebe-promotor-de-justia-para-apresentar-desafios-e-avanos","status":"publish","type":"post","link":"https:\/\/superinteressantes.com.br\/index.php\/2024\/01\/12\/prefeitura-de-cuiab-secretrio-de-sade-recebe-promotor-de-justia-para-apresentar-desafios-e-avanos\/","title":{"rendered":"Prefeitura de Cuiab | Secretrio de Sade recebe promotor de Justia para apresentar desafios e avanos"},"content":{"rendered":"<p><\/p>\n<div id=\"texto\" style=\" width:100%\">\n<div itemprop=\"articleBody\" class=\"textBody\">\n<p>\u00a0O secret\u00e1rio de Sa\u00fade de Cuiab\u00e1, Deiver Teixeira, recebeu o promotor de Justi\u00e7a Milton Mattos da Silveira Neto, nesta quarta-feira (11), para apresentar desafios e solu\u00e7\u00f5es no cumprimento do Termo de Ajustamento de Conduta (TAC) firmado entre o gabinete de interven\u00e7\u00e3o e o Minist\u00e9rio P\u00fablico de Mato Grosso (MPMT).\u00a0<\/p>\n<p>O titular da 7\u00aa Promotoria de Justi\u00e7a C\u00edvel de Tutela Coletiva da Sa\u00fade de Cuiab\u00e1 informou sobre a disponibiliza\u00e7\u00e3o de R$6 milh\u00f5es em recursos para investimento em sa\u00fade mental e ouviu do secret\u00e1rio e dos secret\u00e1rios-adjuntos sobre avan\u00e7os diante de problemas encontrados ap\u00f3s o per\u00edodo intervencionista.<\/p>\n<p>\u201cN\u00f3s avaliamos a reuni\u00e3o como muito produtiva, diante de tudo aquilo que podemos avan\u00e7ar e que temos como desafio para este ano\u201d, afirmou o secret\u00e1rio Deiver Teixeira.\u00a0\u201cDa nossa parte n\u00f3s explicamos como recebemos a gest\u00e3o da sa\u00fade, falamos das nossas dificuldades e indicamos em quais pontos estamos avan\u00e7ando\u201d, completou o secret\u00e1rio.\u00a0<\/p>\n<p>O promotor apresentou sua vis\u00e3o t\u00e9cnica sobre a quest\u00e3o da Sa\u00fade em Cuiab\u00e1 e cobrou por avan\u00e7os no setor por parte da Secretaria Municipal de Sa\u00fade (SMS). Durante a visita os secret\u00e1rios tamb\u00e9m comentaram sobre a necessidade de um ambiente mais harmonioso entre todos os envolvidos na Sa\u00fade do munic\u00edpio.\u00a0<\/p>\n<p>Como orienta\u00e7\u00e3o, o promotor sugeriu que os gestores da SMS realizassem reuni\u00f5es peri\u00f3dicas com representantes do Tribunal de Justi\u00e7a de Mato Grosso (TJMT), do Tribunal de Contas do Estado (TCE) e com o Procurador Geral de Justi\u00e7a para alinhar metas e desafios dos pr\u00f3ximos meses e, se for caso, expor dificuldades.\u00a0<\/p>\n<p>Al\u00e9m do promotor Milton Mattos da Silveira Neto e do secret\u00e1rio Deiver Teixeira participaram da reuni\u00e3o o secret\u00e1rio-adjunto de Gest\u00e3o, Marcus Fabr\u00edcio, o secret\u00e1rio de Aten\u00e7\u00e3o Prim\u00e1ria, Oscarlino Alves, o secret\u00e1rio de adjunto de Aten\u00e7\u00e3o Especializada e Vigil\u00e2ncia em Sa\u00fade; Jos\u00e9 Ricardo de Amorim Santana, como secret\u00e1rio-adjunto de Aten\u00e7\u00e3o Prim\u00e1ria e Paulo R\u00f3s, secret\u00e1rio-Adjunto de Aten\u00e7\u00e3o Hospitalar e Complexo Regulador.<\/p>\n<p>\u00a0<\/p>\n<p>\u00a0<\/p>\n<p>\u00a0<\/p>\n<\/div><\/div>\n","protected":false},"excerpt":{"rendered":"<p>\u00a0O secret\u00e1rio de Sa\u00fade de Cuiab\u00e1, Deiver Teixeira, recebeu o promotor de Justi\u00e7a Milton Mattos da Silveira Neto, nesta quarta-feira (11), para apresentar desafios e solu\u00e7\u00f5es no cumprimento do Termo de Ajustamento de Conduta (TAC) firmado entre o gabinete de interven\u00e7\u00e3o e o Minist\u00e9rio P\u00fablico de Mato Grosso (MPMT).\u00a0 O titular da 7\u00aa Promotoria de &#8230; <a title=\"Prefeitura de Cuiab | Secretrio de Sade recebe promotor de Justia para apresentar desafios e avanos\" class=\"read-more\" href=\"https:\/\/superinteressantes.com.br\/index.php\/2024\/01\/12\/prefeitura-de-cuiab-secretrio-de-sade-recebe-promotor-de-justia-para-apresentar-desafios-e-avanos\/\" aria-label=\"More on Prefeitura de Cuiab | Secretrio de Sade recebe promotor de Justia para apresentar desafios e avanos\">Ler mais<\/a><\/p>\n","protected":false},"author":1,"featured_media":0,"comment_status":"open","ping_status":"open","sticky":false,"template":"","format":"standard","meta":{"footnotes":""},"categories":[1],"tags":[],"class_list":["post-5662","post","type-post","status-publish","format-standard","hentry","category-sem-categoria"],"amp_enabled":true,"_links":{"self":[{"href":"https:\/\/superinteressantes.com.br\/index.php\/wp-json\/wp\/v2\/posts\/5662","targetHints":{"allow":["GET"]}}],"collection":[{"href":"https:\/\/superinteressantes.com.br\/index.php\/wp-json\/wp\/v2\/posts"}],"about":[{"href":"https:\/\/superinteressantes.com.br\/index.php\/wp-json\/wp\/v2\/types\/post"}],"author":[{"embeddable":true,"href":"https:\/\/superinteressantes.com.br\/index.php\/wp-json\/wp\/v2\/users\/1"}],"replies":[{"embeddable":true,"href":"https:\/\/superinteressantes.com.br\/index.php\/wp-json\/wp\/v2\/comments?post=5662"}],"version-history":[{"count":0,"href":"https:\/\/superinteressantes.com.br\/index.php\/wp-json\/wp\/v2\/posts\/5662\/revisions"}],"wp:attachment":[{"href":"https:\/\/superinteressantes.com.br\/index.php\/wp-json\/wp\/v2\/media?parent=5662"}],"wp:term":[{"taxonomy":"category","embeddable":true,"href":"https:\/\/superinteressantes.com.br\/index.php\/wp-json\/wp\/v2\/categories?post=5662"},{"taxonomy":"post_tag","embeddable":true,"href":"https:\/\/superinteressantes.com.br\/index.php\/wp-json\/wp\/v2\/tags?post=5662"}],"curies":[{"name":"wp","href":"https:\/\/api.w.org\/{rel}","templated":true}]}}