{"id":5525,"date":"2024-01-08T12:23:37","date_gmt":"2024-01-08T15:23:37","guid":{"rendered":"http:\/\/superinteressantes.com.br\/index.php\/2024\/01\/08\/inscricoes-para-o-curso-de-ferias-do-parque-da-agua-vermelha-podem-ser-feitas-a-partir-desta-sexta-feira-12-noticias\/"},"modified":"2024-01-08T12:23:37","modified_gmt":"2024-01-08T15:23:37","slug":"inscricoes-para-o-curso-de-ferias-do-parque-da-agua-vermelha-podem-ser-feitas-a-partir-desta-sexta-feira-12-noticias","status":"publish","type":"post","link":"https:\/\/superinteressantes.com.br\/index.php\/2024\/01\/08\/inscricoes-para-o-curso-de-ferias-do-parque-da-agua-vermelha-podem-ser-feitas-a-partir-desta-sexta-feira-12-noticias\/","title":{"rendered":"Inscri\u00e7\u00f5es para o curso de f\u00e9rias do Parque da \u00c1gua Vermelha podem ser feitas a partir desta sexta-feira (12) \u2013 Noticias"},"content":{"rendered":"<p><\/p>\n<div>\n<p><strong>Por: Mariana Campos<\/strong><\/p>\n<p>A Prefeitura de Sorocaba, por meio da Secretaria do Meio Ambiente, Prote\u00e7\u00e3o e Bem-Estar Animal (Sema) e o Servi\u00e7o Aut\u00f4nomo de \u00c1gua e Esgoto (Saae), recebe, a partir desta sexta-feira (12), das 8h30 \u00e0s 12h30, as inscri\u00e7\u00f5es para o curso de f\u00e9rias \u201cGuardi\u00f5es da Natureza\u201d, voltado a crian\u00e7as de seis a nove anos, no Parque da \u00c1gua Vermelha \u201cJo\u00e3o C\u00e2ncio Pereira\u201d.<\/p>\n<p>Promovido com apoio do Corpo de Bombeiros, da Pol\u00edcia Ambiental, do Cons\u00f3rcio Sorocaba Ambiental e do curso de Odontologia da Faculdade Anhanguera Sorocaba, o curso de f\u00e9rias ocorrer\u00e1 na pr\u00f3xima semana, de 16 a 19 de janeiro, das 8h \u00e0s 12h, no Parque da \u00c1gua Vermelha.<\/p>\n<p>O objetivo da programa\u00e7\u00e3o, que contar\u00e1 com teatro, oficinas, trilhas, brincadeiras, jogos, entre outras atividades especiais, \u00e9 proporcionar a conex\u00e3o entre as crian\u00e7as e tamb\u00e9m dos pequenos com a natureza, al\u00e9m de apresentar a elas os chamados \u201cguardi\u00f5es da natureza\u201d, que s\u00e3o todos aqueles que atuam para a conserva\u00e7\u00e3o das florestas e \u00e1reas verdes, atuando de diferentes formas, tais como controlando pragas, plantando \u00e1rvores, protegendo as florestas e protegendo as \u00e1guas.<\/p>\n<p>Os pais ou respons\u00e1veis dever\u00e3o inscrever as crian\u00e7as, nos dias 12 e 13 de janeiro, das 8h30 \u00e0s 12h30, no Parque da \u00c1gua Vermelha, com um documento da crian\u00e7a. Ser\u00e3o oferecidas 40 vagas, que ser\u00e3o preenchidas por ordem de chegada.<\/p>\n<p>O Parque da \u00c1gua Vermelha est\u00e1 localizado na Rua Rom\u00e2nia, 150, no Jardim Europa. Mais informa\u00e7\u00f5es podem ser obtidas de segunda a sexta-feira, das 8h \u00e0s 16h, pelo e-mail: sema@sorocaba.sp.gov.br ou pelo telefone: (15) 3219-2280.<\/p>\n<\/p><\/div>\n","protected":false},"excerpt":{"rendered":"<p>Por: Mariana Campos A Prefeitura de Sorocaba, por meio da Secretaria do Meio Ambiente, Prote\u00e7\u00e3o e Bem-Estar Animal (Sema) e o Servi\u00e7o Aut\u00f4nomo de \u00c1gua e Esgoto (Saae), recebe, a partir desta sexta-feira (12), das 8h30 \u00e0s 12h30, as inscri\u00e7\u00f5es para o curso de f\u00e9rias \u201cGuardi\u00f5es da Natureza\u201d, voltado a crian\u00e7as de seis a nove &#8230; <a title=\"Inscri\u00e7\u00f5es para o curso de f\u00e9rias do Parque da \u00c1gua Vermelha podem ser feitas a partir desta sexta-feira (12) \u2013 Noticias\" class=\"read-more\" href=\"https:\/\/superinteressantes.com.br\/index.php\/2024\/01\/08\/inscricoes-para-o-curso-de-ferias-do-parque-da-agua-vermelha-podem-ser-feitas-a-partir-desta-sexta-feira-12-noticias\/\" aria-label=\"More on Inscri\u00e7\u00f5es para o curso de f\u00e9rias do Parque da \u00c1gua Vermelha podem ser feitas a partir desta sexta-feira (12) \u2013 Noticias\">Ler mais<\/a><\/p>\n","protected":false},"author":1,"featured_media":0,"comment_status":"open","ping_status":"open","sticky":false,"template":"","format":"standard","meta":{"footnotes":""},"categories":[1],"tags":[],"class_list":["post-5525","post","type-post","status-publish","format-standard","hentry","category-sem-categoria"],"amp_enabled":true,"_links":{"self":[{"href":"https:\/\/superinteressantes.com.br\/index.php\/wp-json\/wp\/v2\/posts\/5525","targetHints":{"allow":["GET"]}}],"collection":[{"href":"https:\/\/superinteressantes.com.br\/index.php\/wp-json\/wp\/v2\/posts"}],"about":[{"href":"https:\/\/superinteressantes.com.br\/index.php\/wp-json\/wp\/v2\/types\/post"}],"author":[{"embeddable":true,"href":"https:\/\/superinteressantes.com.br\/index.php\/wp-json\/wp\/v2\/users\/1"}],"replies":[{"embeddable":true,"href":"https:\/\/superinteressantes.com.br\/index.php\/wp-json\/wp\/v2\/comments?post=5525"}],"version-history":[{"count":0,"href":"https:\/\/superinteressantes.com.br\/index.php\/wp-json\/wp\/v2\/posts\/5525\/revisions"}],"wp:attachment":[{"href":"https:\/\/superinteressantes.com.br\/index.php\/wp-json\/wp\/v2\/media?parent=5525"}],"wp:term":[{"taxonomy":"category","embeddable":true,"href":"https:\/\/superinteressantes.com.br\/index.php\/wp-json\/wp\/v2\/categories?post=5525"},{"taxonomy":"post_tag","embeddable":true,"href":"https:\/\/superinteressantes.com.br\/index.php\/wp-json\/wp\/v2\/tags?post=5525"}],"curies":[{"name":"wp","href":"https:\/\/api.w.org\/{rel}","templated":true}]}}