{"id":5524,"date":"2024-01-08T11:36:17","date_gmt":"2024-01-08T14:36:17","guid":{"rendered":"http:\/\/superinteressantes.com.br\/index.php\/2024\/01\/08\/prefeitura-de-cuiab-8-de-janeiro-um-dia-para-ser-lembrado\/"},"modified":"2024-01-08T11:36:17","modified_gmt":"2024-01-08T14:36:17","slug":"prefeitura-de-cuiab-8-de-janeiro-um-dia-para-ser-lembrado","status":"publish","type":"post","link":"https:\/\/superinteressantes.com.br\/index.php\/2024\/01\/08\/prefeitura-de-cuiab-8-de-janeiro-um-dia-para-ser-lembrado\/","title":{"rendered":"Prefeitura de Cuiab | 8 de janeiro, um dia para ser lembrado"},"content":{"rendered":"<p><\/p>\n<div itemprop=\"articleBody\">\n<p>Nasci em 1965, a Ditadura Militar (1964 \u2013 1985) engatinhava. Sou cuiabano da rua Joaquim Murtinho com Major Gama, no Porto. Perdi meu pai aos nove anos. Pol\u00edtico devotado \u00e0s causas e anseios dos menos favorecidos. Decidi trilhar seus passos e fazer de Cuiab\u00e1 e Mato Grosso lugares melhores para todos; assim, aos 23 anos, fui eleito vereador no renascimento da Democracia no Brasil. Apesar de n\u00e3o ter vivido as Agruras do Regime Militar por ser muito novo, minha forma\u00e7\u00e3o em Direito me ensinou a essencialidade dos valores democr\u00e1ticos. H\u00e1 um ano, o pa\u00eds reviveu o pesadelo da instabilidade pol\u00edtica, extremistas tentaram um golpe contra o Estado Democr\u00e1tico de Direito. Ruy Barbosa vaticinou: \u201cA pior Democracia \u00e9 prefer\u00edvel \u00e0 melhor das ditaduras\u201d.\u00a0 Por isso, hoje, o Presidente Lula convidou todos os governadores e representantes dos demais poderes para reafirmarem o perene compromisso da na\u00e7\u00e3o brasileira com os ideais libert\u00e1rios.\u00a0<\/p>\n<p>Infelizmente, vivemos em um pa\u00eds divido. Vencedores e vencidos digladiam-se insanamente n\u00e3o apenas no Congresso Nacional mas tamb\u00e9m nos lares, no trabalho, nas mesas de bares do Brasil: n\u00e3o h\u00e1 debates de ideias; persevera o \u00f3dio. Isso \u00e9 muito perigoso, da\u00ed a import\u00e2ncia deste encontro de governantes em Bras\u00edlia. O Presidente Lula quer unificar a na\u00e7\u00e3o, mas para isso necessita especialmente da manifesta\u00e7\u00e3o dos representantes dos estados brasileiros pela lideran\u00e7a e influ\u00eancia que possuem junto \u00e0 popula\u00e7\u00e3o. Os 27 governadores deveriam estar em Bras\u00edlia hoje.<\/p>\n<p>Em um processo eleitoral marcado pelas Fake News, ali\u00e1s, que continuam, o Presidente Lula, no segundo turno, obteve 60.345.999 (50,90%) votos e Bolsonaro, 58.206.354 (49,10%). Essa diferen\u00e7a \u00ednfima j\u00e1 seria suficiente para explicar a divis\u00e3o que reina no Brasil; somada a ela, tivemos 1.769.678 (1,43%) de votos em branco e 3.930.765 (3,16%) de votos nulos, al\u00e9m de 2.200.558 (20,58%) que se abstiveram de exercer o direito de escolha, ou seja, mais de 25% dos eleitores brasileiros \u201cprotestam\u201d contra o sufr\u00e1gio universal garantido pela Constitui\u00e7\u00e3o de 1988. Em Mato Grosso, Bolsonaro ganhou em 123 dos 141 munic\u00edpios e Lula em apenas 18. Jair Bolsonaro teve 65.08% dos votos v\u00e1lidos e Lula 35,92%. Por\u00e9m, as elei\u00e7\u00f5es terminaram e o eleito foi Lula, apesar de derrotado no nosso estado.\u00a0 Em tr\u00eas anos, o povo brasileiro poder\u00e1 avaliar nas urnas a gest\u00e3o do presidente democraticamente eleito. 0 8 de janeiro \u00e9 inaceit\u00e1vel: j\u00e1 vivemos as sombras do regime de exce\u00e7\u00e3o (64 \u2013 85), os horrores da ditadura; agora, \u00e9 mister que solidifiquemos os pilares da democracia.<\/p>\n<p>Em 510 a.C., o aristocrata grego Cl\u00edstenes liderou uma revolta popular contra o tirano H\u00edpias e criou a Democracia dividindo Atenas em 10 \u201cdemos\u201d e permitindo que atenienses homens, maiores de 18 anos e livres exercerem o voto direto nas Ecl\u00e9sias ou Assembleias do povo; tamb\u00e9m instituiu o Ostracismo (banimento \u00e0queles que atentassem contra a Democracia) e, com isso, perpetrou o processo democr\u00e1tico na p\u00f3lis grega. Atualmente, o Ministro do STF, Alexandre de Moraes, apena os golpistas do 8 de janeiro. N\u00e3o obstante, acredito na tentativa do Presidente Lula em apaziguar a na\u00e7\u00e3o e\u00a0 consolidar a Democracia seja mais eficaz e revela o estadista que o Brasil tanto necessita que o fortalecimento do Estado Democr\u00e1tico de Direito e da Rep\u00fablica nos moldes exarados por Ruy Barbosa no in\u00edcio do s\u00e9culo passado: &#8220;A Rep\u00fablica n\u00e3o precisa de fazer-se terr\u00edvel, mas de ser am\u00e1vel; n\u00e3o deve perseguir, mas conciliar; n\u00e3o carece de vingar-se, mas de esquecer; n\u00e3o tem que se coser na pele das antigas rea\u00e7\u00f5es, mas que alargar e consolidar a liberdade.&#8221;<\/p>\n<p>\u00a0<\/p>\n<p><strong>\u00a0<\/strong><\/p>\n<\/div>\n","protected":false},"excerpt":{"rendered":"<p>Nasci em 1965, a Ditadura Militar (1964 \u2013 1985) engatinhava. Sou cuiabano da rua Joaquim Murtinho com Major Gama, no Porto. Perdi meu pai aos nove anos. Pol\u00edtico devotado \u00e0s causas e anseios dos menos favorecidos. Decidi trilhar seus passos e fazer de Cuiab\u00e1 e Mato Grosso lugares melhores para todos; assim, aos 23 anos, &#8230; <a title=\"Prefeitura de Cuiab | 8 de janeiro, um dia para ser lembrado\" class=\"read-more\" href=\"https:\/\/superinteressantes.com.br\/index.php\/2024\/01\/08\/prefeitura-de-cuiab-8-de-janeiro-um-dia-para-ser-lembrado\/\" aria-label=\"More on Prefeitura de Cuiab | 8 de janeiro, um dia para ser lembrado\">Ler mais<\/a><\/p>\n","protected":false},"author":1,"featured_media":0,"comment_status":"open","ping_status":"open","sticky":false,"template":"","format":"standard","meta":{"footnotes":""},"categories":[1],"tags":[],"class_list":["post-5524","post","type-post","status-publish","format-standard","hentry","category-sem-categoria"],"amp_enabled":true,"_links":{"self":[{"href":"https:\/\/superinteressantes.com.br\/index.php\/wp-json\/wp\/v2\/posts\/5524","targetHints":{"allow":["GET"]}}],"collection":[{"href":"https:\/\/superinteressantes.com.br\/index.php\/wp-json\/wp\/v2\/posts"}],"about":[{"href":"https:\/\/superinteressantes.com.br\/index.php\/wp-json\/wp\/v2\/types\/post"}],"author":[{"embeddable":true,"href":"https:\/\/superinteressantes.com.br\/index.php\/wp-json\/wp\/v2\/users\/1"}],"replies":[{"embeddable":true,"href":"https:\/\/superinteressantes.com.br\/index.php\/wp-json\/wp\/v2\/comments?post=5524"}],"version-history":[{"count":0,"href":"https:\/\/superinteressantes.com.br\/index.php\/wp-json\/wp\/v2\/posts\/5524\/revisions"}],"wp:attachment":[{"href":"https:\/\/superinteressantes.com.br\/index.php\/wp-json\/wp\/v2\/media?parent=5524"}],"wp:term":[{"taxonomy":"category","embeddable":true,"href":"https:\/\/superinteressantes.com.br\/index.php\/wp-json\/wp\/v2\/categories?post=5524"},{"taxonomy":"post_tag","embeddable":true,"href":"https:\/\/superinteressantes.com.br\/index.php\/wp-json\/wp\/v2\/tags?post=5524"}],"curies":[{"name":"wp","href":"https:\/\/api.w.org\/{rel}","templated":true}]}}