{"id":5519,"date":"2024-01-08T07:31:59","date_gmt":"2024-01-08T10:31:59","guid":{"rendered":"http:\/\/superinteressantes.com.br\/index.php\/2024\/01\/08\/melhoria-no-abastecimento-de-agua-beneficia-regioes-leste-e-sudeste\/"},"modified":"2024-01-08T07:31:59","modified_gmt":"2024-01-08T10:31:59","slug":"melhoria-no-abastecimento-de-agua-beneficia-regioes-leste-e-sudeste","status":"publish","type":"post","link":"https:\/\/superinteressantes.com.br\/index.php\/2024\/01\/08\/melhoria-no-abastecimento-de-agua-beneficia-regioes-leste-e-sudeste\/","title":{"rendered":"Melhoria no abastecimento de \u00e1gua beneficia regi\u00f5es leste e sudeste"},"content":{"rendered":"<p><\/p>\n<div>\n<p><b\/><br \/>&#13;<br \/>\n&#13;<br \/>\n                <span style=\"font-weight: bold;\">Secretaria de Governan\u00e7a<\/span><\/p>\n<p><span style=\"font-weight: 400;\">A Sabesp entregou nesta quinta-feira (4) a nova adutora de \u00e1gua tratada do sistema Tatetuba e obras complementares que aumentam a disponibilidade h\u00eddrica do sistema integrado de abastecimento que atende as regi\u00f5es sudeste e leste de S\u00e3o Jos\u00e9 dos Campos. A cerim\u00f4nia foi realizada no novo reservat\u00f3rio do Cajuru. Participaram do evento o governador em exerc\u00edcio, Felicio Ramuth, e representantes da Prefeitura e C\u00e2mara Municipal.<\/span><\/p>\n<p><span style=\"font-weight: 400;\">Os investimentos da companhia superam R$ 52 milh\u00f5es nesses empreendimentos, que j\u00e1 est\u00e3o em pr\u00e9-opera\u00e7\u00e3o e v\u00e3o beneficiar aproximadamente 270 mil pessoas de mais de 125 bairros, o equivalente a 39% da popula\u00e7\u00e3o da cidade.<\/span><\/p>\n<p><span style=\"font-weight: 400;\">A implanta\u00e7\u00e3o da adutora foi iniciada em outubro e faz parte do plano para garantir regularidade no abastecimento de \u00e1gua aos bairros mais distantes do centro. S\u00e3o mais de 2 quil\u00f4metros de tubula\u00e7\u00e3o, que v\u00e3o transferir 100 litros de \u00e1gua por segundo, ampliando em 33% a vaz\u00e3o enviada para a regi\u00e3o leste.<\/span><\/p>\n<p><span style=\"font-weight: 400;\">Para ampliar a disponibilidade h\u00eddrica para as regi\u00f5es leste e sudeste, com redu\u00e7\u00e3o de perdas, e garantir regularidade no abastecimento tamb\u00e9m para os novos loteamentos, a empresa realizou ainda a constru\u00e7\u00e3o de adutora no Cajuru, com mais de 3 quil\u00f4metros de extens\u00e3o, a esta\u00e7\u00e3o elevat\u00f3ria de \u00e1gua tratada e adutora no Jardim da Granja, o reservat\u00f3rio do Cajuru, com capacidade para 1 milh\u00e3o de litros, al\u00e9m de uma esta\u00e7\u00e3o elevat\u00f3ria, que permitir\u00e1 mais \u00e1gua para o reservat\u00f3rio do Santa J\u00falia.<\/span><\/p>\n<p><span class=\"intertitulo\">Investimentos\u00a0<\/span><\/p>\n<p><span style=\"font-weight: 400;\">A Sabesp est\u00e1 realizando uma s\u00e9rie de investimentos em S\u00e3o Jos\u00e9 dos Campos. Ainda neste trimestre, est\u00e3o previstos mais de R$ 35 milh\u00f5es para a regi\u00e3o sul, com a constru\u00e7\u00e3o de quase 7 quil\u00f4metros de adutora de \u00e1gua tratada e uma esta\u00e7\u00e3o elevat\u00f3ria para refor\u00e7ar o abastecimento. As obras devem ser entregues at\u00e9 dezembro.<\/span><\/p>\n<p><span style=\"font-weight: 400;\">At\u00e9 abril, devem ser\u00a0 iniciadas as obras de implanta\u00e7\u00e3o de adutora, esta\u00e7\u00e3o elevat\u00f3ria de \u00e1gua tratada e reservat\u00f3rio com capacidade de 4,1 milh\u00f5es de litros na regi\u00e3o oeste, com o objetivo de refor\u00e7ar a transfer\u00eancia de \u00e1gua entre as regi\u00f5es oeste e sul e ampliar a reserva\u00e7\u00e3o. Nesse pacote, o aporte ser\u00e1 de R$ 27,2 milh\u00f5es.<\/span><\/p>\n<p><span style=\"font-weight: 400;\">Segundo a Sabesp, esses investimentos, previstos at\u00e9 2026, foram antecipados para os anos anteriores, visando a melhoria do sistema de abastecimento de S\u00e3o Jos\u00e9 dos Campos. Entre a\u00e7\u00f5es operacionais e obras estruturantes, a companhia vai investir mais de R$ 131 milh\u00f5es no munic\u00edpio.<\/span><\/p>\n<p>&#13;<br \/>\n                        <strong>MAIS NOT\u00cdCIAS<\/strong><br \/>&#13;<br \/>\n                        Secretaria de Governan\u00e7a&#13;\n                    <\/p>\n<\/p><\/div>\n","protected":false},"excerpt":{"rendered":"<p>&#13; &#13; Secretaria de Governan\u00e7a A Sabesp entregou nesta quinta-feira (4) a nova adutora de \u00e1gua tratada do sistema Tatetuba e obras complementares que aumentam a disponibilidade h\u00eddrica do sistema integrado de abastecimento que atende as regi\u00f5es sudeste e leste de S\u00e3o Jos\u00e9 dos Campos. A cerim\u00f4nia foi realizada no novo reservat\u00f3rio do Cajuru. Participaram &#8230; <a title=\"Melhoria no abastecimento de \u00e1gua beneficia regi\u00f5es leste e sudeste\" class=\"read-more\" href=\"https:\/\/superinteressantes.com.br\/index.php\/2024\/01\/08\/melhoria-no-abastecimento-de-agua-beneficia-regioes-leste-e-sudeste\/\" aria-label=\"More on Melhoria no abastecimento de \u00e1gua beneficia regi\u00f5es leste e sudeste\">Ler mais<\/a><\/p>\n","protected":false},"author":1,"featured_media":0,"comment_status":"open","ping_status":"open","sticky":false,"template":"","format":"standard","meta":{"footnotes":""},"categories":[1],"tags":[],"class_list":["post-5519","post","type-post","status-publish","format-standard","hentry","category-sem-categoria"],"amp_enabled":true,"_links":{"self":[{"href":"https:\/\/superinteressantes.com.br\/index.php\/wp-json\/wp\/v2\/posts\/5519","targetHints":{"allow":["GET"]}}],"collection":[{"href":"https:\/\/superinteressantes.com.br\/index.php\/wp-json\/wp\/v2\/posts"}],"about":[{"href":"https:\/\/superinteressantes.com.br\/index.php\/wp-json\/wp\/v2\/types\/post"}],"author":[{"embeddable":true,"href":"https:\/\/superinteressantes.com.br\/index.php\/wp-json\/wp\/v2\/users\/1"}],"replies":[{"embeddable":true,"href":"https:\/\/superinteressantes.com.br\/index.php\/wp-json\/wp\/v2\/comments?post=5519"}],"version-history":[{"count":0,"href":"https:\/\/superinteressantes.com.br\/index.php\/wp-json\/wp\/v2\/posts\/5519\/revisions"}],"wp:attachment":[{"href":"https:\/\/superinteressantes.com.br\/index.php\/wp-json\/wp\/v2\/media?parent=5519"}],"wp:term":[{"taxonomy":"category","embeddable":true,"href":"https:\/\/superinteressantes.com.br\/index.php\/wp-json\/wp\/v2\/categories?post=5519"},{"taxonomy":"post_tag","embeddable":true,"href":"https:\/\/superinteressantes.com.br\/index.php\/wp-json\/wp\/v2\/tags?post=5519"}],"curies":[{"name":"wp","href":"https:\/\/api.w.org\/{rel}","templated":true}]}}