{"id":5518,"date":"2024-01-08T06:44:36","date_gmt":"2024-01-08T09:44:36","guid":{"rendered":"http:\/\/superinteressantes.com.br\/index.php\/2024\/01\/08\/prefeitura-de-cuiab-prefeito-e-primeira-dama-lamentam-morte-de-ex-deputado-pedro-satlite\/"},"modified":"2024-01-08T06:44:36","modified_gmt":"2024-01-08T09:44:36","slug":"prefeitura-de-cuiab-prefeito-e-primeira-dama-lamentam-morte-de-ex-deputado-pedro-satlite","status":"publish","type":"post","link":"https:\/\/superinteressantes.com.br\/index.php\/2024\/01\/08\/prefeitura-de-cuiab-prefeito-e-primeira-dama-lamentam-morte-de-ex-deputado-pedro-satlite\/","title":{"rendered":"Prefeitura de Cuiab | Prefeito e primeira-dama lamentam morte de ex-deputado Pedro Satlite"},"content":{"rendered":"<p><\/p>\n<div id=\"texto\" style=\" width:100%\">\n<div itemprop=\"articleBody\" class=\"textBody\">\n<p>O prefeito Emanuel Pinheiro e a primeira-dama M\u00e1rcia Pinheiro lamentam a morte do ex-deputado Pedro Sat\u00e9lite, falecido na madrugada desta sexta-feira (05), v\u00edtima de c\u00e2ncer no p\u00e2ncreas. O ex-deputado estava internado no Hospital S\u00e3o Mateus em Cuiab\u00e1. Ele deixa esposa e quatro filhos.\u00a0<\/p>\n<p>O vel\u00f3rio ser\u00e1 no teatro Zulmira Canavarros a partir das 8h30 e o sepultamento ser\u00e1 no Cemit\u00e9rio Parque Bom Jesus \u00e0s 17h30. Emanuel Pinheiro e Pedro Sat\u00e9lite atuaram juntos na Assembleia Legislativa de Mato Grosso (ALMT) a partir de 2012, inclusive trabalhando na viabiliza\u00e7\u00e3o de emendas que facilitaram reformas de escolas e unidades de sa\u00fade no estado.\u00a0<\/p>\n<p>\u201cPerdemos uma figura pol\u00edtica muito importante para o estado e um pioneiro no ramo de transportes em Mato Grosso, um homem que lutou dia e noite para melhorar a infraestrutura do estado, algu\u00e9m que com certeza deixar\u00e1 saudades em nossos cora\u00e7\u00f5es\u201d, afirmou o prefeito Emanuel Pinheiro.\u00a0<\/p>\n<p>A primeira-dama M\u00e1rcia Pinheiro afirmou que colocar\u00e1 o nome de Pedro Sat\u00e9lite e seus familiares em suas ora\u00e7\u00f5es.\u00a0<\/p>\n<p>\u201cGostar\u00edamos de expressar nossas condol\u00eancias aos familiares e amigos, a dor de uma perda \u00e9 sempre muito maior do que podemos imaginar, somente Deus pode aplacar esse sentimento\u201d, afirmou M\u00e1rcia.\u00a0<\/p>\n<p>\u00a0<\/p>\n<p>\u00a0<\/p>\n<p>\u00a0<\/p>\n<p>\u00a0<\/p>\n<p>\u00a0<\/p>\n<p>\u00a0<\/p>\n<\/div><\/div>\n","protected":false},"excerpt":{"rendered":"<p>O prefeito Emanuel Pinheiro e a primeira-dama M\u00e1rcia Pinheiro lamentam a morte do ex-deputado Pedro Sat\u00e9lite, falecido na madrugada desta sexta-feira (05), v\u00edtima de c\u00e2ncer no p\u00e2ncreas. O ex-deputado estava internado no Hospital S\u00e3o Mateus em Cuiab\u00e1. Ele deixa esposa e quatro filhos.\u00a0 O vel\u00f3rio ser\u00e1 no teatro Zulmira Canavarros a partir das 8h30 e &#8230; <a title=\"Prefeitura de Cuiab | Prefeito e primeira-dama lamentam morte de ex-deputado Pedro Satlite\" class=\"read-more\" href=\"https:\/\/superinteressantes.com.br\/index.php\/2024\/01\/08\/prefeitura-de-cuiab-prefeito-e-primeira-dama-lamentam-morte-de-ex-deputado-pedro-satlite\/\" aria-label=\"More on Prefeitura de Cuiab | Prefeito e primeira-dama lamentam morte de ex-deputado Pedro Satlite\">Ler mais<\/a><\/p>\n","protected":false},"author":1,"featured_media":0,"comment_status":"open","ping_status":"open","sticky":false,"template":"","format":"standard","meta":{"footnotes":""},"categories":[1],"tags":[],"class_list":["post-5518","post","type-post","status-publish","format-standard","hentry","category-sem-categoria"],"amp_enabled":true,"_links":{"self":[{"href":"https:\/\/superinteressantes.com.br\/index.php\/wp-json\/wp\/v2\/posts\/5518","targetHints":{"allow":["GET"]}}],"collection":[{"href":"https:\/\/superinteressantes.com.br\/index.php\/wp-json\/wp\/v2\/posts"}],"about":[{"href":"https:\/\/superinteressantes.com.br\/index.php\/wp-json\/wp\/v2\/types\/post"}],"author":[{"embeddable":true,"href":"https:\/\/superinteressantes.com.br\/index.php\/wp-json\/wp\/v2\/users\/1"}],"replies":[{"embeddable":true,"href":"https:\/\/superinteressantes.com.br\/index.php\/wp-json\/wp\/v2\/comments?post=5518"}],"version-history":[{"count":0,"href":"https:\/\/superinteressantes.com.br\/index.php\/wp-json\/wp\/v2\/posts\/5518\/revisions"}],"wp:attachment":[{"href":"https:\/\/superinteressantes.com.br\/index.php\/wp-json\/wp\/v2\/media?parent=5518"}],"wp:term":[{"taxonomy":"category","embeddable":true,"href":"https:\/\/superinteressantes.com.br\/index.php\/wp-json\/wp\/v2\/categories?post=5518"},{"taxonomy":"post_tag","embeddable":true,"href":"https:\/\/superinteressantes.com.br\/index.php\/wp-json\/wp\/v2\/tags?post=5518"}],"curies":[{"name":"wp","href":"https:\/\/api.w.org\/{rel}","templated":true}]}}