{"id":5517,"date":"2024-01-08T05:10:22","date_gmt":"2024-01-08T08:10:22","guid":{"rendered":"http:\/\/superinteressantes.com.br\/index.php\/2024\/01\/08\/sao-paulo-tem-um-dos-maiores-patrimonios-naturais-em-cavernas-do-pais\/"},"modified":"2024-01-08T05:10:22","modified_gmt":"2024-01-08T08:10:22","slug":"sao-paulo-tem-um-dos-maiores-patrimonios-naturais-em-cavernas-do-pais","status":"publish","type":"post","link":"https:\/\/superinteressantes.com.br\/index.php\/2024\/01\/08\/sao-paulo-tem-um-dos-maiores-patrimonios-naturais-em-cavernas-do-pais\/","title":{"rendered":"S\u00e3o Paulo tem um dos maiores patrim\u00f4nios naturais em cavernas do pa\u00eds"},"content":{"rendered":"<p><img decoding=\"async\" src=\"https:\/\/www.saopaulo.sp.gov.br\/wp-content\/uploads\/2024\/01\/SP-tem-um-dos-maiores-patrimonios-naturais-em-cavernas-do-pais.jpeg\" \/><\/p>\n<div id=\"\">&#13;<\/p>\n<figure id=\"attachment_5797850\" style=\"width: 100%;max-width: 772px\" class=\"wp-caption alignnone\"><figcaption class=\"wp-caption-text\">Cavernas em SP<\/figcaption><\/figure>\n<p>Forma\u00e7\u00f5es impressionantes, esculpidas pela a\u00e7\u00e3o do vento, da \u00e1gua e do tempo, as cavernas exercem fasc\u00ednio em quem as conhece. O Estado de S\u00e3o Paulo abriga n\u00e3o apenas o segundo maior conjunto de s\u00edtios espeleol\u00f3gicos, nome cient\u00edfico para as \u00e1reas com cavidades subterr\u00e2neas naturais, como a mais conhecida \u2013 a m\u00edtica Caverna do Diabo \u2013 e a maior concentra\u00e7\u00e3o em uma \u00fanica Unidade de Conserva\u00e7\u00e3o (UC), no Parque Estadual Tur\u00edstico do Alto do Ribeira (Petar), tombadas como Patrim\u00f4nio da Humanidade pela Unesco.<\/p>\n<p>Ao todo, s\u00e3o 718 s\u00edtios catalogados pela Secretaria do Meio Ambiente, Infraestrutura e Log\u00edstica\u00a0(Semil), cerca de 12,5% do total no Brasil, e a maioria \u00e9 acess\u00edvel para o turismo ecol\u00f3gico e de aventura.<\/p>\n<p>Considerada pelos visitantes como \u201ca oitava maravilha do mundo\u201d, a Caverna do Diabo \u00e9 o cen\u00e1rio de lendas e mitos desde que era frequentada apenas por ind\u00edgenas e quilombolas. A origem do nome \u00e9 devido ao formato do topo da caverna: o conjunto de sal\u00f5es tem um formato semelhante a um cr\u00e2nio e a luz que penetra no espa\u00e7o forma dois \u201colhos\u201d vermelhos.<\/p>\n<p>Localizada na Est\u00e2ncia Tur\u00edstica de Eldorado, no Parque Estadual de Jacupiranga \u2013 um mosaico de Unidades de Conserva\u00e7\u00e3o (UCs) com mais de 40 mil hectares \u2013 tem cerca de\u00a06,5 mil metros de extens\u00e3o, dos quais aproximadamente 700 est\u00e3o abertos para visita\u00e7\u00e3o. No percurso, \u00e9 poss\u00edvel percorrer os sal\u00f5es com estalagmites e outros espeleotemas, formados pela evapora\u00e7\u00e3o do Rio das Ostras na pedra calc\u00e1ria.<\/p>\n<figure id=\"attachment_5797849\" style=\"width: 100%;max-width: 772px\" class=\"wp-caption alignnone\"><figcaption class=\"wp-caption-text\">Cavernas em SP<\/figcaption><\/figure>\n<p>Atravessando a Caverna do Diabo, h\u00e1 outro atrativo cujo nome \u00e9 a ant\u00edtese da caverna: a cachoeira do Meu Deus, que recebeu esse nome pela impressionante queda d\u2019\u00e1gua de 53 metros de altura, equivalente a um pr\u00e9dio de 18 andares, pr\u00f3xima a uma das duas entradas da caverna. Em uma trilha de acesso para a cachoeira, com dificuldade m\u00e9dia (uma hora), h\u00e1 piscinas naturais e tr\u00eas quedas menores. J\u00e1 na trilha mais extensa e dif\u00edcil, com cinco horas de dura\u00e7\u00e3o pelo Vale das Ostras, s\u00e3o 11 quedas.<\/p>\n<p>J\u00e1 o Petar tem a maior concentra\u00e7\u00e3o de cavernas do pa\u00eds: s\u00e3o 441 no munic\u00edpio de Iporanga e mais 80 em Apia\u00ed, em uma \u00e1rea de 35 mil hectares de Mata Atl\u00e2ntica preservada no sul do Estado.<\/p>\n<p>O parque \u00e9 dividido em quatro n\u00facleos: Santana, Caboclos, Casa de Pedra e Ouro Grosso, que somam 12 cavernas abertas ao p\u00fablico. Uma delas \u00e9 a Casa da Pedra, que tem o maior p\u00f3rtico de entrada do mundo de acordo com o\u00a0<i>Gu<\/i><i>inness Book<\/i>, com 215 metros de altura.<\/p>\n<p>Al\u00e9m do patrim\u00f4nio natural e da beleza c\u00eanica das cavernas em si, os caminhos at\u00e9 elas s\u00e3o espet\u00e1culos \u00e0 parte: trilhas; pared\u00f5es rochosos que superam 100 metros de altura; cachoeiras; points perfeitos para a pr\u00e1tica de canoagem, bicicross, trekking e outros esportes de aventura, al\u00e9m de muitos exemplares da flora end\u00eamicos da Mata Atl\u00e2ntica.<\/p>\n<figure id=\"attachment_5797828\" style=\"width: 100%;max-width: 772px\" class=\"wp-caption alignnone caption-hide\"><\/figure>\n<p>\u00a0<\/p>\n<p><b>Janelas do passado<\/b><\/p>\n<p><b> <\/b>Muitas destas cavernas, formadas h\u00e1 aproximadamente 600 milh\u00f5es de anos, tamb\u00e9m apresentam registros da ocupa\u00e7\u00e3o humana, como resqu\u00edcios de sepultamentos ind\u00edgenas, al\u00e9m de f\u00f3sseis de animais pr\u00e9-hist\u00f3ricos.<\/p>\n<p>\u201cAs cavernas s\u00e3o janelas para um per\u00edodo antigo, anterior \u00e0 exist\u00eancia do homem. Por elas conseguimos fazer leituras do passado, sobre como era o clima via estudo de is\u00f3topos; saber sobre animais pret\u00e9ritos e a megafauna como as pregui\u00e7as-gigantes e sobre a ocupa\u00e7\u00e3o humana, por meio dos resqu\u00edcios de cinzas, cer\u00e2micas e pinturas rupestres, e fazer a leitura do passado\u201d, explica o bi\u00f3logo e espele\u00f3logo Ives Arnone, mestre em Zoologia e pesquisador da Funda\u00e7\u00e3o Florestal, \u00f3rg\u00e3o ligado \u00e0 Semil.<\/p>\n<p>As forma\u00e7\u00f5es parecem ter sido projetadas pela natureza para funcionarem como museus, devido a condi\u00e7\u00f5es como reten\u00e7\u00e3o de \u00e1gua e temperatura. \u201cS\u00e3o estruturas prop\u00edcias \u00e0 conserva\u00e7\u00e3o de materiais duros, como ossos, e as de pedras carbon\u00e1ticas, presentes na maioria das cavernas paulistas, permitem melhor conserva\u00e7\u00e3o por conta da temperatura e umidade constante, que se aproxima de 100%\u201d, relata.<\/p>\n<p>Gestor do Monumento Natural Estadual (Mona) Mantiqueira Paulista e ex gestor do Parque Estadual da Garganta do Diabo, Arnone tamb\u00e9m ressalta a import\u00e2ncia dos servi\u00e7os ambientais que as cavernas prestam: \u201cs\u00e3o abrigos de muitos animais que dependem desse ambiente, que vivem exclusivamente nesses locais\u201d, acrescenta.<\/p>\n<p>Arnone cita o exemplo dos trogl\u00f3bios, que geralmente s\u00e3o despigmentados, t\u00eam ap\u00eandices prolongados e redu\u00e7\u00e3o nos olhos, porque se localizam pelo olfato ou tato. \u201c\u00c9 o caso do bagre-cego, maior trogl\u00f3bio brasileiro e s\u00edmbolo do Petar, al\u00e9m de peixes pequenos, o pseudoescorpi\u00e3o, grilos e lacraias\u201d, descreve.<\/p>\n<p>As cavidades tamb\u00e9m servem de abrigo e ber\u00e7\u00e1rio para morcegos, \u201cimportadores de alimentos para esses invertebrados menores, porque levam restos de frutas e outros alimentos para dentro, sem falar nas aves que ficam na entrada da caverna, como os andorinh\u00f5es e coruja-de-igreja\u201d, completa.<\/p>\n<figure id=\"attachment_5797840\" style=\"width: 100%;max-width: 772px\" class=\"wp-caption alignnone\"><figcaption class=\"wp-caption-text\">Caverna \u00c1gua Suja<\/figcaption><\/figure>\n<\/p><\/div>\n","protected":false},"excerpt":{"rendered":"<p>&#13; Cavernas em SP Forma\u00e7\u00f5es impressionantes, esculpidas pela a\u00e7\u00e3o do vento, da \u00e1gua e do tempo, as cavernas exercem fasc\u00ednio em quem as conhece. O Estado de S\u00e3o Paulo abriga n\u00e3o apenas o segundo maior conjunto de s\u00edtios espeleol\u00f3gicos, nome cient\u00edfico para as \u00e1reas com cavidades subterr\u00e2neas naturais, como a mais conhecida \u2013 a m\u00edtica &#8230; <a title=\"S\u00e3o Paulo tem um dos maiores patrim\u00f4nios naturais em cavernas do pa\u00eds\" class=\"read-more\" href=\"https:\/\/superinteressantes.com.br\/index.php\/2024\/01\/08\/sao-paulo-tem-um-dos-maiores-patrimonios-naturais-em-cavernas-do-pais\/\" aria-label=\"More on S\u00e3o Paulo tem um dos maiores patrim\u00f4nios naturais em cavernas do pa\u00eds\">Ler mais<\/a><\/p>\n","protected":false},"author":1,"featured_media":0,"comment_status":"open","ping_status":"open","sticky":false,"template":"","format":"standard","meta":{"footnotes":""},"categories":[1],"tags":[],"class_list":["post-5517","post","type-post","status-publish","format-standard","hentry","category-sem-categoria"],"amp_enabled":true,"_links":{"self":[{"href":"https:\/\/superinteressantes.com.br\/index.php\/wp-json\/wp\/v2\/posts\/5517","targetHints":{"allow":["GET"]}}],"collection":[{"href":"https:\/\/superinteressantes.com.br\/index.php\/wp-json\/wp\/v2\/posts"}],"about":[{"href":"https:\/\/superinteressantes.com.br\/index.php\/wp-json\/wp\/v2\/types\/post"}],"author":[{"embeddable":true,"href":"https:\/\/superinteressantes.com.br\/index.php\/wp-json\/wp\/v2\/users\/1"}],"replies":[{"embeddable":true,"href":"https:\/\/superinteressantes.com.br\/index.php\/wp-json\/wp\/v2\/comments?post=5517"}],"version-history":[{"count":0,"href":"https:\/\/superinteressantes.com.br\/index.php\/wp-json\/wp\/v2\/posts\/5517\/revisions"}],"wp:attachment":[{"href":"https:\/\/superinteressantes.com.br\/index.php\/wp-json\/wp\/v2\/media?parent=5517"}],"wp:term":[{"taxonomy":"category","embeddable":true,"href":"https:\/\/superinteressantes.com.br\/index.php\/wp-json\/wp\/v2\/categories?post=5517"},{"taxonomy":"post_tag","embeddable":true,"href":"https:\/\/superinteressantes.com.br\/index.php\/wp-json\/wp\/v2\/tags?post=5517"}],"curies":[{"name":"wp","href":"https:\/\/api.w.org\/{rel}","templated":true}]}}