{"id":5369,"date":"2024-01-04T00:27:34","date_gmt":"2024-01-04T03:27:34","guid":{"rendered":"http:\/\/superinteressantes.com.br\/index.php\/2024\/01\/04\/sao-jose-abre-chamamentos-para-gestao-de-sete-unidades-de-saude\/"},"modified":"2024-01-04T00:27:34","modified_gmt":"2024-01-04T03:27:34","slug":"sao-jose-abre-chamamentos-para-gestao-de-sete-unidades-de-saude","status":"publish","type":"post","link":"https:\/\/superinteressantes.com.br\/index.php\/2024\/01\/04\/sao-jose-abre-chamamentos-para-gestao-de-sete-unidades-de-saude\/","title":{"rendered":"S\u00e3o Jos\u00e9 abre chamamentos para gest\u00e3o de sete unidades de sa\u00fade"},"content":{"rendered":"<p><\/p>\n<div>\n<p><b>Cl\u00e1udio Souza<\/b><br \/>&#13;<br \/>\n&#13;<br \/>\n                <span style=\"font-weight: bold;\">Secretaria de Sa\u00fade<\/span><\/p>\n<p><span style=\"font-weight: 400;\">A Prefeitura de S\u00e3o Jos\u00e9 dos Campos lan\u00e7ou tr\u00eas chamamentos p\u00fablicos para contrata\u00e7\u00e3o de OSS (organiza\u00e7\u00f5es sociais de sa\u00fade) que v\u00e3o administrar sete unidades de sa\u00fade, localizadas nas regi\u00f5es sul, sudeste e norte.<\/span><\/p>\n<p><span style=\"font-weight: 400;\">Elas substituir\u00e3o o INCS (Instituto Nacional de Ci\u00eancias da Sa\u00fade), que no m\u00eas passado solicitou a antecipa\u00e7\u00e3o do fim dos tr\u00eas contratos que mantinha com a Administra\u00e7\u00e3o Municipal devido \u00e0s dificuldades financeiras que enfrenta atualmente.<\/span><\/p>\n<p><span style=\"font-weight: 400;\">Desde o dia 14 de dezembro, as sete unidades est\u00e3o sob interven\u00e7\u00e3o administrativa. Juntas, elas atendem, em m\u00e9dia, 40.488 pessoas por m\u00eas.<\/span><\/p>\n<p><span style=\"font-weight: 400;\">A medida, que persistir\u00e1 at\u00e9 a contrata\u00e7\u00e3o das novas gestoras, tem como objetivo garantir a manuten\u00e7\u00e3o do atendimento prestado \u00e0 popula\u00e7\u00e3o com qualidade e agilidade em servi\u00e7os \u2013 como consultas, exames e abastecimento de materiais e medicamentos \u2013 e assegurar o pagamento dos sal\u00e1rios dos funcion\u00e1rios.<\/span><\/p>\n<p><span style=\"font-weight: 400;\">Os editais dos tr\u00eas chamamentos p\u00fablicos est\u00e3o dispon\u00edveis para consulta na <\/span><span style=\"font-weight: 400;\">p\u00e1gina de licita\u00e7\u00f5es<\/span><span style=\"font-weight: 400;\">. Todos os contratos ter\u00e3o dura\u00e7\u00e3o de 5 anos.<\/span><\/p>\n<p><span class=\"intertitulo\">Cronograma<\/span><\/p>\n<table border=\"0\">&#13;<\/p>\n<tbody>&#13;<\/p>\n<tr>&#13;<\/p>\n<td>&#13;<\/p>\n<p><strong>Unidade de sa\u00fade<\/strong><\/p>\n<p>&#13;\n<\/td>\n<p>&#13;<\/p>\n<td>&#13;<\/p>\n<p><strong>Abertura da sess\u00e3o p\u00fablica<\/strong><\/p>\n<p>&#13;\n<\/td>\n<p>&#13;<\/p>\n<td>&#13;<\/p>\n<p><strong>Valor de refer\u00eancia<\/strong><\/p>\n<p>&#13;\n<\/td>\n<p>&#13;<br \/>\n<\/tr>\n<p>&#13;<\/p>\n<tr>&#13;<\/p>\n<td>&#13;<\/p>\n<p><span style=\"font-weight: 400;\">\u2022 UPA Campo dos Alem\u00e3es<\/span><\/p>\n<p>&#13;\n<\/td>\n<p>&#13;<\/p>\n<td>&#13;<\/p>\n<p><span style=\"font-weight: 400;\">1\u00ba de fevereiro<\/span><\/p>\n<p>&#13;\n<\/td>\n<p>&#13;<\/p>\n<td>&#13;<\/p>\n<p><span style=\"font-weight: 400;\">R$ 135.977.520<\/span><\/p>\n<p>&#13;\n<\/td>\n<p>&#13;<br \/>\n<\/tr>\n<p>&#13;<\/p>\n<tr>&#13;<\/p>\n<td>&#13;<\/p>\n<p><span style=\"font-weight: 400;\">\u2022 UPA Putim<\/span><\/p>\n<p>&#13;\n<\/td>\n<p>&#13;<\/p>\n<td>&#13;<\/p>\n<p><span style=\"font-weight: 400;\">2 de fevereiro<\/span><\/p>\n<p>&#13;\n<\/td>\n<p>&#13;<\/p>\n<td>&#13;<\/p>\n<p><span style=\"font-weight: 400;\">R$ 110.699.160<\/span><\/p>\n<p>&#13;\n<\/td>\n<p>&#13;<br \/>\n<\/tr>\n<p>&#13;<\/p>\n<tr>&#13;<\/p>\n<td>&#13;<\/p>\n<p><span style=\"font-weight: 400;\">\u2022 UPA Alto da Ponte<br \/><\/span><span style=\"font-weight: 400;\">\u2022 UBS Resolve Alto da Ponte<br \/>\u2022 UBS Resolve Santana<br \/>\u2022 UBS Resolve Altos de Santana<br \/>\u2022 UBS Resolve Jardim Telespark<\/span><\/p>\n<p>&#13;\n<\/td>\n<p>&#13;<\/p>\n<td>&#13;<\/p>\n<p><span style=\"font-weight: 400;\">5 de fevereiro<\/span><\/p>\n<p>&#13;\n<\/td>\n<p>&#13;<\/p>\n<td>&#13;<\/p>\n<p><span style=\"font-weight: 400;\">R$ 191.702.648<\/span><\/p>\n<p>&#13;\n<\/td>\n<p>&#13;<br \/>\n<\/tr>\n<p>&#13;<br \/>\n<\/tbody>\n<p>&#13;<br \/>\n<\/table>\n<p>&#13;<br \/>\n                        <strong>MAIS NOT\u00cdCIAS<\/strong><br \/>&#13;<br \/>\n                        Secretaria de Sa\u00fade&#13;\n                    <\/p>\n<\/p><\/div>\n","protected":false},"excerpt":{"rendered":"<p>Cl\u00e1udio Souza&#13; &#13; Secretaria de Sa\u00fade A Prefeitura de S\u00e3o Jos\u00e9 dos Campos lan\u00e7ou tr\u00eas chamamentos p\u00fablicos para contrata\u00e7\u00e3o de OSS (organiza\u00e7\u00f5es sociais de sa\u00fade) que v\u00e3o administrar sete unidades de sa\u00fade, localizadas nas regi\u00f5es sul, sudeste e norte. Elas substituir\u00e3o o INCS (Instituto Nacional de Ci\u00eancias da Sa\u00fade), que no m\u00eas passado solicitou a &#8230; <a title=\"S\u00e3o Jos\u00e9 abre chamamentos para gest\u00e3o de sete unidades de sa\u00fade\" class=\"read-more\" href=\"https:\/\/superinteressantes.com.br\/index.php\/2024\/01\/04\/sao-jose-abre-chamamentos-para-gestao-de-sete-unidades-de-saude\/\" aria-label=\"More on S\u00e3o Jos\u00e9 abre chamamentos para gest\u00e3o de sete unidades de sa\u00fade\">Ler mais<\/a><\/p>\n","protected":false},"author":1,"featured_media":0,"comment_status":"open","ping_status":"open","sticky":false,"template":"","format":"standard","meta":{"footnotes":""},"categories":[1],"tags":[],"class_list":["post-5369","post","type-post","status-publish","format-standard","hentry","category-sem-categoria"],"amp_enabled":true,"_links":{"self":[{"href":"https:\/\/superinteressantes.com.br\/index.php\/wp-json\/wp\/v2\/posts\/5369","targetHints":{"allow":["GET"]}}],"collection":[{"href":"https:\/\/superinteressantes.com.br\/index.php\/wp-json\/wp\/v2\/posts"}],"about":[{"href":"https:\/\/superinteressantes.com.br\/index.php\/wp-json\/wp\/v2\/types\/post"}],"author":[{"embeddable":true,"href":"https:\/\/superinteressantes.com.br\/index.php\/wp-json\/wp\/v2\/users\/1"}],"replies":[{"embeddable":true,"href":"https:\/\/superinteressantes.com.br\/index.php\/wp-json\/wp\/v2\/comments?post=5369"}],"version-history":[{"count":0,"href":"https:\/\/superinteressantes.com.br\/index.php\/wp-json\/wp\/v2\/posts\/5369\/revisions"}],"wp:attachment":[{"href":"https:\/\/superinteressantes.com.br\/index.php\/wp-json\/wp\/v2\/media?parent=5369"}],"wp:term":[{"taxonomy":"category","embeddable":true,"href":"https:\/\/superinteressantes.com.br\/index.php\/wp-json\/wp\/v2\/categories?post=5369"},{"taxonomy":"post_tag","embeddable":true,"href":"https:\/\/superinteressantes.com.br\/index.php\/wp-json\/wp\/v2\/tags?post=5369"}],"curies":[{"name":"wp","href":"https:\/\/api.w.org\/{rel}","templated":true}]}}